{"id":13173,"date":"2025-09-22T11:30:06","date_gmt":"2025-09-22T09:30:06","guid":{"rendered":"https:\/\/agora.xtec.cat\/iessantaeugenia\/?p=13173"},"modified":"2025-09-19T11:56:54","modified_gmt":"2025-09-19T09:56:54","slug":"sortida-de-cohesio-de-1r-deso","status":"publish","type":"post","link":"https:\/\/agora.xtec.cat\/iessantaeugenia\/general\/sortida-de-cohesio-de-1r-deso\/","title":{"rendered":"Sortida de cohesi\u00f3 de 1r d\u2019ESO"},"content":{"rendered":"<p><span style=\"font-weight: 400;\">El passat dimecres 17 de setembre els alumnes de 1r d\u2019ESO van fer la sortida de cohesi\u00f3 a la casa de col\u00f2nies Can Putxet de Sant Celoni.<\/span><\/p>\n<p><span style=\"font-weight: 400;\">Durant el mat\u00ed, els alumnes van fer una cursa d\u2019orientaci\u00f3, seguits de diversos reptes, envoltats de natura.<\/span><\/p>\n<p><span style=\"font-weight: 400;\">L\u2019objectiu de la sortida era que els alumnes es coneguessin entre ells en un ambient m\u00e9s dist\u00e8s, i que a la vegada practiquessin activitat f\u00edsica.<\/span><\/p>\n<p><a href=\"https:\/\/agora.xtec.cat\/iessantaeugenia\/wp-content\/uploads\/usu1801\/2025\/09\/sortida-ins-santa-eugenia-01.jpg\"><img loading=\"lazy\" decoding=\"async\" class=\"alignnone wp-image-13174\" src=\"https:\/\/agora.xtec.cat\/iessantaeugenia\/wp-content\/uploads\/usu1801\/2025\/09\/sortida-ins-santa-eugenia-01-1024x1024.jpg\" alt=\"\" width=\"400\" height=\"400\" srcset=\"https:\/\/agora.xtec.cat\/iessantaeugenia\/wp-content\/uploads\/usu1801\/2025\/09\/sortida-ins-santa-eugenia-01-1024x1024.jpg 1024w, https:\/\/agora.xtec.cat\/iessantaeugenia\/wp-content\/uploads\/usu1801\/2025\/09\/sortida-ins-santa-eugenia-01-300x300.jpg 300w, https:\/\/agora.xtec.cat\/iessantaeugenia\/wp-content\/uploads\/usu1801\/2025\/09\/sortida-ins-santa-eugenia-01-150x150.jpg 150w, https:\/\/agora.xtec.cat\/iessantaeugenia\/wp-content\/uploads\/usu1801\/2025\/09\/sortida-ins-santa-eugenia-01-768x768.jpg 768w, https:\/\/agora.xtec.cat\/iessantaeugenia\/wp-content\/uploads\/usu1801\/2025\/09\/sortida-ins-santa-eugenia-01.jpg 1080w\" sizes=\"auto, (max-width: 400px) 100vw, 400px\" \/>\u00a0\u00a0<\/a> <a href=\"https:\/\/agora.xtec.cat\/iessantaeugenia\/wp-content\/uploads\/usu1801\/2025\/09\/sortida-ins-santa-eugenia-02.jpg\"><img loading=\"lazy\" decoding=\"async\" class=\"alignnone wp-image-13175\" src=\"https:\/\/agora.xtec.cat\/iessantaeugenia\/wp-content\/uploads\/usu1801\/2025\/09\/sortida-ins-santa-eugenia-02-1024x1024.jpg\" alt=\"\" width=\"400\" height=\"400\" srcset=\"https:\/\/agora.xtec.cat\/iessantaeugenia\/wp-content\/uploads\/usu1801\/2025\/09\/sortida-ins-santa-eugenia-02-1024x1024.jpg 1024w, https:\/\/agora.xtec.cat\/iessantaeugenia\/wp-content\/uploads\/usu1801\/2025\/09\/sortida-ins-santa-eugenia-02-300x300.jpg 300w, https:\/\/agora.xtec.cat\/iessantaeugenia\/wp-content\/uploads\/usu1801\/2025\/09\/sortida-ins-santa-eugenia-02-150x150.jpg 150w, https:\/\/agora.xtec.cat\/iessantaeugenia\/wp-content\/uploads\/usu1801\/2025\/09\/sortida-ins-santa-eugenia-02-768x768.jpg 768w, https:\/\/agora.xtec.cat\/iessantaeugenia\/wp-content\/uploads\/usu1801\/2025\/09\/sortida-ins-santa-eugenia-02.jpg 1080w\" sizes=\"auto, (max-width: 400px) 100vw, 400px\" \/>\u00a0\u00a0<\/a><\/p>\n<p><a href=\"https:\/\/agora.xtec.cat\/iessantaeugenia\/wp-content\/uploads\/usu1801\/2025\/09\/sortida-ins-santa-eugenia-04.jpg\"><img loading=\"lazy\" decoding=\"async\" class=\"alignnone wp-image-13176\" src=\"https:\/\/agora.xtec.cat\/iessantaeugenia\/wp-content\/uploads\/usu1801\/2025\/09\/sortida-ins-santa-eugenia-04-1024x1024.jpg\" alt=\"\" width=\"400\" height=\"400\" srcset=\"https:\/\/agora.xtec.cat\/iessantaeugenia\/wp-content\/uploads\/usu1801\/2025\/09\/sortida-ins-santa-eugenia-04-1024x1024.jpg 1024w, https:\/\/agora.xtec.cat\/iessantaeugenia\/wp-content\/uploads\/usu1801\/2025\/09\/sortida-ins-santa-eugenia-04-300x300.jpg 300w, https:\/\/agora.xtec.cat\/iessantaeugenia\/wp-content\/uploads\/usu1801\/2025\/09\/sortida-ins-santa-eugenia-04-150x150.jpg 150w, https:\/\/agora.xtec.cat\/iessantaeugenia\/wp-content\/uploads\/usu1801\/2025\/09\/sortida-ins-santa-eugenia-04-768x768.jpg 768w, https:\/\/agora.xtec.cat\/iessantaeugenia\/wp-content\/uploads\/usu1801\/2025\/09\/sortida-ins-santa-eugenia-04.jpg 1080w\" sizes=\"auto, (max-width: 400px) 100vw, 400px\" \/><\/a> \u00a0\u00a0<a href=\"https:\/\/agora.xtec.cat\/iessantaeugenia\/wp-content\/uploads\/usu1801\/2025\/09\/sortida-ins-santa-eugenia-06.jpg\"><img loading=\"lazy\" decoding=\"async\" class=\"alignnone wp-image-13177\" src=\"https:\/\/agora.xtec.cat\/iessantaeugenia\/wp-content\/uploads\/usu1801\/2025\/09\/sortida-ins-santa-eugenia-06-1024x1024.jpg\" alt=\"\" width=\"400\" height=\"400\" srcset=\"https:\/\/agora.xtec.cat\/iessantaeugenia\/wp-content\/uploads\/usu1801\/2025\/09\/sortida-ins-santa-eugenia-06-1024x1024.jpg 1024w, https:\/\/agora.xtec.cat\/iessantaeugenia\/wp-content\/uploads\/usu1801\/2025\/09\/sortida-ins-santa-eugenia-06-300x300.jpg 300w, https:\/\/agora.xtec.cat\/iessantaeugenia\/wp-content\/uploads\/usu1801\/2025\/09\/sortida-ins-santa-eugenia-06-150x150.jpg 150w, https:\/\/agora.xtec.cat\/iessantaeugenia\/wp-content\/uploads\/usu1801\/2025\/09\/sortida-ins-santa-eugenia-06-768x768.jpg 768w, https:\/\/agora.xtec.cat\/iessantaeugenia\/wp-content\/uploads\/usu1801\/2025\/09\/sortida-ins-santa-eugenia-06.jpg 1080w\" sizes=\"auto, (max-width: 400px) 100vw, 400px\" \/><\/a><\/p>\n","protected":false},"excerpt":{"rendered":"<p>El passat dimecres 17 de setembre els alumnes de 1r d\u2019ESO van fer la sortida de cohesi\u00f3 a la casa de col\u00f2nies Can Putxet de Sant Celoni.<br \/>\nDurant el mat\u00ed, els alumnes van fer una cursa d\u2019orientaci\u00f3, seguits de diversos reptes, envoltats de natura.<br \/>\nL\u2019objectiu de la&hellip;  <a href=\"https:\/\/agora.xtec.cat\/iessantaeugenia\/general\/sortida-de-cohesio-de-1r-deso\/\" title=\"Read Sortida de cohesi\u00f3 de 1r d\u2019ESO\">Llegeix m\u00e9s\u00bb<\/a><\/p>\n","protected":false},"author":1,"featured_media":13178,"comment_status":"closed","ping_status":"open","sticky":false,"template":"","format":"standard","meta":{"_bbp_topic_count":0,"_bbp_reply_count":0,"_bbp_total_topic_count":0,"_bbp_total_reply_count":0,"_bbp_voice_count":0,"_bbp_anonymous_reply_count":0,"_bbp_topic_count_hidden":0,"_bbp_reply_count_hidden":0,"_bbp_forum_subforum_count":0,"footnotes":""},"categories":[120,1,29],"tags":[],"class_list":["post-13173","post","type-post","status-publish","format-standard","has-post-thumbnail","hentry","category-eso","category-general","category-portada"],"post_mailing_queue_ids":[],"_links":{"self":[{"href":"https:\/\/agora.xtec.cat\/iessantaeugenia\/wp-json\/wp\/v2\/posts\/13173","targetHints":{"allow":["GET"]}}],"collection":[{"href":"https:\/\/agora.xtec.cat\/iessantaeugenia\/wp-json\/wp\/v2\/posts"}],"about":[{"href":"https:\/\/agora.xtec.cat\/iessantaeugenia\/wp-json\/wp\/v2\/types\/post"}],"author":[{"embeddable":true,"href":"https:\/\/agora.xtec.cat\/iessantaeugenia\/wp-json\/wp\/v2\/users\/1"}],"replies":[{"embeddable":true,"href":"https:\/\/agora.xtec.cat\/iessantaeugenia\/wp-json\/wp\/v2\/comments?post=13173"}],"version-history":[{"count":2,"href":"https:\/\/agora.xtec.cat\/iessantaeugenia\/wp-json\/wp\/v2\/posts\/13173\/revisions"}],"predecessor-version":[{"id":13180,"href":"https:\/\/agora.xtec.cat\/iessantaeugenia\/wp-json\/wp\/v2\/posts\/13173\/revisions\/13180"}],"wp:featuredmedia":[{"embeddable":true,"href":"https:\/\/agora.xtec.cat\/iessantaeugenia\/wp-json\/wp\/v2\/media\/13178"}],"wp:attachment":[{"href":"https:\/\/agora.xtec.cat\/iessantaeugenia\/wp-json\/wp\/v2\/media?parent=13173"}],"wp:term":[{"taxonomy":"category","embeddable":true,"href":"https:\/\/agora.xtec.cat\/iessantaeugenia\/wp-json\/wp\/v2\/categories?post=13173"},{"taxonomy":"post_tag","embeddable":true,"href":"https:\/\/agora.xtec.cat\/iessantaeugenia\/wp-json\/wp\/v2\/tags?post=13173"}],"curies":[{"name":"wp","href":"https:\/\/api.w.org\/{rel}","templated":true}]}}