{"id":13004,"date":"2025-07-26T10:00:47","date_gmt":"2025-07-26T08:00:47","guid":{"rendered":"https:\/\/agora.xtec.cat\/iessantaeugenia\/?p=13004"},"modified":"2025-07-26T09:23:34","modified_gmt":"2025-07-26T07:23:34","slug":"tancament-del-centre-durant-el-mes-dagost","status":"publish","type":"post","link":"https:\/\/agora.xtec.cat\/iessantaeugenia\/general\/tancament-del-centre-durant-el-mes-dagost\/","title":{"rendered":"Tancament del centre durant el mes d\u2019agost"},"content":{"rendered":"<p><span style=\"font-weight: 400;\">Us recordem que durant el mes d\u2019agost l\u2019Institut Santa Eug\u00e8nia romandr\u00e0 tancat. Recomanem avan\u00e7ar qualsevol gesti\u00f3 amb la secretaria del centre, que oferir\u00e0 atenci\u00f3 fins a les 13 h del dijous 31 de juliol.<\/span><\/p>\n<p><span style=\"font-weight: 400;\">El Personal d\u2019Administraci\u00f3 i Serveis (PAS), el professorat i la resta de professionals reprendrem l\u2019activitat administrativa i de preparaci\u00f3 del curs 2025-26 a partir del dilluns 1 de setembre.<\/span><\/p>\n<p><span style=\"font-weight: 400;\">Us desitgem molt bones vacances d\u2019estiu!<\/span><\/p>\n<p><a href=\"https:\/\/agora.xtec.cat\/iessantaeugenia\/wp-content\/uploads\/usu1801\/2025\/07\/logo-ins-santa-eugenia-3d-01.jpg\"><img loading=\"lazy\" decoding=\"async\" class=\"alignnone wp-image-13005\" src=\"https:\/\/agora.xtec.cat\/iessantaeugenia\/wp-content\/uploads\/usu1801\/2025\/07\/logo-ins-santa-eugenia-3d-01-1024x1024.jpg\" alt=\"\" width=\"400\" height=\"400\" srcset=\"https:\/\/agora.xtec.cat\/iessantaeugenia\/wp-content\/uploads\/usu1801\/2025\/07\/logo-ins-santa-eugenia-3d-01-1024x1024.jpg 1024w, https:\/\/agora.xtec.cat\/iessantaeugenia\/wp-content\/uploads\/usu1801\/2025\/07\/logo-ins-santa-eugenia-3d-01-300x300.jpg 300w, https:\/\/agora.xtec.cat\/iessantaeugenia\/wp-content\/uploads\/usu1801\/2025\/07\/logo-ins-santa-eugenia-3d-01-150x150.jpg 150w, https:\/\/agora.xtec.cat\/iessantaeugenia\/wp-content\/uploads\/usu1801\/2025\/07\/logo-ins-santa-eugenia-3d-01-768x768.jpg 768w, https:\/\/agora.xtec.cat\/iessantaeugenia\/wp-content\/uploads\/usu1801\/2025\/07\/logo-ins-santa-eugenia-3d-01.jpg 1080w\" sizes=\"auto, (max-width: 400px) 100vw, 400px\" \/><\/a><\/p>\n","protected":false},"excerpt":{"rendered":"<p>Us recordem que durant el mes d\u2019agost l\u2019Institut Santa Eug\u00e8nia romandr\u00e0 tancat. Recomanem avan\u00e7ar qualsevol gesti\u00f3 amb la secretaria del centre, que oferir\u00e0 atenci\u00f3 fins a les 13 h del dijous 31 de juliol.<br \/>\nEl Personal d\u2019Administraci\u00f3 i Serveis (PAS), el professorat i la resta de&hellip;  <a href=\"https:\/\/agora.xtec.cat\/iessantaeugenia\/general\/tancament-del-centre-durant-el-mes-dagost\/\" title=\"Read Tancament del centre durant el mes d\u2019agost\">Llegeix m\u00e9s\u00bb<\/a><\/p>\n","protected":false},"author":1,"featured_media":13006,"comment_status":"closed","ping_status":"open","sticky":false,"template":"","format":"standard","meta":{"_bbp_topic_count":0,"_bbp_reply_count":0,"_bbp_total_topic_count":0,"_bbp_total_reply_count":0,"_bbp_voice_count":0,"_bbp_anonymous_reply_count":0,"_bbp_topic_count_hidden":0,"_bbp_reply_count_hidden":0,"_bbp_forum_subforum_count":0,"footnotes":""},"categories":[1,29],"tags":[],"class_list":["post-13004","post","type-post","status-publish","format-standard","has-post-thumbnail","hentry","category-general","category-portada"],"post_mailing_queue_ids":[],"_links":{"self":[{"href":"https:\/\/agora.xtec.cat\/iessantaeugenia\/wp-json\/wp\/v2\/posts\/13004","targetHints":{"allow":["GET"]}}],"collection":[{"href":"https:\/\/agora.xtec.cat\/iessantaeugenia\/wp-json\/wp\/v2\/posts"}],"about":[{"href":"https:\/\/agora.xtec.cat\/iessantaeugenia\/wp-json\/wp\/v2\/types\/post"}],"author":[{"embeddable":true,"href":"https:\/\/agora.xtec.cat\/iessantaeugenia\/wp-json\/wp\/v2\/users\/1"}],"replies":[{"embeddable":true,"href":"https:\/\/agora.xtec.cat\/iessantaeugenia\/wp-json\/wp\/v2\/comments?post=13004"}],"version-history":[{"count":1,"href":"https:\/\/agora.xtec.cat\/iessantaeugenia\/wp-json\/wp\/v2\/posts\/13004\/revisions"}],"predecessor-version":[{"id":13007,"href":"https:\/\/agora.xtec.cat\/iessantaeugenia\/wp-json\/wp\/v2\/posts\/13004\/revisions\/13007"}],"wp:featuredmedia":[{"embeddable":true,"href":"https:\/\/agora.xtec.cat\/iessantaeugenia\/wp-json\/wp\/v2\/media\/13006"}],"wp:attachment":[{"href":"https:\/\/agora.xtec.cat\/iessantaeugenia\/wp-json\/wp\/v2\/media?parent=13004"}],"wp:term":[{"taxonomy":"category","embeddable":true,"href":"https:\/\/agora.xtec.cat\/iessantaeugenia\/wp-json\/wp\/v2\/categories?post=13004"},{"taxonomy":"post_tag","embeddable":true,"href":"https:\/\/agora.xtec.cat\/iessantaeugenia\/wp-json\/wp\/v2\/tags?post=13004"}],"curies":[{"name":"wp","href":"https:\/\/api.w.org\/{rel}","templated":true}]}}