{"id":12997,"date":"2025-07-22T12:02:12","date_gmt":"2025-07-22T10:02:12","guid":{"rendered":"https:\/\/agora.xtec.cat\/iessantaeugenia\/?p=12997"},"modified":"2025-11-03T16:35:29","modified_gmt":"2025-11-03T15:35:29","slug":"formacions-destiu-per-al-nostre-professorat","status":"publish","type":"post","link":"https:\/\/agora.xtec.cat\/iessantaeugenia\/general\/formacions-destiu-per-al-nostre-professorat\/","title":{"rendered":"Formacions d\u2019estiu per al nostre professorat"},"content":{"rendered":"<p><span style=\"font-weight: 400;\">Un cop finalitzat el curs, el professorat d\u2019ESO, batxillerat i cicles formatius aprofita l\u2019estiu per actualitzar coneixements i fer formacions diverses. Sovint es tracta de formacions que cada docent escull segons les assignatures que imparteix, i que es realitzen en l\u00ednia, en organismes externs o al mateix institut.<\/span><\/p>\n<p><span style=\"font-weight: 400;\">Aquest estiu, alguns departaments del nostre centre han organitzat formacions conjuntes per als seus membres. El primer a fer-ho ha estat el departament d\u2019Arts Gr\u00e0fiques, que al mes de juny ha completat un curs de 30 hores sobre pressupostos gr\u00e0fics. Aquesta formaci\u00f3 ha perm\u00e8s aprofundir en els costos associats a la producci\u00f3 gr\u00e0fica per tal d\u2019elaborar pressupostos industrials i dissenyar ofertes adaptades als diferents tipus de client.<\/span><\/p>\n<p><span style=\"font-weight: 400;\">D\u2019altra banda, els departaments de Comer\u00e7 i M\u00e0rqueting i d\u2019Edificaci\u00f3 i Obra Civil han realitzat conjuntament un curs de 30 hores sobre 3D i Metaretail. En aquesta formaci\u00f3 han explorat eines de programari per a la creaci\u00f3 d\u2019objectes i espais virtuals, i han aprofundit en la seva aplicaci\u00f3 en \u00e0mbits com el comer\u00e7, l\u2019emmagatzematge i el disseny d\u2019interiors.<\/span><\/p>\n<p>El curs de Metaretail s&#8217;ha fet amb els fons de l&#8217;aula ATECA del nostre centre. Entre setembre i novembre es faran noves formacions finan\u00e7ades amb aquests fons, entre les quals una ser\u00e0 sobre treball col\u00b7laboratiu en servidors propis, una de simuladors de realitat virtual i, finalment, una sobre gravadores 3D.<\/p>\n<p><span style=\"font-weight: 400;\">Formacions com aquestes s\u00f3n fonamentals per mantenir el nostre professorat a l\u2019avantguarda dels canvis constants tant en el sector professional com en l\u2019\u00e0mbit educatiu.<\/span><\/p>\n<p><a href=\"https:\/\/agora.xtec.cat\/iessantaeugenia\/wp-content\/uploads\/usu1801\/2025\/07\/pressupostos-grafics-01.jpg\"><img loading=\"lazy\" decoding=\"async\" class=\"alignnone wp-image-12998\" src=\"https:\/\/agora.xtec.cat\/iessantaeugenia\/wp-content\/uploads\/usu1801\/2025\/07\/pressupostos-grafics-01-1024x1024.jpg\" alt=\"\" width=\"400\" height=\"400\" srcset=\"https:\/\/agora.xtec.cat\/iessantaeugenia\/wp-content\/uploads\/usu1801\/2025\/07\/pressupostos-grafics-01-1024x1024.jpg 1024w, https:\/\/agora.xtec.cat\/iessantaeugenia\/wp-content\/uploads\/usu1801\/2025\/07\/pressupostos-grafics-01-300x300.jpg 300w, https:\/\/agora.xtec.cat\/iessantaeugenia\/wp-content\/uploads\/usu1801\/2025\/07\/pressupostos-grafics-01-150x150.jpg 150w, https:\/\/agora.xtec.cat\/iessantaeugenia\/wp-content\/uploads\/usu1801\/2025\/07\/pressupostos-grafics-01-768x768.jpg 768w, https:\/\/agora.xtec.cat\/iessantaeugenia\/wp-content\/uploads\/usu1801\/2025\/07\/pressupostos-grafics-01.jpg 1080w\" sizes=\"auto, (max-width: 400px) 100vw, 400px\" \/>\u00a0 <\/a><a href=\"https:\/\/agora.xtec.cat\/iessantaeugenia\/wp-content\/uploads\/usu1801\/2025\/07\/curs-3d-06.jpg\"><img loading=\"lazy\" decoding=\"async\" class=\"alignnone wp-image-13000\" src=\"https:\/\/agora.xtec.cat\/iessantaeugenia\/wp-content\/uploads\/usu1801\/2025\/07\/curs-3d-06-1024x1024.jpg\" alt=\"\" width=\"400\" height=\"400\" srcset=\"https:\/\/agora.xtec.cat\/iessantaeugenia\/wp-content\/uploads\/usu1801\/2025\/07\/curs-3d-06-1024x1024.jpg 1024w, https:\/\/agora.xtec.cat\/iessantaeugenia\/wp-content\/uploads\/usu1801\/2025\/07\/curs-3d-06-300x300.jpg 300w, https:\/\/agora.xtec.cat\/iessantaeugenia\/wp-content\/uploads\/usu1801\/2025\/07\/curs-3d-06-150x150.jpg 150w, https:\/\/agora.xtec.cat\/iessantaeugenia\/wp-content\/uploads\/usu1801\/2025\/07\/curs-3d-06-768x768.jpg 768w, https:\/\/agora.xtec.cat\/iessantaeugenia\/wp-content\/uploads\/usu1801\/2025\/07\/curs-3d-06.jpg 1080w\" sizes=\"auto, (max-width: 400px) 100vw, 400px\" \/><\/a><\/p>\n<p><a href=\"https:\/\/agora.xtec.cat\/iessantaeugenia\/wp-content\/uploads\/usu1801\/2025\/07\/LOGOTIPS-I-FRASE-MRR23-red-scaled.jpg\"><img loading=\"lazy\" decoding=\"async\" class=\"alignnone wp-image-13319\" src=\"https:\/\/agora.xtec.cat\/iessantaeugenia\/wp-content\/uploads\/usu1801\/2025\/07\/LOGOTIPS-I-FRASE-MRR23-red-1024x125.jpg\" alt=\"\" width=\"785\" height=\"96\" srcset=\"https:\/\/agora.xtec.cat\/iessantaeugenia\/wp-content\/uploads\/usu1801\/2025\/07\/LOGOTIPS-I-FRASE-MRR23-red-1024x125.jpg 1024w, https:\/\/agora.xtec.cat\/iessantaeugenia\/wp-content\/uploads\/usu1801\/2025\/07\/LOGOTIPS-I-FRASE-MRR23-red-300x37.jpg 300w, https:\/\/agora.xtec.cat\/iessantaeugenia\/wp-content\/uploads\/usu1801\/2025\/07\/LOGOTIPS-I-FRASE-MRR23-red-768x94.jpg 768w, https:\/\/agora.xtec.cat\/iessantaeugenia\/wp-content\/uploads\/usu1801\/2025\/07\/LOGOTIPS-I-FRASE-MRR23-red-1536x188.jpg 1536w, https:\/\/agora.xtec.cat\/iessantaeugenia\/wp-content\/uploads\/usu1801\/2025\/07\/LOGOTIPS-I-FRASE-MRR23-red-2048x251.jpg 2048w\" sizes=\"auto, (max-width: 785px) 100vw, 785px\" \/><\/a><\/p>\n","protected":false},"excerpt":{"rendered":"<p>Un cop finalitzat el curs, el professorat d\u2019ESO, batxillerat i cicles formatius aprofita l\u2019estiu per actualitzar coneixements i fer formacions diverses. Sovint es tracta de formacions que cada docent escull segons les assignatures que imparteix, i que es realitzen en l\u00ednia, en organismes externs o&hellip;  <a href=\"https:\/\/agora.xtec.cat\/iessantaeugenia\/general\/formacions-destiu-per-al-nostre-professorat\/\" title=\"Read Formacions d\u2019estiu per al nostre professorat\">Llegeix m\u00e9s\u00bb<\/a><\/p>\n","protected":false},"author":1,"featured_media":12999,"comment_status":"closed","ping_status":"open","sticky":false,"template":"","format":"standard","meta":{"_bbp_topic_count":0,"_bbp_reply_count":0,"_bbp_total_topic_count":0,"_bbp_total_reply_count":0,"_bbp_voice_count":0,"_bbp_anonymous_reply_count":0,"_bbp_topic_count_hidden":0,"_bbp_reply_count_hidden":0,"_bbp_forum_subforum_count":0,"footnotes":""},"categories":[1,29],"tags":[],"class_list":["post-12997","post","type-post","status-publish","format-standard","has-post-thumbnail","hentry","category-general","category-portada"],"post_mailing_queue_ids":[],"_links":{"self":[{"href":"https:\/\/agora.xtec.cat\/iessantaeugenia\/wp-json\/wp\/v2\/posts\/12997","targetHints":{"allow":["GET"]}}],"collection":[{"href":"https:\/\/agora.xtec.cat\/iessantaeugenia\/wp-json\/wp\/v2\/posts"}],"about":[{"href":"https:\/\/agora.xtec.cat\/iessantaeugenia\/wp-json\/wp\/v2\/types\/post"}],"author":[{"embeddable":true,"href":"https:\/\/agora.xtec.cat\/iessantaeugenia\/wp-json\/wp\/v2\/users\/1"}],"replies":[{"embeddable":true,"href":"https:\/\/agora.xtec.cat\/iessantaeugenia\/wp-json\/wp\/v2\/comments?post=12997"}],"version-history":[{"count":5,"href":"https:\/\/agora.xtec.cat\/iessantaeugenia\/wp-json\/wp\/v2\/posts\/12997\/revisions"}],"predecessor-version":[{"id":13321,"href":"https:\/\/agora.xtec.cat\/iessantaeugenia\/wp-json\/wp\/v2\/posts\/12997\/revisions\/13321"}],"wp:featuredmedia":[{"embeddable":true,"href":"https:\/\/agora.xtec.cat\/iessantaeugenia\/wp-json\/wp\/v2\/media\/12999"}],"wp:attachment":[{"href":"https:\/\/agora.xtec.cat\/iessantaeugenia\/wp-json\/wp\/v2\/media?parent=12997"}],"wp:term":[{"taxonomy":"category","embeddable":true,"href":"https:\/\/agora.xtec.cat\/iessantaeugenia\/wp-json\/wp\/v2\/categories?post=12997"},{"taxonomy":"post_tag","embeddable":true,"href":"https:\/\/agora.xtec.cat\/iessantaeugenia\/wp-json\/wp\/v2\/tags?post=12997"}],"curies":[{"name":"wp","href":"https:\/\/api.w.org\/{rel}","templated":true}]}}