{"id":129,"date":"2021-09-06T16:00:29","date_gmt":"2021-09-06T14:00:29","guid":{"rendered":"http:\/\/agora.xtec.cat\/iessantaeugenia\/?p=129"},"modified":"2021-09-26T19:03:38","modified_gmt":"2021-09-26T17:03:38","slug":"noticia-4","status":"publish","type":"post","link":"https:\/\/agora.xtec.cat\/iessantaeugenia\/general\/noticia-4\/","title":{"rendered":"L&#8217;Estaci\u00f3 Espai Jove organitza una sessi\u00f3 sobre beques per a Batxillerat i cicles formatius de grau mitj\u00e0 i de grau superior"},"content":{"rendered":"<p><span style=\"font-size: medium;\">L<b>&#8216;<\/b><\/span><a href=\"https:\/\/web.girona.cat\/estacio\" target=\"_blank\" rel=\"noopener\"><b><span style=\"font-size: medium;\">Estaci\u00f3 Espai Jove<\/span><\/b><\/a><span style=\"font-size: medium;\">, servei de l&#8217;\u00e0rea de\u00a0<b>Joventut\u00a0<\/b>de l&#8217;<b>Ajuntament de Girona<\/b>, organitza una sessi\u00f3 informativa sobre beques a\u00a0<b>batxillerat\u00a0<\/b>i\u00a0<b>cicles formatius<\/b>\u00a0de grau mitj\u00e0 i de grau superior.<\/span><\/p>\n<p>La sessi\u00f3, que es fa<b>\u00a0dem\u00e0, set de setembre, a les sis de la tarda<\/b>, explicar\u00e0 els\u00a0<b>\u00f2rgans que les gestionen<\/b>, el\u00a0<b>calendari\u00a0<\/b>i el funcionament dels\u00a0<b>tr\u00e0mits\u00a0<\/b>per sol\u00b7licitar-les.<\/p>\n<p><span style=\"font-size: medium;\">La\u00a0<b>xerrada\u00a0<\/b>es realitza a la seu del servei, en el\u00a0<b>n\u00famero 17 del carrer de Santa Eug\u00e8nia<\/b>, al costat de les estacions de tren i autobusos.<\/span><\/p>\n<p>Per a\u00a0<b>assistir\u00a0<\/b>a la sessi\u00f3, gratu\u00efta, cal inscripci\u00f3 pr\u00e8via\u00a0<a href=\"https:\/\/cutt.ly\/uWTpFae\" target=\"_blank\" rel=\"noopener\"><b><span style=\"font-size: medium;\">CLICAR<\/span><\/b><\/a><\/p>\n<p>A m\u00e9s a m\u00e9s, l&#8217;Estaci\u00f3 Espai Jove difondr\u00e0 un\u00a0<b>material de suport<\/b>\u00a0per a demanar les beques.<\/p>\n<p>El manual es pot demanar a trav\u00e9s de l&#8217;adre\u00e7a de correu electr\u00f2nic\u00a0<span style=\"font-size: medium;\"><b>estacio@ajgirona.cat\u00a0<\/b>i al tel\u00e8fon<b>\u00a0972 220070<\/b><\/span><\/p>\n","protected":false},"excerpt":{"rendered":"<p>L&#8216;<a href=\"https:\/\/web.girona.cat\/estacio\" target=\"_blank\" rel=\"noopener\">Estaci\u00f3 Espai Jove<\/a>, servei de l&#8217;\u00e0rea de\u00a0Joventut\u00a0de l&#8217;Ajuntament de Girona, organitza una sessi\u00f3 informativa sobre beques a\u00a0batxillerat\u00a0i\u00a0cicles formatius\u00a0de grau mitj\u00e0 i de grau superior.<br \/>\nLa sessi\u00f3, que es fa\u00a0dem\u00e0, set de setembre, a les sis de la tarda, explicar\u00e0 els\u00a0\u00f2rgans que les gestionen,&hellip;  <a href=\"https:\/\/agora.xtec.cat\/iessantaeugenia\/general\/noticia-4\/\" title=\"Read L&#8217;Estaci\u00f3 Espai Jove organitza una sessi\u00f3 sobre beques per a Batxillerat i cicles formatius de grau mitj\u00e0 i de grau superior\">Llegeix m\u00e9s\u00bb<\/a><\/p>\n","protected":false},"author":7,"featured_media":1410,"comment_status":"open","ping_status":"closed","sticky":false,"template":"","format":"standard","meta":{"_bbp_topic_count":0,"_bbp_reply_count":0,"_bbp_total_topic_count":0,"_bbp_total_reply_count":0,"_bbp_voice_count":0,"_bbp_anonymous_reply_count":0,"_bbp_topic_count_hidden":0,"_bbp_reply_count_hidden":0,"_bbp_forum_subforum_count":0,"footnotes":""},"categories":[30,1,29],"tags":[37,38],"class_list":["post-129","post","type-post","status-publish","format-standard","has-post-thumbnail","hentry","category-cicles-formatius","category-general","category-portada","tag-audiovisuals","tag-sant-jordi"],"post_mailing_queue_ids":[],"_links":{"self":[{"href":"https:\/\/agora.xtec.cat\/iessantaeugenia\/wp-json\/wp\/v2\/posts\/129","targetHints":{"allow":["GET"]}}],"collection":[{"href":"https:\/\/agora.xtec.cat\/iessantaeugenia\/wp-json\/wp\/v2\/posts"}],"about":[{"href":"https:\/\/agora.xtec.cat\/iessantaeugenia\/wp-json\/wp\/v2\/types\/post"}],"author":[{"embeddable":true,"href":"https:\/\/agora.xtec.cat\/iessantaeugenia\/wp-json\/wp\/v2\/users\/7"}],"replies":[{"embeddable":true,"href":"https:\/\/agora.xtec.cat\/iessantaeugenia\/wp-json\/wp\/v2\/comments?post=129"}],"version-history":[{"count":3,"href":"https:\/\/agora.xtec.cat\/iessantaeugenia\/wp-json\/wp\/v2\/posts\/129\/revisions"}],"predecessor-version":[{"id":1411,"href":"https:\/\/agora.xtec.cat\/iessantaeugenia\/wp-json\/wp\/v2\/posts\/129\/revisions\/1411"}],"wp:featuredmedia":[{"embeddable":true,"href":"https:\/\/agora.xtec.cat\/iessantaeugenia\/wp-json\/wp\/v2\/media\/1410"}],"wp:attachment":[{"href":"https:\/\/agora.xtec.cat\/iessantaeugenia\/wp-json\/wp\/v2\/media?parent=129"}],"wp:term":[{"taxonomy":"category","embeddable":true,"href":"https:\/\/agora.xtec.cat\/iessantaeugenia\/wp-json\/wp\/v2\/categories?post=129"},{"taxonomy":"post_tag","embeddable":true,"href":"https:\/\/agora.xtec.cat\/iessantaeugenia\/wp-json\/wp\/v2\/tags?post=129"}],"curies":[{"name":"wp","href":"https:\/\/api.w.org\/{rel}","templated":true}]}}