{"id":12845,"date":"2025-06-28T10:00:25","date_gmt":"2025-06-28T08:00:25","guid":{"rendered":"https:\/\/agora.xtec.cat\/iessantaeugenia\/?p=12845"},"modified":"2025-06-27T01:06:52","modified_gmt":"2025-06-26T23:06:52","slug":"sortida-final-de-curs-a-banyoles-amb-activitats-al-medi-natural","status":"publish","type":"post","link":"https:\/\/agora.xtec.cat\/iessantaeugenia\/general\/sortida-final-de-curs-a-banyoles-amb-activitats-al-medi-natural\/","title":{"rendered":"Sortida final de curs a Banyoles amb activitats al medi natural"},"content":{"rendered":"<p><span style=\"font-weight: 400;\">L\u2019alumnat de 2n d\u2019ESO ha participat en la sortida final de curs organitzada pel departament d\u2019Educaci\u00f3 F\u00edsica, en un entorn privilegiat com \u00e9s Banyoles.<\/span><\/p>\n<p><span style=\"font-weight: 400;\">Durant la jornada, van poder practicar diferents activitats f\u00edsiques al medi natural com <\/span><b>caiac, BTT, tir amb arc, futbol i voleibol<\/b><span style=\"font-weight: 400;\">, repartides entre les instal\u00b7lacions del <\/span><b>Club Nataci\u00f3 Banyoles<\/b><span style=\"font-weight: 400;\"> i el <\/span><b>parc de la Draga<\/b><span style=\"font-weight: 400;\">.<\/span><\/p>\n<p><span style=\"font-weight: 400;\">Volem felicitar tot l\u2019alumnat per la seva actitud positiva, el bon comportament i l\u2019esperit de grup que van mostrar al llarg del dia. Una manera immillorable de tancar el curs!<\/span><\/p>\n<p><a href=\"https:\/\/agora.xtec.cat\/iessantaeugenia\/wp-content\/uploads\/usu1801\/2025\/06\/estany-banyoles-01.jpg\"><img loading=\"lazy\" decoding=\"async\" class=\"alignnone wp-image-12846\" src=\"https:\/\/agora.xtec.cat\/iessantaeugenia\/wp-content\/uploads\/usu1801\/2025\/06\/estany-banyoles-01-1024x1024.jpg\" alt=\"\" width=\"400\" height=\"400\" srcset=\"https:\/\/agora.xtec.cat\/iessantaeugenia\/wp-content\/uploads\/usu1801\/2025\/06\/estany-banyoles-01-1024x1024.jpg 1024w, https:\/\/agora.xtec.cat\/iessantaeugenia\/wp-content\/uploads\/usu1801\/2025\/06\/estany-banyoles-01-300x300.jpg 300w, https:\/\/agora.xtec.cat\/iessantaeugenia\/wp-content\/uploads\/usu1801\/2025\/06\/estany-banyoles-01-150x150.jpg 150w, https:\/\/agora.xtec.cat\/iessantaeugenia\/wp-content\/uploads\/usu1801\/2025\/06\/estany-banyoles-01-768x768.jpg 768w, https:\/\/agora.xtec.cat\/iessantaeugenia\/wp-content\/uploads\/usu1801\/2025\/06\/estany-banyoles-01.jpg 1080w\" sizes=\"auto, (max-width: 400px) 100vw, 400px\" \/>\u00a0\u00a0<\/a> <a href=\"https:\/\/agora.xtec.cat\/iessantaeugenia\/wp-content\/uploads\/usu1801\/2025\/06\/estany-banyoles-04.jpg\"><img loading=\"lazy\" decoding=\"async\" class=\"alignnone wp-image-12848\" src=\"https:\/\/agora.xtec.cat\/iessantaeugenia\/wp-content\/uploads\/usu1801\/2025\/06\/estany-banyoles-04-1024x1024.jpg\" alt=\"\" width=\"400\" height=\"400\" srcset=\"https:\/\/agora.xtec.cat\/iessantaeugenia\/wp-content\/uploads\/usu1801\/2025\/06\/estany-banyoles-04-1024x1024.jpg 1024w, https:\/\/agora.xtec.cat\/iessantaeugenia\/wp-content\/uploads\/usu1801\/2025\/06\/estany-banyoles-04-300x300.jpg 300w, https:\/\/agora.xtec.cat\/iessantaeugenia\/wp-content\/uploads\/usu1801\/2025\/06\/estany-banyoles-04-150x150.jpg 150w, https:\/\/agora.xtec.cat\/iessantaeugenia\/wp-content\/uploads\/usu1801\/2025\/06\/estany-banyoles-04-768x768.jpg 768w, https:\/\/agora.xtec.cat\/iessantaeugenia\/wp-content\/uploads\/usu1801\/2025\/06\/estany-banyoles-04.jpg 1080w\" sizes=\"auto, (max-width: 400px) 100vw, 400px\" \/><\/a><\/p>\n","protected":false},"excerpt":{"rendered":"<p>L\u2019alumnat de 2n d\u2019ESO ha participat en la sortida final de curs organitzada pel departament d\u2019Educaci\u00f3 F\u00edsica, en un entorn privilegiat com \u00e9s Banyoles.<br \/>\nDurant la jornada, van poder practicar diferents activitats f\u00edsiques al medi natural com caiac, BTT, tir amb arc, futbol i voleibol, repartides&hellip;  <a href=\"https:\/\/agora.xtec.cat\/iessantaeugenia\/general\/sortida-final-de-curs-a-banyoles-amb-activitats-al-medi-natural\/\" title=\"Read Sortida final de curs a Banyoles amb activitats al medi natural\">Llegeix m\u00e9s\u00bb<\/a><\/p>\n","protected":false},"author":1,"featured_media":12847,"comment_status":"closed","ping_status":"open","sticky":false,"template":"","format":"standard","meta":{"_bbp_topic_count":0,"_bbp_reply_count":0,"_bbp_total_topic_count":0,"_bbp_total_reply_count":0,"_bbp_voice_count":0,"_bbp_anonymous_reply_count":0,"_bbp_topic_count_hidden":0,"_bbp_reply_count_hidden":0,"_bbp_forum_subforum_count":0,"footnotes":""},"categories":[113,120,1,29],"tags":[],"class_list":["post-12845","post","type-post","status-publish","format-standard","has-post-thumbnail","hentry","category-2eso","category-eso","category-general","category-portada"],"post_mailing_queue_ids":[],"_links":{"self":[{"href":"https:\/\/agora.xtec.cat\/iessantaeugenia\/wp-json\/wp\/v2\/posts\/12845","targetHints":{"allow":["GET"]}}],"collection":[{"href":"https:\/\/agora.xtec.cat\/iessantaeugenia\/wp-json\/wp\/v2\/posts"}],"about":[{"href":"https:\/\/agora.xtec.cat\/iessantaeugenia\/wp-json\/wp\/v2\/types\/post"}],"author":[{"embeddable":true,"href":"https:\/\/agora.xtec.cat\/iessantaeugenia\/wp-json\/wp\/v2\/users\/1"}],"replies":[{"embeddable":true,"href":"https:\/\/agora.xtec.cat\/iessantaeugenia\/wp-json\/wp\/v2\/comments?post=12845"}],"version-history":[{"count":1,"href":"https:\/\/agora.xtec.cat\/iessantaeugenia\/wp-json\/wp\/v2\/posts\/12845\/revisions"}],"predecessor-version":[{"id":12849,"href":"https:\/\/agora.xtec.cat\/iessantaeugenia\/wp-json\/wp\/v2\/posts\/12845\/revisions\/12849"}],"wp:featuredmedia":[{"embeddable":true,"href":"https:\/\/agora.xtec.cat\/iessantaeugenia\/wp-json\/wp\/v2\/media\/12847"}],"wp:attachment":[{"href":"https:\/\/agora.xtec.cat\/iessantaeugenia\/wp-json\/wp\/v2\/media?parent=12845"}],"wp:term":[{"taxonomy":"category","embeddable":true,"href":"https:\/\/agora.xtec.cat\/iessantaeugenia\/wp-json\/wp\/v2\/categories?post=12845"},{"taxonomy":"post_tag","embeddable":true,"href":"https:\/\/agora.xtec.cat\/iessantaeugenia\/wp-json\/wp\/v2\/tags?post=12845"}],"curies":[{"name":"wp","href":"https:\/\/api.w.org\/{rel}","templated":true}]}}