{"id":12721,"date":"2025-06-09T16:10:06","date_gmt":"2025-06-09T14:10:06","guid":{"rendered":"https:\/\/agora.xtec.cat\/iessantaeugenia\/?p=12721"},"modified":"2025-06-09T16:10:06","modified_gmt":"2025-06-09T14:10:06","slug":"lalumnat-de-4t-c-i-e-grava-un-rap-professional","status":"publish","type":"post","link":"https:\/\/agora.xtec.cat\/iessantaeugenia\/general\/lalumnat-de-4t-c-i-e-grava-un-rap-professional\/","title":{"rendered":"L\u2019alumnat de 4t C i E grava un rap professional"},"content":{"rendered":"<p><span style=\"font-weight: 400;\">Els i les alumnes de 4t d\u2019ESO dels grups C i E han participat enguany en el <\/span><b>Projecte Versembrant<\/b><span style=\"font-weight: 400;\">, una iniciativa educativa que combina l\u2019expressi\u00f3 art\u00edstica i la creaci\u00f3 col\u00b7lectiva. Durant el projecte, han tingut l\u2019oportunitat de <\/span><b>compondre i interpretar un rap propi<\/b><span style=\"font-weight: 400;\">, treballant de manera activa sobre tem\u00e0tiques socials i personals.<\/span><\/p>\n<p><span style=\"font-weight: 400;\">La lletra del rap ha estat <\/span><b>elaborada a classe amb la col\u00b7laboraci\u00f3 de la rapera Mera<\/b><span style=\"font-weight: 400;\">, ve\u00efna del barri de Santa Eug\u00e8nia, qui ha guiat l\u2019alumnat en tot el proc\u00e9s creatiu: des de la reflexi\u00f3 inicial fins a la construcci\u00f3 de rimes i ritmes. Despr\u00e9s d\u2019unes setmanes de treball i assaig, els grups han gravat als <\/span><b>estudis de La Marf\u00e0<\/b><span style=\"font-weight: 400;\">, gaudint d\u2019una <\/span><b>gravaci\u00f3 professional<\/b><span style=\"font-weight: 400;\"> de la seva composici\u00f3.<\/span><\/p>\n<p><span style=\"font-weight: 400;\">Us compartim l\u2019enregistrament final en els seg\u00fcents enlla\u00e7os!<\/span><\/p>\n<p><span style=\"font-weight: 400;\">\ud83d\udd0a <a href=\"https:\/\/drive.google.com\/file\/d\/1qO0yLAVC4mLsCTFheg1CXDmc_5fZaq2h\/view?usp=sharing\">4rt ESO C<\/a><br \/>\n<\/span><span style=\"font-weight: 400;\">\ud83d\udd0a <a href=\"https:\/\/drive.google.com\/file\/d\/11OkWdXXrtFLmSInQYZqqMsQu7lVipDvG\/view?usp=sharing\">4rt ESO E<\/a><\/span><\/p>\n<p><a href=\"https:\/\/agora.xtec.cat\/iessantaeugenia\/wp-content\/uploads\/usu1801\/2025\/06\/rap-institut-01.jpg\"><img loading=\"lazy\" decoding=\"async\" class=\"alignnone wp-image-12722\" src=\"https:\/\/agora.xtec.cat\/iessantaeugenia\/wp-content\/uploads\/usu1801\/2025\/06\/rap-institut-01-1024x1024.jpg\" alt=\"\" width=\"400\" height=\"400\" srcset=\"https:\/\/agora.xtec.cat\/iessantaeugenia\/wp-content\/uploads\/usu1801\/2025\/06\/rap-institut-01-1024x1024.jpg 1024w, https:\/\/agora.xtec.cat\/iessantaeugenia\/wp-content\/uploads\/usu1801\/2025\/06\/rap-institut-01-300x300.jpg 300w, https:\/\/agora.xtec.cat\/iessantaeugenia\/wp-content\/uploads\/usu1801\/2025\/06\/rap-institut-01-150x150.jpg 150w, https:\/\/agora.xtec.cat\/iessantaeugenia\/wp-content\/uploads\/usu1801\/2025\/06\/rap-institut-01-768x768.jpg 768w, https:\/\/agora.xtec.cat\/iessantaeugenia\/wp-content\/uploads\/usu1801\/2025\/06\/rap-institut-01.jpg 1080w\" sizes=\"auto, (max-width: 400px) 100vw, 400px\" \/>\u00a0\u00a0<\/a> <a href=\"https:\/\/agora.xtec.cat\/iessantaeugenia\/wp-content\/uploads\/usu1801\/2025\/06\/rap-institut-03.jpg\"><img loading=\"lazy\" decoding=\"async\" class=\"alignnone wp-image-12724\" src=\"https:\/\/agora.xtec.cat\/iessantaeugenia\/wp-content\/uploads\/usu1801\/2025\/06\/rap-institut-03-1024x1024.jpg\" alt=\"\" width=\"400\" height=\"400\" srcset=\"https:\/\/agora.xtec.cat\/iessantaeugenia\/wp-content\/uploads\/usu1801\/2025\/06\/rap-institut-03-1024x1024.jpg 1024w, https:\/\/agora.xtec.cat\/iessantaeugenia\/wp-content\/uploads\/usu1801\/2025\/06\/rap-institut-03-300x300.jpg 300w, https:\/\/agora.xtec.cat\/iessantaeugenia\/wp-content\/uploads\/usu1801\/2025\/06\/rap-institut-03-150x150.jpg 150w, https:\/\/agora.xtec.cat\/iessantaeugenia\/wp-content\/uploads\/usu1801\/2025\/06\/rap-institut-03-768x768.jpg 768w, https:\/\/agora.xtec.cat\/iessantaeugenia\/wp-content\/uploads\/usu1801\/2025\/06\/rap-institut-03.jpg 1080w\" sizes=\"auto, (max-width: 400px) 100vw, 400px\" \/><\/a><\/p>\n","protected":false},"excerpt":{"rendered":"<p>Els i les alumnes de 4t d\u2019ESO dels grups C i E han participat enguany en el Projecte Versembrant, una iniciativa educativa que combina l\u2019expressi\u00f3 art\u00edstica i la creaci\u00f3 col\u00b7lectiva. Durant el projecte, han tingut l\u2019oportunitat de compondre i interpretar un rap propi, treballant de&hellip;  <a href=\"https:\/\/agora.xtec.cat\/iessantaeugenia\/general\/lalumnat-de-4t-c-i-e-grava-un-rap-professional\/\" title=\"Read L\u2019alumnat de 4t C i E grava un rap professional\">Llegeix m\u00e9s\u00bb<\/a><\/p>\n","protected":false},"author":1,"featured_media":12723,"comment_status":"closed","ping_status":"open","sticky":false,"template":"","format":"standard","meta":{"_bbp_topic_count":0,"_bbp_reply_count":0,"_bbp_total_topic_count":0,"_bbp_total_reply_count":0,"_bbp_voice_count":0,"_bbp_anonymous_reply_count":0,"_bbp_topic_count_hidden":0,"_bbp_reply_count_hidden":0,"_bbp_forum_subforum_count":0,"footnotes":""},"categories":[115,120,1,29],"tags":[],"class_list":["post-12721","post","type-post","status-publish","format-standard","has-post-thumbnail","hentry","category-4eso","category-eso","category-general","category-portada"],"post_mailing_queue_ids":[],"_links":{"self":[{"href":"https:\/\/agora.xtec.cat\/iessantaeugenia\/wp-json\/wp\/v2\/posts\/12721","targetHints":{"allow":["GET"]}}],"collection":[{"href":"https:\/\/agora.xtec.cat\/iessantaeugenia\/wp-json\/wp\/v2\/posts"}],"about":[{"href":"https:\/\/agora.xtec.cat\/iessantaeugenia\/wp-json\/wp\/v2\/types\/post"}],"author":[{"embeddable":true,"href":"https:\/\/agora.xtec.cat\/iessantaeugenia\/wp-json\/wp\/v2\/users\/1"}],"replies":[{"embeddable":true,"href":"https:\/\/agora.xtec.cat\/iessantaeugenia\/wp-json\/wp\/v2\/comments?post=12721"}],"version-history":[{"count":1,"href":"https:\/\/agora.xtec.cat\/iessantaeugenia\/wp-json\/wp\/v2\/posts\/12721\/revisions"}],"predecessor-version":[{"id":12725,"href":"https:\/\/agora.xtec.cat\/iessantaeugenia\/wp-json\/wp\/v2\/posts\/12721\/revisions\/12725"}],"wp:featuredmedia":[{"embeddable":true,"href":"https:\/\/agora.xtec.cat\/iessantaeugenia\/wp-json\/wp\/v2\/media\/12723"}],"wp:attachment":[{"href":"https:\/\/agora.xtec.cat\/iessantaeugenia\/wp-json\/wp\/v2\/media?parent=12721"}],"wp:term":[{"taxonomy":"category","embeddable":true,"href":"https:\/\/agora.xtec.cat\/iessantaeugenia\/wp-json\/wp\/v2\/categories?post=12721"},{"taxonomy":"post_tag","embeddable":true,"href":"https:\/\/agora.xtec.cat\/iessantaeugenia\/wp-json\/wp\/v2\/tags?post=12721"}],"curies":[{"name":"wp","href":"https:\/\/api.w.org\/{rel}","templated":true}]}}