{"id":12644,"date":"2025-06-04T10:38:12","date_gmt":"2025-06-04T08:38:12","guid":{"rendered":"https:\/\/agora.xtec.cat\/iessantaeugenia\/?p=12644"},"modified":"2025-06-04T12:21:24","modified_gmt":"2025-06-04T10:21:24","slug":"un-projecte-que-deixa-empremta-teatre-a-laula-de-musica","status":"publish","type":"post","link":"https:\/\/agora.xtec.cat\/iessantaeugenia\/general\/un-projecte-que-deixa-empremta-teatre-a-laula-de-musica\/","title":{"rendered":"Un projecte que deixa empremta: teatre a l\u2019aula de m\u00fasica"},"content":{"rendered":"<p><span style=\"font-weight: 400;\">Aquest curs, l\u2019aula de m\u00fasica de 4t C d\u2019ESO s\u2019ha transformat en un escenari de creativitat, esfor\u00e7 i passi\u00f3. L\u2019alumnat de l\u2019optativa de m\u00fasica ha presentat un teatre musical que ha emocionat i captivat el p\u00fablic.\u00a0<\/span><\/p>\n<p><span style=\"font-weight: 400;\">El Projecte Ind\u00f2mites est\u00e0 impulsat per la direcci\u00f3 del <\/span><b>Teatre Municipal. <\/b><span style=\"font-weight: 400;\">Els professors de m\u00fasica del centre han estat acompanyats, en tot moment, per la Carolina Manero, una artista local, demostrant que l\u2019educaci\u00f3 art\u00edstica pot esdevenir una potent eina de creixement personal i col\u00b7lectiu.<\/span><\/p>\n<p><span style=\"font-weight: 400;\">La construcci\u00f3 de la <\/span><b>mostra <\/b><span style=\"font-weight: 400;\">ha estat completa: gui\u00f3, posada en escena, interpretaci\u00f3 musical, coreografia i treball de so i llums. En el proc\u00e9s, els alumnes han pogut viure de primera m\u00e0 qu\u00e8 significa treballar en un entorn professional, accedint a recursos t\u00e8cnics i esc\u00e8nics que han elevat la qualitat de l\u2019espectacle.\u00a0<\/span><\/p>\n<p><span style=\"font-weight: 400;\">Tot plegat, aquest <\/span><b>teatre musical<\/b><span style=\"font-weight: 400;\"> ha traspassat l&#8217;activitat art\u00edstica esdevenint una experi\u00e8ncia vital per a l\u2019alumnat, que probablement recordar\u00e0 per sempre. El resultat final s\u2019ha pogut gaudir en una funci\u00f3 amb els companys i companyes de <\/span><b>3r i 4t d\u2019ESO<\/b><span style=\"font-weight: 400;\">, que han omplert les butaques amb respecte i admiraci\u00f3, reconeixent i valorant el comprom\u00eds dels protagonistes. Ha estat tota una demostraci\u00f3 que l\u2019educaci\u00f3, quan \u00e9s viva i participativa, pot ser transformadora.<\/span><\/p>\n<p><a href=\"https:\/\/agora.xtec.cat\/iessantaeugenia\/wp-content\/uploads\/usu1801\/2025\/06\/teatre-musica-02.jpg\"><img loading=\"lazy\" decoding=\"async\" class=\"alignnone wp-image-12646\" src=\"https:\/\/agora.xtec.cat\/iessantaeugenia\/wp-content\/uploads\/usu1801\/2025\/06\/teatre-musica-02-1024x1024.jpg\" alt=\"\" width=\"400\" height=\"400\" srcset=\"https:\/\/agora.xtec.cat\/iessantaeugenia\/wp-content\/uploads\/usu1801\/2025\/06\/teatre-musica-02-1024x1024.jpg 1024w, https:\/\/agora.xtec.cat\/iessantaeugenia\/wp-content\/uploads\/usu1801\/2025\/06\/teatre-musica-02-300x300.jpg 300w, https:\/\/agora.xtec.cat\/iessantaeugenia\/wp-content\/uploads\/usu1801\/2025\/06\/teatre-musica-02-150x150.jpg 150w, https:\/\/agora.xtec.cat\/iessantaeugenia\/wp-content\/uploads\/usu1801\/2025\/06\/teatre-musica-02-768x768.jpg 768w, https:\/\/agora.xtec.cat\/iessantaeugenia\/wp-content\/uploads\/usu1801\/2025\/06\/teatre-musica-02.jpg 1080w\" sizes=\"auto, (max-width: 400px) 100vw, 400px\" \/>\u00a0 <\/a><a href=\"https:\/\/agora.xtec.cat\/iessantaeugenia\/wp-content\/uploads\/usu1801\/2025\/06\/teatre-musica-01.jpg\"><img loading=\"lazy\" decoding=\"async\" class=\"alignnone wp-image-12648\" src=\"https:\/\/agora.xtec.cat\/iessantaeugenia\/wp-content\/uploads\/usu1801\/2025\/06\/teatre-musica-01-1024x1024.jpg\" alt=\"\" width=\"400\" height=\"400\" srcset=\"https:\/\/agora.xtec.cat\/iessantaeugenia\/wp-content\/uploads\/usu1801\/2025\/06\/teatre-musica-01-1024x1024.jpg 1024w, https:\/\/agora.xtec.cat\/iessantaeugenia\/wp-content\/uploads\/usu1801\/2025\/06\/teatre-musica-01-300x300.jpg 300w, https:\/\/agora.xtec.cat\/iessantaeugenia\/wp-content\/uploads\/usu1801\/2025\/06\/teatre-musica-01-150x150.jpg 150w, https:\/\/agora.xtec.cat\/iessantaeugenia\/wp-content\/uploads\/usu1801\/2025\/06\/teatre-musica-01-768x768.jpg 768w, https:\/\/agora.xtec.cat\/iessantaeugenia\/wp-content\/uploads\/usu1801\/2025\/06\/teatre-musica-01.jpg 1080w\" sizes=\"auto, (max-width: 400px) 100vw, 400px\" \/><\/a><\/p>\n","protected":false},"excerpt":{"rendered":"<p>Aquest curs, l\u2019aula de m\u00fasica de 4t C d\u2019ESO s\u2019ha transformat en un escenari de creativitat, esfor\u00e7 i passi\u00f3. L\u2019alumnat de l\u2019optativa de m\u00fasica ha presentat un teatre musical que ha emocionat i captivat el p\u00fablic.\u00a0<br \/>\nEl Projecte Ind\u00f2mites est\u00e0 impulsat per la direcci\u00f3 del Teatre&hellip;  <a href=\"https:\/\/agora.xtec.cat\/iessantaeugenia\/general\/un-projecte-que-deixa-empremta-teatre-a-laula-de-musica\/\" title=\"Read Un projecte que deixa empremta: teatre a l\u2019aula de m\u00fasica\">Llegeix m\u00e9s\u00bb<\/a><\/p>\n","protected":false},"author":1,"featured_media":12647,"comment_status":"closed","ping_status":"open","sticky":false,"template":"","format":"standard","meta":{"_bbp_topic_count":0,"_bbp_reply_count":0,"_bbp_total_topic_count":0,"_bbp_total_reply_count":0,"_bbp_voice_count":0,"_bbp_anonymous_reply_count":0,"_bbp_topic_count_hidden":0,"_bbp_reply_count_hidden":0,"_bbp_forum_subforum_count":0,"footnotes":""},"categories":[114,115,120,1,29],"tags":[],"class_list":["post-12644","post","type-post","status-publish","format-standard","has-post-thumbnail","hentry","category-3eso","category-4eso","category-eso","category-general","category-portada"],"post_mailing_queue_ids":[],"_links":{"self":[{"href":"https:\/\/agora.xtec.cat\/iessantaeugenia\/wp-json\/wp\/v2\/posts\/12644","targetHints":{"allow":["GET"]}}],"collection":[{"href":"https:\/\/agora.xtec.cat\/iessantaeugenia\/wp-json\/wp\/v2\/posts"}],"about":[{"href":"https:\/\/agora.xtec.cat\/iessantaeugenia\/wp-json\/wp\/v2\/types\/post"}],"author":[{"embeddable":true,"href":"https:\/\/agora.xtec.cat\/iessantaeugenia\/wp-json\/wp\/v2\/users\/1"}],"replies":[{"embeddable":true,"href":"https:\/\/agora.xtec.cat\/iessantaeugenia\/wp-json\/wp\/v2\/comments?post=12644"}],"version-history":[{"count":2,"href":"https:\/\/agora.xtec.cat\/iessantaeugenia\/wp-json\/wp\/v2\/posts\/12644\/revisions"}],"predecessor-version":[{"id":12650,"href":"https:\/\/agora.xtec.cat\/iessantaeugenia\/wp-json\/wp\/v2\/posts\/12644\/revisions\/12650"}],"wp:featuredmedia":[{"embeddable":true,"href":"https:\/\/agora.xtec.cat\/iessantaeugenia\/wp-json\/wp\/v2\/media\/12647"}],"wp:attachment":[{"href":"https:\/\/agora.xtec.cat\/iessantaeugenia\/wp-json\/wp\/v2\/media?parent=12644"}],"wp:term":[{"taxonomy":"category","embeddable":true,"href":"https:\/\/agora.xtec.cat\/iessantaeugenia\/wp-json\/wp\/v2\/categories?post=12644"},{"taxonomy":"post_tag","embeddable":true,"href":"https:\/\/agora.xtec.cat\/iessantaeugenia\/wp-json\/wp\/v2\/tags?post=12644"}],"curies":[{"name":"wp","href":"https:\/\/api.w.org\/{rel}","templated":true}]}}