{"id":12530,"date":"2025-05-09T09:10:37","date_gmt":"2025-05-09T07:10:37","guid":{"rendered":"https:\/\/agora.xtec.cat\/iessantaeugenia\/?p=12530"},"modified":"2025-05-09T00:40:55","modified_gmt":"2025-05-08T22:40:55","slug":"participem-en-la-setantena-edicio-de-temps-de-flors","status":"publish","type":"post","link":"https:\/\/agora.xtec.cat\/iessantaeugenia\/general\/participem-en-la-setantena-edicio-de-temps-de-flors\/","title":{"rendered":"Participem en la setantena edici\u00f3 de Temps de Flors"},"content":{"rendered":"<p>L\u2019Institut Santa Eug\u00e8nia participa en la 70a edici\u00f3 de l&#8217;exposici\u00f3 Girona, Temps de Flors, que tindr\u00e0 lloc del 10 al 18 de maig.<\/p>\n<p>Estem a punt per tal que pugueu gaudir de les nostres creacions, tant a l&#8217;entrada de l&#8217;Institut com en el Passeig Arqueol\u00f2gic de la ciutat de Girona. All\u00e0 trobareu les instal.lacions realitzades en col\u00b7laboraci\u00f3 amb l&#8217;Associaci\u00f3 de donants d&#8217;\u00f2rgans Donem Girona. Un agra\u00efment al Pedro i a la Marta, especialment per la confian\u00e7a dipositada en nosaltres i a l\u2019Hospital Dr. Josep Trueta, en especial a la Eli i al Dr. Rimbau.<\/p>\n<p>Tamb\u00e9 agra\u00efm a totes les persones que ens han ajudat a poder arribar a aquesta fita, com els cicles de moda de l\u2019Institut La Garrotxa, amb un agra\u00efment especial a la Irene Martin; <span style=\"font-weight: 400;\">a l\u2019FP del Santa Eug\u00e8nia<\/span>, especialment al Salva Ramirez del Departament d\u2019Obres; a l\u2019Escola Universita\u0300ria de les Arts ERAM (gr\u00e0cies al Sergio); a l\u2019Eurecat (agra\u00efment al Gen\u00eds); i finalment, tamb\u00e9 un reconeixement especial a la Lola.<\/p>\n<p>Desitgem que el resultat estigui a l&#8217;al\u00e7ada de les previsions i que us agradi.<\/p>\n<p><a href=\"https:\/\/agora.xtec.cat\/iessantaeugenia\/wp-content\/uploads\/usu1801\/2025\/05\/temps-de-flors-04.jpg\">\u00a0<img loading=\"lazy\" decoding=\"async\" class=\"alignnone wp-image-12531\" src=\"https:\/\/agora.xtec.cat\/iessantaeugenia\/wp-content\/uploads\/usu1801\/2025\/05\/temps-de-flors-04-1024x1024.jpg\" alt=\"\" width=\"400\" height=\"400\" srcset=\"https:\/\/agora.xtec.cat\/iessantaeugenia\/wp-content\/uploads\/usu1801\/2025\/05\/temps-de-flors-04-1024x1024.jpg 1024w, https:\/\/agora.xtec.cat\/iessantaeugenia\/wp-content\/uploads\/usu1801\/2025\/05\/temps-de-flors-04-300x300.jpg 300w, https:\/\/agora.xtec.cat\/iessantaeugenia\/wp-content\/uploads\/usu1801\/2025\/05\/temps-de-flors-04-150x150.jpg 150w, https:\/\/agora.xtec.cat\/iessantaeugenia\/wp-content\/uploads\/usu1801\/2025\/05\/temps-de-flors-04-768x768.jpg 768w, https:\/\/agora.xtec.cat\/iessantaeugenia\/wp-content\/uploads\/usu1801\/2025\/05\/temps-de-flors-04.jpg 1080w\" sizes=\"auto, (max-width: 400px) 100vw, 400px\" \/>\u00a0\u00a0<\/a> <a href=\"https:\/\/agora.xtec.cat\/iessantaeugenia\/wp-content\/uploads\/usu1801\/2025\/05\/temps-de-flors-01.jpg\"><img loading=\"lazy\" decoding=\"async\" class=\"alignnone wp-image-12532\" src=\"https:\/\/agora.xtec.cat\/iessantaeugenia\/wp-content\/uploads\/usu1801\/2025\/05\/temps-de-flors-01-1024x1024.jpg\" alt=\"\" width=\"400\" height=\"400\" srcset=\"https:\/\/agora.xtec.cat\/iessantaeugenia\/wp-content\/uploads\/usu1801\/2025\/05\/temps-de-flors-01-1024x1024.jpg 1024w, https:\/\/agora.xtec.cat\/iessantaeugenia\/wp-content\/uploads\/usu1801\/2025\/05\/temps-de-flors-01-300x300.jpg 300w, https:\/\/agora.xtec.cat\/iessantaeugenia\/wp-content\/uploads\/usu1801\/2025\/05\/temps-de-flors-01-150x150.jpg 150w, https:\/\/agora.xtec.cat\/iessantaeugenia\/wp-content\/uploads\/usu1801\/2025\/05\/temps-de-flors-01-768x768.jpg 768w, https:\/\/agora.xtec.cat\/iessantaeugenia\/wp-content\/uploads\/usu1801\/2025\/05\/temps-de-flors-01.jpg 1080w\" sizes=\"auto, (max-width: 400px) 100vw, 400px\" \/><\/a><\/p>\n","protected":false},"excerpt":{"rendered":"<p>L\u2019Institut Santa Eug\u00e8nia participa en la 70a edici\u00f3 de l&#8217;exposici\u00f3 Girona, Temps de Flors, que tindr\u00e0 lloc del 10 al 18 de maig.<br \/>\nEstem a punt per tal que pugueu gaudir de les nostres creacions, tant a l&#8217;entrada de l&#8217;Institut com en el Passeig Arqueol\u00f2gic de&hellip;  <a href=\"https:\/\/agora.xtec.cat\/iessantaeugenia\/general\/participem-en-la-setantena-edicio-de-temps-de-flors\/\" title=\"Read Participem en la setantena edici\u00f3 de Temps de Flors\">Llegeix m\u00e9s\u00bb<\/a><\/p>\n","protected":false},"author":1,"featured_media":12531,"comment_status":"closed","ping_status":"closed","sticky":false,"template":"","format":"standard","meta":{"_bbp_topic_count":0,"_bbp_reply_count":0,"_bbp_total_topic_count":0,"_bbp_total_reply_count":0,"_bbp_voice_count":0,"_bbp_anonymous_reply_count":0,"_bbp_topic_count_hidden":0,"_bbp_reply_count_hidden":0,"_bbp_forum_subforum_count":0,"footnotes":""},"categories":[8,30,120,1,29],"tags":[],"class_list":["post-12530","post","type-post","status-publish","format-standard","has-post-thumbnail","hentry","category-batxillerat","category-cicles-formatius","category-eso","category-general","category-portada"],"post_mailing_queue_ids":[],"_links":{"self":[{"href":"https:\/\/agora.xtec.cat\/iessantaeugenia\/wp-json\/wp\/v2\/posts\/12530","targetHints":{"allow":["GET"]}}],"collection":[{"href":"https:\/\/agora.xtec.cat\/iessantaeugenia\/wp-json\/wp\/v2\/posts"}],"about":[{"href":"https:\/\/agora.xtec.cat\/iessantaeugenia\/wp-json\/wp\/v2\/types\/post"}],"author":[{"embeddable":true,"href":"https:\/\/agora.xtec.cat\/iessantaeugenia\/wp-json\/wp\/v2\/users\/1"}],"replies":[{"embeddable":true,"href":"https:\/\/agora.xtec.cat\/iessantaeugenia\/wp-json\/wp\/v2\/comments?post=12530"}],"version-history":[{"count":4,"href":"https:\/\/agora.xtec.cat\/iessantaeugenia\/wp-json\/wp\/v2\/posts\/12530\/revisions"}],"predecessor-version":[{"id":12535,"href":"https:\/\/agora.xtec.cat\/iessantaeugenia\/wp-json\/wp\/v2\/posts\/12530\/revisions\/12535"}],"wp:featuredmedia":[{"embeddable":true,"href":"https:\/\/agora.xtec.cat\/iessantaeugenia\/wp-json\/wp\/v2\/media\/12531"}],"wp:attachment":[{"href":"https:\/\/agora.xtec.cat\/iessantaeugenia\/wp-json\/wp\/v2\/media?parent=12530"}],"wp:term":[{"taxonomy":"category","embeddable":true,"href":"https:\/\/agora.xtec.cat\/iessantaeugenia\/wp-json\/wp\/v2\/categories?post=12530"},{"taxonomy":"post_tag","embeddable":true,"href":"https:\/\/agora.xtec.cat\/iessantaeugenia\/wp-json\/wp\/v2\/tags?post=12530"}],"curies":[{"name":"wp","href":"https:\/\/api.w.org\/{rel}","templated":true}]}}