{"id":12514,"date":"2025-05-05T15:42:52","date_gmt":"2025-05-05T13:42:52","guid":{"rendered":"https:\/\/agora.xtec.cat\/iessantaeugenia\/?p=12514"},"modified":"2025-05-05T15:42:52","modified_gmt":"2025-05-05T13:42:52","slug":"visitem-el-romanya-de-la-selva-de-merce-rodoreda","status":"publish","type":"post","link":"https:\/\/agora.xtec.cat\/iessantaeugenia\/general\/visitem-el-romanya-de-la-selva-de-merce-rodoreda\/","title":{"rendered":"Visitem el Romany\u00e0 de la Selva de Merc\u00e8 Rodoreda"},"content":{"rendered":"<p><span style=\"font-weight: 400;\">El dia 30 d\u2019abril, l\u2019alumnat de 2n de batxillerat, acompanyat de les professores Maite Mir\u00f3 i Dolors Vilamitjana, ha fet una sortida a Romany\u00e0 de la Selva per seguir les petjades de Merc\u00e8 Rodoreda.<\/span><\/p>\n<p><span style=\"font-weight: 400;\">El passeig ha estat agradable, amb un ambient plenament primaveral i carregat de literatura. S\u2019han llegit textos de l\u2019autora i s\u2019ha pogut esmorzar davant la casa El Senhal Vell, font d\u2019inspiraci\u00f3 de Mirall trencat. Despr\u00e9s, s\u2019ha recorregut el bosc de Romany\u00e0, cobert de catifes florals i aromes empordanesos, i s\u2019han llegit textos propis i fragments emotius davant la tomba de Rodoreda \u2014una manera sentida de retre-li homenatge.<\/span><\/p>\n<p><span style=\"font-weight: 400;\">La ruta tamb\u00e9 ha servit per descobrir el menhir del 3000 aC i el dolmen de la Cova d\u2019en Daina. La jornada ha acabat amb temps lliure a Platja d\u2019Aro.<\/span><\/p>\n<p><span style=\"font-weight: 400;\">Un dia espl\u00e8ndid i una manera inoblidable de tancar el batxillerat.<\/span><\/p>\n<p><a href=\"https:\/\/agora.xtec.cat\/iessantaeugenia\/wp-content\/uploads\/usu1801\/2025\/05\/romanya-merce-rodoreda-01.jpg\"><img loading=\"lazy\" decoding=\"async\" class=\"alignnone wp-image-12515\" src=\"https:\/\/agora.xtec.cat\/iessantaeugenia\/wp-content\/uploads\/usu1801\/2025\/05\/romanya-merce-rodoreda-01-1024x1024.jpg\" alt=\"\" width=\"400\" height=\"400\" srcset=\"https:\/\/agora.xtec.cat\/iessantaeugenia\/wp-content\/uploads\/usu1801\/2025\/05\/romanya-merce-rodoreda-01-1024x1024.jpg 1024w, https:\/\/agora.xtec.cat\/iessantaeugenia\/wp-content\/uploads\/usu1801\/2025\/05\/romanya-merce-rodoreda-01-300x300.jpg 300w, https:\/\/agora.xtec.cat\/iessantaeugenia\/wp-content\/uploads\/usu1801\/2025\/05\/romanya-merce-rodoreda-01-150x150.jpg 150w, https:\/\/agora.xtec.cat\/iessantaeugenia\/wp-content\/uploads\/usu1801\/2025\/05\/romanya-merce-rodoreda-01-768x768.jpg 768w, https:\/\/agora.xtec.cat\/iessantaeugenia\/wp-content\/uploads\/usu1801\/2025\/05\/romanya-merce-rodoreda-01.jpg 1080w\" sizes=\"auto, (max-width: 400px) 100vw, 400px\" \/>\u00a0\u00a0<\/a> <a href=\"https:\/\/agora.xtec.cat\/iessantaeugenia\/wp-content\/uploads\/usu1801\/2025\/05\/romanya-merce-rodoreda-04.jpg\"><img loading=\"lazy\" decoding=\"async\" class=\"alignnone wp-image-12517\" src=\"https:\/\/agora.xtec.cat\/iessantaeugenia\/wp-content\/uploads\/usu1801\/2025\/05\/romanya-merce-rodoreda-04-1024x1024.jpg\" alt=\"\" width=\"400\" height=\"400\" srcset=\"https:\/\/agora.xtec.cat\/iessantaeugenia\/wp-content\/uploads\/usu1801\/2025\/05\/romanya-merce-rodoreda-04-1024x1024.jpg 1024w, https:\/\/agora.xtec.cat\/iessantaeugenia\/wp-content\/uploads\/usu1801\/2025\/05\/romanya-merce-rodoreda-04-300x300.jpg 300w, https:\/\/agora.xtec.cat\/iessantaeugenia\/wp-content\/uploads\/usu1801\/2025\/05\/romanya-merce-rodoreda-04-150x150.jpg 150w, https:\/\/agora.xtec.cat\/iessantaeugenia\/wp-content\/uploads\/usu1801\/2025\/05\/romanya-merce-rodoreda-04-768x768.jpg 768w, https:\/\/agora.xtec.cat\/iessantaeugenia\/wp-content\/uploads\/usu1801\/2025\/05\/romanya-merce-rodoreda-04.jpg 1080w\" sizes=\"auto, (max-width: 400px) 100vw, 400px\" \/><\/a><\/p>\n<p>&nbsp;<\/p>\n","protected":false},"excerpt":{"rendered":"<p>El dia 30 d\u2019abril, l\u2019alumnat de 2n de batxillerat, acompanyat de les professores Maite Mir\u00f3 i Dolors Vilamitjana, ha fet una sortida a Romany\u00e0 de la Selva per seguir les petjades de Merc\u00e8 Rodoreda.<br \/>\nEl passeig ha estat agradable, amb un ambient plenament primaveral i carregat&hellip;  <a href=\"https:\/\/agora.xtec.cat\/iessantaeugenia\/general\/visitem-el-romanya-de-la-selva-de-merce-rodoreda\/\" title=\"Read Visitem el Romany\u00e0 de la Selva de Merc\u00e8 Rodoreda\">Llegeix m\u00e9s\u00bb<\/a><\/p>\n","protected":false},"author":1,"featured_media":12516,"comment_status":"closed","ping_status":"closed","sticky":false,"template":"","format":"standard","meta":{"_bbp_topic_count":0,"_bbp_reply_count":0,"_bbp_total_topic_count":0,"_bbp_total_reply_count":0,"_bbp_voice_count":0,"_bbp_anonymous_reply_count":0,"_bbp_topic_count_hidden":0,"_bbp_reply_count_hidden":0,"_bbp_forum_subforum_count":0,"footnotes":""},"categories":[8,117,1,29],"tags":[],"class_list":["post-12514","post","type-post","status-publish","format-standard","has-post-thumbnail","hentry","category-batxillerat","category-batx-humanitats-i-ciencies","category-general","category-portada"],"post_mailing_queue_ids":[],"_links":{"self":[{"href":"https:\/\/agora.xtec.cat\/iessantaeugenia\/wp-json\/wp\/v2\/posts\/12514","targetHints":{"allow":["GET"]}}],"collection":[{"href":"https:\/\/agora.xtec.cat\/iessantaeugenia\/wp-json\/wp\/v2\/posts"}],"about":[{"href":"https:\/\/agora.xtec.cat\/iessantaeugenia\/wp-json\/wp\/v2\/types\/post"}],"author":[{"embeddable":true,"href":"https:\/\/agora.xtec.cat\/iessantaeugenia\/wp-json\/wp\/v2\/users\/1"}],"replies":[{"embeddable":true,"href":"https:\/\/agora.xtec.cat\/iessantaeugenia\/wp-json\/wp\/v2\/comments?post=12514"}],"version-history":[{"count":1,"href":"https:\/\/agora.xtec.cat\/iessantaeugenia\/wp-json\/wp\/v2\/posts\/12514\/revisions"}],"predecessor-version":[{"id":12518,"href":"https:\/\/agora.xtec.cat\/iessantaeugenia\/wp-json\/wp\/v2\/posts\/12514\/revisions\/12518"}],"wp:featuredmedia":[{"embeddable":true,"href":"https:\/\/agora.xtec.cat\/iessantaeugenia\/wp-json\/wp\/v2\/media\/12516"}],"wp:attachment":[{"href":"https:\/\/agora.xtec.cat\/iessantaeugenia\/wp-json\/wp\/v2\/media?parent=12514"}],"wp:term":[{"taxonomy":"category","embeddable":true,"href":"https:\/\/agora.xtec.cat\/iessantaeugenia\/wp-json\/wp\/v2\/categories?post=12514"},{"taxonomy":"post_tag","embeddable":true,"href":"https:\/\/agora.xtec.cat\/iessantaeugenia\/wp-json\/wp\/v2\/tags?post=12514"}],"curies":[{"name":"wp","href":"https:\/\/api.w.org\/{rel}","templated":true}]}}