{"id":12504,"date":"2025-04-30T12:32:12","date_gmt":"2025-04-30T10:32:12","guid":{"rendered":"https:\/\/agora.xtec.cat\/iessantaeugenia\/?p=12504"},"modified":"2025-04-30T12:57:17","modified_gmt":"2025-04-30T10:57:17","slug":"memorable-celebracio-de-sant-jordi-a-linstitut","status":"publish","type":"post","link":"https:\/\/agora.xtec.cat\/iessantaeugenia\/general\/memorable-celebracio-de-sant-jordi-a-linstitut\/","title":{"rendered":"Memorable celebraci\u00f3 de Sant Jordi a l\u2019Institut"},"content":{"rendered":"<p><span style=\"font-weight: 400;\">Enguany la celebraci\u00f3 de Sant Jordi ha estat sonada al nostre centre: l\u2019hem festejat com mai!<\/span><\/p>\n<p><span style=\"font-weight: 400;\">At\u00e8s el gran nombre d\u2019alumnes que formen part de la fam\u00edlia del Santa, ens hem dividit i l\u2019hem celebrat per fraccions; a totes amb molta emoci\u00f3!\u00a0\u00a0<\/span><\/p>\n<p><span style=\"font-weight: 400;\">Els alumnes de 1r, 2n i 3r d\u2019ESO han festejat la Diada a l\u2019Espai Cultural Coma Cros de Salt.\u00a0<\/span><\/p>\n<p><span style=\"font-weight: 400;\">L\u2019acte s\u2019ha vertebrat al voltant d\u2019una s\u00e8rie d\u2019actuacions musicals a c\u00e0rrec dels alumnes de 1r i 2n d\u2019ESO i una mostra col\u00b7lectiva de 3r. La m\u00fasica ha acompanyat la lectura i la interpretaci\u00f3 de poemes i\/o fragments literaris en catal\u00e0, castell\u00e0, angl\u00e8s, franc\u00e8s i algunes de les lleng\u00fces maternes africanes dels nostres alumnes.<\/span><\/p>\n<p><span style=\"font-weight: 400;\">A aquesta riquesa ling\u00fc\u00edstico-cultural s\u2019hi ha afegit l\u2019entrega de diversos premis: els literaris de les mat\u00e8ries de Llengua, els oficials de les proves cangur de Matem\u00e0tiques, els dels concursos de Tecnologia i els de les creacions dirigides per Visual i Pl\u00e0stica.\u00a0<\/span><\/p>\n<p><span style=\"font-weight: 400;\">Per una altra banda, els alumnes de primer de Batxillerat han fet una sortida a la rambla igual que els assistents a l\u2019Aula d\u2019Acollida. Aix\u00ed mateix, els nois de 4t han fet una celebraci\u00f3 al gimn\u00e0s de l\u2019Institut, on hi hagut tamb\u00e9 l\u2019entrega de premis, actuacions musicals i col\u00b7laboracions v\u00e0ries dels alumnes.<\/span><\/p>\n<p><span style=\"font-weight: 400;\">Tot plegat ha suposat l\u2019experi\u00e8ncia de gaudir d\u2019una jornada cultural, en el sentit m\u00e9s ampli, en qu\u00e8 tots els alumnes han participat llegint, escoltant, tocant m\u00fasica, interpretant i gaudint\u00a0 de la cultura.<\/span><\/p>\n<p><span style=\"font-weight: 400;\">Visca el Sant Jordi!<\/span><\/p>\n<p><a href=\"https:\/\/agora.xtec.cat\/iessantaeugenia\/wp-content\/uploads\/usu1801\/2025\/04\/coma-cros-santa-eugenia-01.jpg\"><img loading=\"lazy\" decoding=\"async\" class=\"alignnone wp-image-12505\" src=\"https:\/\/agora.xtec.cat\/iessantaeugenia\/wp-content\/uploads\/usu1801\/2025\/04\/coma-cros-santa-eugenia-01-1024x1024.jpg\" alt=\"\" width=\"400\" height=\"400\" srcset=\"https:\/\/agora.xtec.cat\/iessantaeugenia\/wp-content\/uploads\/usu1801\/2025\/04\/coma-cros-santa-eugenia-01-1024x1024.jpg 1024w, https:\/\/agora.xtec.cat\/iessantaeugenia\/wp-content\/uploads\/usu1801\/2025\/04\/coma-cros-santa-eugenia-01-300x300.jpg 300w, https:\/\/agora.xtec.cat\/iessantaeugenia\/wp-content\/uploads\/usu1801\/2025\/04\/coma-cros-santa-eugenia-01-150x150.jpg 150w, https:\/\/agora.xtec.cat\/iessantaeugenia\/wp-content\/uploads\/usu1801\/2025\/04\/coma-cros-santa-eugenia-01-768x768.jpg 768w, https:\/\/agora.xtec.cat\/iessantaeugenia\/wp-content\/uploads\/usu1801\/2025\/04\/coma-cros-santa-eugenia-01.jpg 1080w\" sizes=\"auto, (max-width: 400px) 100vw, 400px\" \/>\u00a0\u00a0<\/a> <a href=\"https:\/\/agora.xtec.cat\/iessantaeugenia\/wp-content\/uploads\/usu1801\/2025\/04\/coma-cros-santa-eugenia-06.jpg\"><img loading=\"lazy\" decoding=\"async\" class=\"alignnone wp-image-12508\" src=\"https:\/\/agora.xtec.cat\/iessantaeugenia\/wp-content\/uploads\/usu1801\/2025\/04\/coma-cros-santa-eugenia-06-1024x1024.jpg\" alt=\"\" width=\"400\" height=\"400\" srcset=\"https:\/\/agora.xtec.cat\/iessantaeugenia\/wp-content\/uploads\/usu1801\/2025\/04\/coma-cros-santa-eugenia-06-1024x1024.jpg 1024w, https:\/\/agora.xtec.cat\/iessantaeugenia\/wp-content\/uploads\/usu1801\/2025\/04\/coma-cros-santa-eugenia-06-300x300.jpg 300w, https:\/\/agora.xtec.cat\/iessantaeugenia\/wp-content\/uploads\/usu1801\/2025\/04\/coma-cros-santa-eugenia-06-150x150.jpg 150w, https:\/\/agora.xtec.cat\/iessantaeugenia\/wp-content\/uploads\/usu1801\/2025\/04\/coma-cros-santa-eugenia-06-768x768.jpg 768w, https:\/\/agora.xtec.cat\/iessantaeugenia\/wp-content\/uploads\/usu1801\/2025\/04\/coma-cros-santa-eugenia-06.jpg 1080w\" sizes=\"auto, (max-width: 400px) 100vw, 400px\" \/><\/a><\/p>\n<p><iframe loading=\"lazy\" title=\"YouTube video player\" src=\"https:\/\/www.youtube.com\/embed\/Sui0lIRE8Xo?si=ISRE1GRFoWQfF6RY\" width=\"560\" height=\"315\" frameborder=\"0\" allowfullscreen=\"allowfullscreen\"><\/iframe><\/p>\n","protected":false},"excerpt":{"rendered":"<p>Enguany la celebraci\u00f3 de Sant Jordi ha estat sonada al nostre centre: l\u2019hem festejat com mai!<br \/>\nAt\u00e8s el gran nombre d\u2019alumnes que formen part de la fam\u00edlia del Santa, ens hem dividit i l\u2019hem celebrat per fraccions; a totes amb molta emoci\u00f3!\u00a0\u00a0<br \/>\nEls alumnes de 1r, 2n&hellip;  <a href=\"https:\/\/agora.xtec.cat\/iessantaeugenia\/general\/memorable-celebracio-de-sant-jordi-a-linstitut\/\" title=\"Read Memorable celebraci\u00f3 de Sant Jordi a l\u2019Institut\">Llegeix m\u00e9s\u00bb<\/a><\/p>\n","protected":false},"author":1,"featured_media":12506,"comment_status":"closed","ping_status":"closed","sticky":false,"template":"","format":"standard","meta":{"_bbp_topic_count":0,"_bbp_reply_count":0,"_bbp_total_topic_count":0,"_bbp_total_reply_count":0,"_bbp_voice_count":0,"_bbp_anonymous_reply_count":0,"_bbp_topic_count_hidden":0,"_bbp_reply_count_hidden":0,"_bbp_forum_subforum_count":0,"footnotes":""},"categories":[3,113,114,120,1,29],"tags":[],"class_list":["post-12504","post","type-post","status-publish","format-standard","has-post-thumbnail","hentry","category-1eso","category-2eso","category-3eso","category-eso","category-general","category-portada"],"post_mailing_queue_ids":[],"_links":{"self":[{"href":"https:\/\/agora.xtec.cat\/iessantaeugenia\/wp-json\/wp\/v2\/posts\/12504","targetHints":{"allow":["GET"]}}],"collection":[{"href":"https:\/\/agora.xtec.cat\/iessantaeugenia\/wp-json\/wp\/v2\/posts"}],"about":[{"href":"https:\/\/agora.xtec.cat\/iessantaeugenia\/wp-json\/wp\/v2\/types\/post"}],"author":[{"embeddable":true,"href":"https:\/\/agora.xtec.cat\/iessantaeugenia\/wp-json\/wp\/v2\/users\/1"}],"replies":[{"embeddable":true,"href":"https:\/\/agora.xtec.cat\/iessantaeugenia\/wp-json\/wp\/v2\/comments?post=12504"}],"version-history":[{"count":2,"href":"https:\/\/agora.xtec.cat\/iessantaeugenia\/wp-json\/wp\/v2\/posts\/12504\/revisions"}],"predecessor-version":[{"id":12510,"href":"https:\/\/agora.xtec.cat\/iessantaeugenia\/wp-json\/wp\/v2\/posts\/12504\/revisions\/12510"}],"wp:featuredmedia":[{"embeddable":true,"href":"https:\/\/agora.xtec.cat\/iessantaeugenia\/wp-json\/wp\/v2\/media\/12506"}],"wp:attachment":[{"href":"https:\/\/agora.xtec.cat\/iessantaeugenia\/wp-json\/wp\/v2\/media?parent=12504"}],"wp:term":[{"taxonomy":"category","embeddable":true,"href":"https:\/\/agora.xtec.cat\/iessantaeugenia\/wp-json\/wp\/v2\/categories?post=12504"},{"taxonomy":"post_tag","embeddable":true,"href":"https:\/\/agora.xtec.cat\/iessantaeugenia\/wp-json\/wp\/v2\/tags?post=12504"}],"curies":[{"name":"wp","href":"https:\/\/api.w.org\/{rel}","templated":true}]}}