{"id":12456,"date":"2025-04-23T19:19:43","date_gmt":"2025-04-23T17:19:43","guid":{"rendered":"https:\/\/agora.xtec.cat\/iessantaeugenia\/?p=12456"},"modified":"2025-04-23T19:20:28","modified_gmt":"2025-04-23T17:20:28","slug":"els-alumnes-de-primer-deso-destada-de-colonies","status":"publish","type":"post","link":"https:\/\/agora.xtec.cat\/iessantaeugenia\/general\/els-alumnes-de-primer-deso-destada-de-colonies\/","title":{"rendered":"Els alumnes de primer d&#8217;ESO d\u2019estada de col\u00f2nies"},"content":{"rendered":"<p><span style=\"font-weight: 400;\">Uns dies abans de les vacances de Setmana Santa, l\u2019alumnat de primer d\u2019ESO va fer una sortida a Olot amb pernoctaci\u00f3 inclosa.<\/span><\/p>\n<p><span style=\"font-weight: 400;\">El primer dia van gaudir d\u2019una visita al nucli antic de Besal\u00fa, tot recorrent el seu emblem\u00e0tic pont, els carrerons, els banys i la sinagoga jueva, aix\u00ed com alguns edificis religiosos i civils del cristianisme.<\/span><\/p>\n<p><span style=\"font-weight: 400;\">L\u2019excursi\u00f3 va continuar a Olot, on durant dos dies els nois i noies van participar en una gimcana de descoberta de la ciutat i en diverses activitats relacionades amb el Parc Natural de la Zona Volc\u00e0nica: van pujar al Montsacopa i van visitar el museu interactiu \u201cEspai Cr\u00e0ter\u201d, entre d\u2019altres.<\/span><\/p>\n<p><span style=\"font-weight: 400;\">L\u2019alberg Malagrida, amb el seu magn\u00edfic jard\u00ed, va ser el punt de descans i tamb\u00e9 d\u2019esbarjo per als nostres alumnes.<\/span><span style=\"font-weight: 400;\"><br \/>\n<\/span><\/p>\n<p><span style=\"font-weight: 400;\">Professors i alumnes han valorat molt positivament la sortida, tant per les experi\u00e8ncies did\u00e0ctiques viscudes com per l\u2019enriquiment de les relacions personals.<\/span><\/p>\n<p><a href=\"https:\/\/agora.xtec.cat\/iessantaeugenia\/wp-content\/uploads\/usu1801\/2025\/04\/colonies-2n-eso-07.jpg\"><img loading=\"lazy\" decoding=\"async\" class=\"alignnone wp-image-12457\" src=\"https:\/\/agora.xtec.cat\/iessantaeugenia\/wp-content\/uploads\/usu1801\/2025\/04\/colonies-2n-eso-07-1024x1024.jpg\" alt=\"\" width=\"400\" height=\"400\" srcset=\"https:\/\/agora.xtec.cat\/iessantaeugenia\/wp-content\/uploads\/usu1801\/2025\/04\/colonies-2n-eso-07-1024x1024.jpg 1024w, https:\/\/agora.xtec.cat\/iessantaeugenia\/wp-content\/uploads\/usu1801\/2025\/04\/colonies-2n-eso-07-300x300.jpg 300w, https:\/\/agora.xtec.cat\/iessantaeugenia\/wp-content\/uploads\/usu1801\/2025\/04\/colonies-2n-eso-07-150x150.jpg 150w, https:\/\/agora.xtec.cat\/iessantaeugenia\/wp-content\/uploads\/usu1801\/2025\/04\/colonies-2n-eso-07-768x768.jpg 768w, https:\/\/agora.xtec.cat\/iessantaeugenia\/wp-content\/uploads\/usu1801\/2025\/04\/colonies-2n-eso-07.jpg 1080w\" sizes=\"auto, (max-width: 400px) 100vw, 400px\" \/>\u00a0\u00a0<\/a> <a href=\"https:\/\/agora.xtec.cat\/iessantaeugenia\/wp-content\/uploads\/usu1801\/2025\/04\/colonies-2n-eso-02.jpg\"><img loading=\"lazy\" decoding=\"async\" class=\"alignnone wp-image-12459\" src=\"https:\/\/agora.xtec.cat\/iessantaeugenia\/wp-content\/uploads\/usu1801\/2025\/04\/colonies-2n-eso-02-1024x1024.jpg\" alt=\"\" width=\"400\" height=\"400\" srcset=\"https:\/\/agora.xtec.cat\/iessantaeugenia\/wp-content\/uploads\/usu1801\/2025\/04\/colonies-2n-eso-02-1024x1024.jpg 1024w, https:\/\/agora.xtec.cat\/iessantaeugenia\/wp-content\/uploads\/usu1801\/2025\/04\/colonies-2n-eso-02-300x300.jpg 300w, https:\/\/agora.xtec.cat\/iessantaeugenia\/wp-content\/uploads\/usu1801\/2025\/04\/colonies-2n-eso-02-150x150.jpg 150w, https:\/\/agora.xtec.cat\/iessantaeugenia\/wp-content\/uploads\/usu1801\/2025\/04\/colonies-2n-eso-02-768x768.jpg 768w, https:\/\/agora.xtec.cat\/iessantaeugenia\/wp-content\/uploads\/usu1801\/2025\/04\/colonies-2n-eso-02.jpg 1080w\" sizes=\"auto, (max-width: 400px) 100vw, 400px\" \/><\/a><\/p>\n","protected":false},"excerpt":{"rendered":"<p>Uns dies abans de les vacances de Setmana Santa, l\u2019alumnat de primer d\u2019ESO va fer una sortida a Olot amb pernoctaci\u00f3 inclosa.<br \/>\nEl primer dia van gaudir d\u2019una visita al nucli antic de Besal\u00fa, tot recorrent el seu emblem\u00e0tic pont, els carrerons, els banys i la&hellip;  <a href=\"https:\/\/agora.xtec.cat\/iessantaeugenia\/general\/els-alumnes-de-primer-deso-destada-de-colonies\/\" title=\"Read Els alumnes de primer d&#8217;ESO d\u2019estada de col\u00f2nies\">Llegeix m\u00e9s\u00bb<\/a><\/p>\n","protected":false},"author":1,"featured_media":12457,"comment_status":"closed","ping_status":"closed","sticky":false,"template":"","format":"standard","meta":{"_bbp_topic_count":0,"_bbp_reply_count":0,"_bbp_total_topic_count":0,"_bbp_total_reply_count":0,"_bbp_voice_count":0,"_bbp_anonymous_reply_count":0,"_bbp_topic_count_hidden":0,"_bbp_reply_count_hidden":0,"_bbp_forum_subforum_count":0,"footnotes":""},"categories":[3,120,1,29],"tags":[],"class_list":["post-12456","post","type-post","status-publish","format-standard","has-post-thumbnail","hentry","category-1eso","category-eso","category-general","category-portada"],"post_mailing_queue_ids":[],"_links":{"self":[{"href":"https:\/\/agora.xtec.cat\/iessantaeugenia\/wp-json\/wp\/v2\/posts\/12456","targetHints":{"allow":["GET"]}}],"collection":[{"href":"https:\/\/agora.xtec.cat\/iessantaeugenia\/wp-json\/wp\/v2\/posts"}],"about":[{"href":"https:\/\/agora.xtec.cat\/iessantaeugenia\/wp-json\/wp\/v2\/types\/post"}],"author":[{"embeddable":true,"href":"https:\/\/agora.xtec.cat\/iessantaeugenia\/wp-json\/wp\/v2\/users\/1"}],"replies":[{"embeddable":true,"href":"https:\/\/agora.xtec.cat\/iessantaeugenia\/wp-json\/wp\/v2\/comments?post=12456"}],"version-history":[{"count":2,"href":"https:\/\/agora.xtec.cat\/iessantaeugenia\/wp-json\/wp\/v2\/posts\/12456\/revisions"}],"predecessor-version":[{"id":12461,"href":"https:\/\/agora.xtec.cat\/iessantaeugenia\/wp-json\/wp\/v2\/posts\/12456\/revisions\/12461"}],"wp:featuredmedia":[{"embeddable":true,"href":"https:\/\/agora.xtec.cat\/iessantaeugenia\/wp-json\/wp\/v2\/media\/12457"}],"wp:attachment":[{"href":"https:\/\/agora.xtec.cat\/iessantaeugenia\/wp-json\/wp\/v2\/media?parent=12456"}],"wp:term":[{"taxonomy":"category","embeddable":true,"href":"https:\/\/agora.xtec.cat\/iessantaeugenia\/wp-json\/wp\/v2\/categories?post=12456"},{"taxonomy":"post_tag","embeddable":true,"href":"https:\/\/agora.xtec.cat\/iessantaeugenia\/wp-json\/wp\/v2\/tags?post=12456"}],"curies":[{"name":"wp","href":"https:\/\/api.w.org\/{rel}","templated":true}]}}