{"id":12415,"date":"2025-04-09T16:37:29","date_gmt":"2025-04-09T14:37:29","guid":{"rendered":"https:\/\/agora.xtec.cat\/iessantaeugenia\/?p=12415"},"modified":"2025-04-09T16:37:29","modified_gmt":"2025-04-09T14:37:29","slug":"natacio-a-segon-deso","status":"publish","type":"post","link":"https:\/\/agora.xtec.cat\/iessantaeugenia\/general\/natacio-a-segon-deso\/","title":{"rendered":"Nataci\u00f3 a segon d\u2019ESO"},"content":{"rendered":"<p><span style=\"font-weight: 400;\">A Educaci\u00f3 F\u00edsica de segon d\u2019ESO estem duent a terme una seq\u00fc\u00e8ncia d\u2019aprenentatge de Nataci\u00f3 a la piscina de Santa Eug\u00e8nia &#8211; Can Gibert del Pla.<\/span><\/p>\n<p><span style=\"font-weight: 400;\">Realitzarem 10 sessions pr\u00e0ctiques per donar l\u2019oportunitat a l\u2019alumnat que aprengui a nedar. Per aquells\/es que ja tenen un cert de domini es pret\u00e9n:<\/span><\/p>\n<ul>\n<li><span style=\"font-weight: 400;\">Millorar els estils de nataci\u00f3.<\/span><\/li>\n<li><span style=\"font-weight: 400;\">Treballar les habilitats aqu\u00e0tiques en general.<\/span><\/li>\n<li><span style=\"font-weight: 400;\">Con\u00e8ixer diferents activitats com ara l\u2019aiguagim, waterpolo, t\u00e8cniques b\u00e0siques de salvament i socorrisme i jocs diversos.<\/span><\/li>\n<\/ul>\n<p><span style=\"font-weight: 400;\">A m\u00e9s a m\u00e9s, les sessions potencien:<\/span><\/p>\n<ul>\n<li style=\"font-weight: 400;\" aria-level=\"1\"><span style=\"font-weight: 400;\">Adquisici\u00f3 d\u2019uns h\u00e0bits d\u2019activitat f\u00edsica i h\u00e0bits higi\u00e8nics saludables.<\/span><\/li>\n<li style=\"font-weight: 400;\" aria-level=\"1\"><span style=\"font-weight: 400;\">Fomentar els valors de l\u2019autoestima i el saber estar.<\/span><\/li>\n<\/ul>\n<p><span style=\"font-weight: 400;\">La valoraci\u00f3 per part del professor Pol Reixach, la T\u00e8cnica d\u2019Integraci\u00f3 Social Marta Gim\u00e9nez i la professora de la SIEI, Bet Mart\u00ed, est\u00e0 essent molt positiva.<\/span><\/p>\n<p><span style=\"font-weight: 400;\">L\u2019Institut agraeix el suport econ\u00f2mic indispensable de l\u2019Associaci\u00f3 de Mares i Pares (AMPA). Tamb\u00e9 a l\u2019Ajuntament de Girona, a trav\u00e9s de la subvenci\u00f3 \u201cActiva el teu Projecte\u201d i de la cessi\u00f3 de les instal\u00b7lacions de manera gratu\u00efta.<\/span><\/p>\n<p><span style=\"font-weight: 400;\">Salut i activitat f\u00edsica!<\/span><\/p>\n<p><a href=\"https:\/\/agora.xtec.cat\/iessantaeugenia\/wp-content\/uploads\/usu1801\/2025\/04\/natacio-santa-eugenia-01.jpg\"><img loading=\"lazy\" decoding=\"async\" class=\"alignnone wp-image-12416\" src=\"https:\/\/agora.xtec.cat\/iessantaeugenia\/wp-content\/uploads\/usu1801\/2025\/04\/natacio-santa-eugenia-01-1024x1024.jpg\" alt=\"\" width=\"400\" height=\"400\" srcset=\"https:\/\/agora.xtec.cat\/iessantaeugenia\/wp-content\/uploads\/usu1801\/2025\/04\/natacio-santa-eugenia-01-1024x1024.jpg 1024w, https:\/\/agora.xtec.cat\/iessantaeugenia\/wp-content\/uploads\/usu1801\/2025\/04\/natacio-santa-eugenia-01-300x300.jpg 300w, https:\/\/agora.xtec.cat\/iessantaeugenia\/wp-content\/uploads\/usu1801\/2025\/04\/natacio-santa-eugenia-01-150x150.jpg 150w, https:\/\/agora.xtec.cat\/iessantaeugenia\/wp-content\/uploads\/usu1801\/2025\/04\/natacio-santa-eugenia-01-768x768.jpg 768w, https:\/\/agora.xtec.cat\/iessantaeugenia\/wp-content\/uploads\/usu1801\/2025\/04\/natacio-santa-eugenia-01.jpg 1080w\" sizes=\"auto, (max-width: 400px) 100vw, 400px\" \/>\u00a0\u00a0<\/a> <a href=\"https:\/\/agora.xtec.cat\/iessantaeugenia\/wp-content\/uploads\/usu1801\/2025\/04\/natacio-santa-eugenia-02.jpg\"><img loading=\"lazy\" decoding=\"async\" class=\"alignnone wp-image-12417\" src=\"https:\/\/agora.xtec.cat\/iessantaeugenia\/wp-content\/uploads\/usu1801\/2025\/04\/natacio-santa-eugenia-02-1024x1024.jpg\" alt=\"\" width=\"400\" height=\"400\" srcset=\"https:\/\/agora.xtec.cat\/iessantaeugenia\/wp-content\/uploads\/usu1801\/2025\/04\/natacio-santa-eugenia-02-1024x1024.jpg 1024w, https:\/\/agora.xtec.cat\/iessantaeugenia\/wp-content\/uploads\/usu1801\/2025\/04\/natacio-santa-eugenia-02-300x300.jpg 300w, https:\/\/agora.xtec.cat\/iessantaeugenia\/wp-content\/uploads\/usu1801\/2025\/04\/natacio-santa-eugenia-02-150x150.jpg 150w, https:\/\/agora.xtec.cat\/iessantaeugenia\/wp-content\/uploads\/usu1801\/2025\/04\/natacio-santa-eugenia-02-768x768.jpg 768w, https:\/\/agora.xtec.cat\/iessantaeugenia\/wp-content\/uploads\/usu1801\/2025\/04\/natacio-santa-eugenia-02.jpg 1080w\" sizes=\"auto, (max-width: 400px) 100vw, 400px\" \/><\/a><\/p>\n","protected":false},"excerpt":{"rendered":"<p>A Educaci\u00f3 F\u00edsica de segon d\u2019ESO estem duent a terme una seq\u00fc\u00e8ncia d\u2019aprenentatge de Nataci\u00f3 a la piscina de Santa Eug\u00e8nia &#8211; Can Gibert del Pla.<br \/>\nRealitzarem 10 sessions pr\u00e0ctiques per donar l\u2019oportunitat a l\u2019alumnat que aprengui a nedar. Per aquells\/es que ja tenen un cert&hellip;  <a href=\"https:\/\/agora.xtec.cat\/iessantaeugenia\/general\/natacio-a-segon-deso\/\" title=\"Read Nataci\u00f3 a segon d\u2019ESO\">Llegeix m\u00e9s\u00bb<\/a><\/p>\n","protected":false},"author":1,"featured_media":12418,"comment_status":"closed","ping_status":"closed","sticky":false,"template":"","format":"standard","meta":{"_bbp_topic_count":0,"_bbp_reply_count":0,"_bbp_total_topic_count":0,"_bbp_total_reply_count":0,"_bbp_voice_count":0,"_bbp_anonymous_reply_count":0,"_bbp_topic_count_hidden":0,"_bbp_reply_count_hidden":0,"_bbp_forum_subforum_count":0,"footnotes":""},"categories":[113,120,1,29],"tags":[],"class_list":["post-12415","post","type-post","status-publish","format-standard","has-post-thumbnail","hentry","category-2eso","category-eso","category-general","category-portada"],"post_mailing_queue_ids":[],"_links":{"self":[{"href":"https:\/\/agora.xtec.cat\/iessantaeugenia\/wp-json\/wp\/v2\/posts\/12415","targetHints":{"allow":["GET"]}}],"collection":[{"href":"https:\/\/agora.xtec.cat\/iessantaeugenia\/wp-json\/wp\/v2\/posts"}],"about":[{"href":"https:\/\/agora.xtec.cat\/iessantaeugenia\/wp-json\/wp\/v2\/types\/post"}],"author":[{"embeddable":true,"href":"https:\/\/agora.xtec.cat\/iessantaeugenia\/wp-json\/wp\/v2\/users\/1"}],"replies":[{"embeddable":true,"href":"https:\/\/agora.xtec.cat\/iessantaeugenia\/wp-json\/wp\/v2\/comments?post=12415"}],"version-history":[{"count":2,"href":"https:\/\/agora.xtec.cat\/iessantaeugenia\/wp-json\/wp\/v2\/posts\/12415\/revisions"}],"predecessor-version":[{"id":12421,"href":"https:\/\/agora.xtec.cat\/iessantaeugenia\/wp-json\/wp\/v2\/posts\/12415\/revisions\/12421"}],"wp:featuredmedia":[{"embeddable":true,"href":"https:\/\/agora.xtec.cat\/iessantaeugenia\/wp-json\/wp\/v2\/media\/12418"}],"wp:attachment":[{"href":"https:\/\/agora.xtec.cat\/iessantaeugenia\/wp-json\/wp\/v2\/media?parent=12415"}],"wp:term":[{"taxonomy":"category","embeddable":true,"href":"https:\/\/agora.xtec.cat\/iessantaeugenia\/wp-json\/wp\/v2\/categories?post=12415"},{"taxonomy":"post_tag","embeddable":true,"href":"https:\/\/agora.xtec.cat\/iessantaeugenia\/wp-json\/wp\/v2\/tags?post=12415"}],"curies":[{"name":"wp","href":"https:\/\/api.w.org\/{rel}","templated":true}]}}