{"id":12395,"date":"2025-04-04T21:24:17","date_gmt":"2025-04-04T19:24:17","guid":{"rendered":"https:\/\/agora.xtec.cat\/iessantaeugenia\/?p=12395"},"modified":"2025-04-04T21:24:26","modified_gmt":"2025-04-04T19:24:26","slug":"aprenem-a-salvar-vides","status":"publish","type":"post","link":"https:\/\/agora.xtec.cat\/iessantaeugenia\/general\/aprenem-a-salvar-vides\/","title":{"rendered":"Aprenem a salvar vides!"},"content":{"rendered":"<p><span style=\"font-weight: 400;\">Els dies 28 i 31 de mar\u00e7, vuit grups de Grau Mitj\u00e0 de Formaci\u00f3 Professional de l\u2019escola han participat en un taller pr\u00e0ctic de reanimaci\u00f3 cardiopulmonar (RCP). L\u2019objectiu? Aprendre qu\u00e8 fer en cas d&#8217;aturada card\u00edaca i com actuar de manera r\u00e0pida i efectiva.<\/span><\/p>\n<p><span style=\"font-weight: 400;\">Durant la sessi\u00f3, els alumnes han apr\u00e8s a recon\u00e8ixer una emerg\u00e8ncia, avisar el 112 i fer les compressions tor\u00e0ciques correctament. Amb l\u2019ajuda de maniquins, han practicat el ritme i la for\u00e7a necess\u00e0ria per fer una RCP efectiva. Tot plegat, una experi\u00e8ncia molt \u00fatil i din\u00e0mica!<\/span><\/p>\n<p><span style=\"font-weight: 400;\">Saber RCP pot marcar la difer\u00e8ncia en una situaci\u00f3 real. Amb aquest taller, l\u2019escola aposta per donar als alumnes eines pr\u00e0ctiques per a la vida real. Tant de bo mai s\u2019hagin de fer servir, per\u00f2 si arriba el moment, estarem preparats!<\/span><\/p>\n<p><a href=\"https:\/\/agora.xtec.cat\/iessantaeugenia\/wp-content\/uploads\/usu1801\/2025\/04\/taller-reanimacio-03.jpg\"><img loading=\"lazy\" decoding=\"async\" class=\"alignnone wp-image-12396\" src=\"https:\/\/agora.xtec.cat\/iessantaeugenia\/wp-content\/uploads\/usu1801\/2025\/04\/taller-reanimacio-03-1024x1024.jpg\" alt=\"\" width=\"400\" height=\"400\" srcset=\"https:\/\/agora.xtec.cat\/iessantaeugenia\/wp-content\/uploads\/usu1801\/2025\/04\/taller-reanimacio-03-1024x1024.jpg 1024w, https:\/\/agora.xtec.cat\/iessantaeugenia\/wp-content\/uploads\/usu1801\/2025\/04\/taller-reanimacio-03-300x300.jpg 300w, https:\/\/agora.xtec.cat\/iessantaeugenia\/wp-content\/uploads\/usu1801\/2025\/04\/taller-reanimacio-03-150x150.jpg 150w, https:\/\/agora.xtec.cat\/iessantaeugenia\/wp-content\/uploads\/usu1801\/2025\/04\/taller-reanimacio-03-768x768.jpg 768w, https:\/\/agora.xtec.cat\/iessantaeugenia\/wp-content\/uploads\/usu1801\/2025\/04\/taller-reanimacio-03.jpg 1080w\" sizes=\"auto, (max-width: 400px) 100vw, 400px\" \/>\u00a0\u00a0<\/a> <a href=\"https:\/\/agora.xtec.cat\/iessantaeugenia\/wp-content\/uploads\/usu1801\/2025\/04\/taller-reanimacio-05.jpg\"><img loading=\"lazy\" decoding=\"async\" class=\"alignnone wp-image-12398\" src=\"https:\/\/agora.xtec.cat\/iessantaeugenia\/wp-content\/uploads\/usu1801\/2025\/04\/taller-reanimacio-05-1024x1024.jpg\" alt=\"\" width=\"400\" height=\"400\" srcset=\"https:\/\/agora.xtec.cat\/iessantaeugenia\/wp-content\/uploads\/usu1801\/2025\/04\/taller-reanimacio-05-1024x1024.jpg 1024w, https:\/\/agora.xtec.cat\/iessantaeugenia\/wp-content\/uploads\/usu1801\/2025\/04\/taller-reanimacio-05-300x300.jpg 300w, https:\/\/agora.xtec.cat\/iessantaeugenia\/wp-content\/uploads\/usu1801\/2025\/04\/taller-reanimacio-05-150x150.jpg 150w, https:\/\/agora.xtec.cat\/iessantaeugenia\/wp-content\/uploads\/usu1801\/2025\/04\/taller-reanimacio-05-768x768.jpg 768w, https:\/\/agora.xtec.cat\/iessantaeugenia\/wp-content\/uploads\/usu1801\/2025\/04\/taller-reanimacio-05.jpg 1080w\" sizes=\"auto, (max-width: 400px) 100vw, 400px\" \/><\/a><\/p>\n","protected":false},"excerpt":{"rendered":"<p>Els dies 28 i 31 de mar\u00e7, vuit grups de Grau Mitj\u00e0 de Formaci\u00f3 Professional de l\u2019escola han participat en un taller pr\u00e0ctic de reanimaci\u00f3 cardiopulmonar (RCP). L\u2019objectiu? Aprendre qu\u00e8 fer en cas d&#8217;aturada card\u00edaca i com actuar de manera r\u00e0pida i efectiva.<br \/>\nDurant la sessi\u00f3,&hellip;  <a href=\"https:\/\/agora.xtec.cat\/iessantaeugenia\/general\/aprenem-a-salvar-vides\/\" title=\"Read Aprenem a salvar vides!\">Llegeix m\u00e9s\u00bb<\/a><\/p>\n","protected":false},"author":1,"featured_media":12397,"comment_status":"closed","ping_status":"closed","sticky":false,"template":"","format":"standard","meta":{"_bbp_topic_count":0,"_bbp_reply_count":0,"_bbp_total_topic_count":0,"_bbp_total_reply_count":0,"_bbp_voice_count":0,"_bbp_anonymous_reply_count":0,"_bbp_topic_count_hidden":0,"_bbp_reply_count_hidden":0,"_bbp_forum_subforum_count":0,"footnotes":""},"categories":[30,1,29],"tags":[],"class_list":["post-12395","post","type-post","status-publish","format-standard","has-post-thumbnail","hentry","category-cicles-formatius","category-general","category-portada"],"post_mailing_queue_ids":[],"_links":{"self":[{"href":"https:\/\/agora.xtec.cat\/iessantaeugenia\/wp-json\/wp\/v2\/posts\/12395","targetHints":{"allow":["GET"]}}],"collection":[{"href":"https:\/\/agora.xtec.cat\/iessantaeugenia\/wp-json\/wp\/v2\/posts"}],"about":[{"href":"https:\/\/agora.xtec.cat\/iessantaeugenia\/wp-json\/wp\/v2\/types\/post"}],"author":[{"embeddable":true,"href":"https:\/\/agora.xtec.cat\/iessantaeugenia\/wp-json\/wp\/v2\/users\/1"}],"replies":[{"embeddable":true,"href":"https:\/\/agora.xtec.cat\/iessantaeugenia\/wp-json\/wp\/v2\/comments?post=12395"}],"version-history":[{"count":1,"href":"https:\/\/agora.xtec.cat\/iessantaeugenia\/wp-json\/wp\/v2\/posts\/12395\/revisions"}],"predecessor-version":[{"id":12399,"href":"https:\/\/agora.xtec.cat\/iessantaeugenia\/wp-json\/wp\/v2\/posts\/12395\/revisions\/12399"}],"wp:featuredmedia":[{"embeddable":true,"href":"https:\/\/agora.xtec.cat\/iessantaeugenia\/wp-json\/wp\/v2\/media\/12397"}],"wp:attachment":[{"href":"https:\/\/agora.xtec.cat\/iessantaeugenia\/wp-json\/wp\/v2\/media?parent=12395"}],"wp:term":[{"taxonomy":"category","embeddable":true,"href":"https:\/\/agora.xtec.cat\/iessantaeugenia\/wp-json\/wp\/v2\/categories?post=12395"},{"taxonomy":"post_tag","embeddable":true,"href":"https:\/\/agora.xtec.cat\/iessantaeugenia\/wp-json\/wp\/v2\/tags?post=12395"}],"curies":[{"name":"wp","href":"https:\/\/api.w.org\/{rel}","templated":true}]}}