{"id":12392,"date":"2025-04-02T19:51:12","date_gmt":"2025-04-02T17:51:12","guid":{"rendered":"https:\/\/agora.xtec.cat\/iessantaeugenia\/?p=12392"},"modified":"2025-04-02T19:51:12","modified_gmt":"2025-04-02T17:51:12","slug":"presentem-la-ix-edicio-de-comarqueting","status":"publish","type":"post","link":"https:\/\/agora.xtec.cat\/iessantaeugenia\/general\/presentem-la-ix-edicio-de-comarqueting\/","title":{"rendered":"Presentem la IX edici\u00f3 de Com\u00e0rqueting"},"content":{"rendered":"<p><span style=\"font-weight: 400;\">El 6 de mar\u00e7, els alumnes del segon curs del Cicle Formatiu de Grau Superior en Gesti\u00f3 de Vendes i Espais Comercials van comen\u00e7ar a treballar en un projecte de Com\u00e0rqueting per organitzar un esdeveniment a l&#8217;Institut Santa Eug\u00e8nia. L&#8217;esdeveniment tindr\u00e0 lloc el 10 d&#8217;abril, de 16:00 a 20:00 hores, i els alumnes s\u00f3n els encarregats de tota la seva gesti\u00f3.<\/span><\/p>\n<p><span style=\"font-weight: 400;\">Aquesta jornada comptar\u00e0 amb tres ponents destacats: S\u00edlvia Castell\u00f3, fundadora i presidenta de Qstura i directora del grau en moda UdG; Jordi Serra, responsable de comunicaci\u00f3 a diferents empreses i docent a l\u2019UdG; i V\u00edctor Dom\u00ednguez, emprenedor i fundador de Pis en Pis, els qui ens compartiran els seus coneixements en xerrades sobre comer\u00e7, m\u00e0rqueting, emprenedoria i altres temes relacionats amb el m\u00f3n empresarial. A m\u00e9s, es duran a terme concursos i jocs interactius amb premis per als primers guanyadors.\u00a0<\/span><\/p>\n<p><span style=\"font-weight: 400;\">Per als assistents, tamb\u00e9 se servir\u00e0 un pica-pica per gaudir d\u2019un ambient m\u00e9s dist\u00e8s i de la possibilitat de tenir un contacte m\u00e9s proper amb els ponents. Els alumnes de segon de Vendes estan treballant amb il\u00b7lusi\u00f3 i entusiasme per garantir que l\u2019esdeveniment sigui una experi\u00e8ncia enriquidora i divertida per a tots els participants.<\/span><\/p>\n<p><a href=\"https:\/\/agora.xtec.cat\/iessantaeugenia\/wp-content\/uploads\/usu1801\/2025\/04\/comarketing-25-01.jpg\"><img loading=\"lazy\" decoding=\"async\" class=\"alignnone wp-image-12393\" src=\"https:\/\/agora.xtec.cat\/iessantaeugenia\/wp-content\/uploads\/usu1801\/2025\/04\/comarketing-25-01-1024x1024.jpg\" alt=\"\" width=\"400\" height=\"400\" srcset=\"https:\/\/agora.xtec.cat\/iessantaeugenia\/wp-content\/uploads\/usu1801\/2025\/04\/comarketing-25-01-1024x1024.jpg 1024w, https:\/\/agora.xtec.cat\/iessantaeugenia\/wp-content\/uploads\/usu1801\/2025\/04\/comarketing-25-01-300x300.jpg 300w, https:\/\/agora.xtec.cat\/iessantaeugenia\/wp-content\/uploads\/usu1801\/2025\/04\/comarketing-25-01-150x150.jpg 150w, https:\/\/agora.xtec.cat\/iessantaeugenia\/wp-content\/uploads\/usu1801\/2025\/04\/comarketing-25-01-768x768.jpg 768w, https:\/\/agora.xtec.cat\/iessantaeugenia\/wp-content\/uploads\/usu1801\/2025\/04\/comarketing-25-01.jpg 1080w\" sizes=\"auto, (max-width: 400px) 100vw, 400px\" \/><\/a><\/p>\n","protected":false},"excerpt":{"rendered":"<p>El 6 de mar\u00e7, els alumnes del segon curs del Cicle Formatiu de Grau Superior en Gesti\u00f3 de Vendes i Espais Comercials van comen\u00e7ar a treballar en un projecte de Com\u00e0rqueting per organitzar un esdeveniment a l&#8217;Institut Santa Eug\u00e8nia. L&#8217;esdeveniment tindr\u00e0 lloc el 10 d&#8217;abril,&hellip;  <a href=\"https:\/\/agora.xtec.cat\/iessantaeugenia\/general\/presentem-la-ix-edicio-de-comarqueting\/\" title=\"Read Presentem la IX edici\u00f3 de Com\u00e0rqueting\">Llegeix m\u00e9s\u00bb<\/a><\/p>\n","protected":false},"author":1,"featured_media":12393,"comment_status":"closed","ping_status":"closed","sticky":false,"template":"","format":"standard","meta":{"_bbp_topic_count":0,"_bbp_reply_count":0,"_bbp_total_topic_count":0,"_bbp_total_reply_count":0,"_bbp_voice_count":0,"_bbp_anonymous_reply_count":0,"_bbp_topic_count_hidden":0,"_bbp_reply_count_hidden":0,"_bbp_forum_subforum_count":0,"footnotes":""},"categories":[30,1,29],"tags":[],"class_list":["post-12392","post","type-post","status-publish","format-standard","has-post-thumbnail","hentry","category-cicles-formatius","category-general","category-portada"],"post_mailing_queue_ids":[],"_links":{"self":[{"href":"https:\/\/agora.xtec.cat\/iessantaeugenia\/wp-json\/wp\/v2\/posts\/12392","targetHints":{"allow":["GET"]}}],"collection":[{"href":"https:\/\/agora.xtec.cat\/iessantaeugenia\/wp-json\/wp\/v2\/posts"}],"about":[{"href":"https:\/\/agora.xtec.cat\/iessantaeugenia\/wp-json\/wp\/v2\/types\/post"}],"author":[{"embeddable":true,"href":"https:\/\/agora.xtec.cat\/iessantaeugenia\/wp-json\/wp\/v2\/users\/1"}],"replies":[{"embeddable":true,"href":"https:\/\/agora.xtec.cat\/iessantaeugenia\/wp-json\/wp\/v2\/comments?post=12392"}],"version-history":[{"count":1,"href":"https:\/\/agora.xtec.cat\/iessantaeugenia\/wp-json\/wp\/v2\/posts\/12392\/revisions"}],"predecessor-version":[{"id":12394,"href":"https:\/\/agora.xtec.cat\/iessantaeugenia\/wp-json\/wp\/v2\/posts\/12392\/revisions\/12394"}],"wp:featuredmedia":[{"embeddable":true,"href":"https:\/\/agora.xtec.cat\/iessantaeugenia\/wp-json\/wp\/v2\/media\/12393"}],"wp:attachment":[{"href":"https:\/\/agora.xtec.cat\/iessantaeugenia\/wp-json\/wp\/v2\/media?parent=12392"}],"wp:term":[{"taxonomy":"category","embeddable":true,"href":"https:\/\/agora.xtec.cat\/iessantaeugenia\/wp-json\/wp\/v2\/categories?post=12392"},{"taxonomy":"post_tag","embeddable":true,"href":"https:\/\/agora.xtec.cat\/iessantaeugenia\/wp-json\/wp\/v2\/tags?post=12392"}],"curies":[{"name":"wp","href":"https:\/\/api.w.org\/{rel}","templated":true}]}}