{"id":12340,"date":"2025-03-26T08:39:43","date_gmt":"2025-03-26T07:39:43","guid":{"rendered":"https:\/\/agora.xtec.cat\/iessantaeugenia\/?p=12340"},"modified":"2025-03-26T08:58:32","modified_gmt":"2025-03-26T07:58:32","slug":"visita-a-oxiter-i-vitersa","status":"publish","type":"post","link":"https:\/\/agora.xtec.cat\/iessantaeugenia\/general\/visita-a-oxiter-i-vitersa\/","title":{"rendered":"Visita a Oxiter i Vitersa"},"content":{"rendered":"<p><span style=\"font-weight: 400;\">El passat dimarts 18 de mar\u00e7, l&#8217;alumnat de segon curs del Cicle Formatiu de Grau Mitj\u00e0 de Mecanitzaci\u00f3 va visitar les empreses del sector del metall Oxiter i Vitersa. Ambdues ubicades a la zona industrial de Domeny.<\/span><\/p>\n<p><span style=\"font-weight: 400;\">Oxiter \u00e9s una empresa especialitzada en el proc\u00e9s de tall de metall que disposa de tecnologia capdavantera en aquest \u00e0mbit. L&#8217;alumnat va poder observar maquin\u00e0ria i rebre dades molt concretes dels processos de tall per oxitall, tall per plasma d\u2019alta definici\u00f3, tall per l\u00e0ser, tall per doll d\u2019aigua i tall de tub per l\u00e0ser 3D.<\/span><\/p>\n<p><span style=\"font-weight: 400;\">Per la seva banda, Vitersa, que pertany al mateix grup empresarial, \u00e9s una empresa dedicada al mecanitzat de s\u00e8ries de peces d\u2019acer, acer inoxidable, acer d\u00faplex, alumini o pl\u00e0stics t\u00e8cnics. Per aquest objectiu, compta amb centres de mecanitzaci\u00f3 i torns CNC que li permet diversificar l&#8217;oferta de serveis i una gran versatilitat per adaptar-se a les necessitats espec\u00edfiques de cada client.<\/span><\/p>\n<p><span style=\"font-weight: 400;\">Tant l\u2019alumnat com el professorat volem agrair a Oxiter i Vitersa que ens hagin obert les seves portes, i molt especialment al Sr. Jordi Coll totes les explicacions i la informaci\u00f3 t\u00e8cnica que ens va transmetre.<\/span><\/p>\n<p><a href=\"https:\/\/agora.xtec.cat\/iessantaeugenia\/wp-content\/uploads\/usu1801\/2025\/03\/sortida-mecanitzacio-oxiter-01.jpg\"><img loading=\"lazy\" decoding=\"async\" class=\"alignnone wp-image-12341\" src=\"https:\/\/agora.xtec.cat\/iessantaeugenia\/wp-content\/uploads\/usu1801\/2025\/03\/sortida-mecanitzacio-oxiter-01-1024x1024.jpg\" alt=\"\" width=\"400\" height=\"400\" srcset=\"https:\/\/agora.xtec.cat\/iessantaeugenia\/wp-content\/uploads\/usu1801\/2025\/03\/sortida-mecanitzacio-oxiter-01-1024x1024.jpg 1024w, https:\/\/agora.xtec.cat\/iessantaeugenia\/wp-content\/uploads\/usu1801\/2025\/03\/sortida-mecanitzacio-oxiter-01-300x300.jpg 300w, https:\/\/agora.xtec.cat\/iessantaeugenia\/wp-content\/uploads\/usu1801\/2025\/03\/sortida-mecanitzacio-oxiter-01-150x150.jpg 150w, https:\/\/agora.xtec.cat\/iessantaeugenia\/wp-content\/uploads\/usu1801\/2025\/03\/sortida-mecanitzacio-oxiter-01-768x768.jpg 768w, https:\/\/agora.xtec.cat\/iessantaeugenia\/wp-content\/uploads\/usu1801\/2025\/03\/sortida-mecanitzacio-oxiter-01.jpg 1080w\" sizes=\"auto, (max-width: 400px) 100vw, 400px\" \/>\u00a0\u00a0<\/a> <a href=\"https:\/\/agora.xtec.cat\/iessantaeugenia\/wp-content\/uploads\/usu1801\/2025\/03\/sortida-mecanitzacio-oxiter-03.jpg\"><img loading=\"lazy\" decoding=\"async\" class=\"alignnone wp-image-12343\" src=\"https:\/\/agora.xtec.cat\/iessantaeugenia\/wp-content\/uploads\/usu1801\/2025\/03\/sortida-mecanitzacio-oxiter-03-1024x1024.jpg\" alt=\"\" width=\"400\" height=\"400\" srcset=\"https:\/\/agora.xtec.cat\/iessantaeugenia\/wp-content\/uploads\/usu1801\/2025\/03\/sortida-mecanitzacio-oxiter-03-1024x1024.jpg 1024w, https:\/\/agora.xtec.cat\/iessantaeugenia\/wp-content\/uploads\/usu1801\/2025\/03\/sortida-mecanitzacio-oxiter-03-300x300.jpg 300w, https:\/\/agora.xtec.cat\/iessantaeugenia\/wp-content\/uploads\/usu1801\/2025\/03\/sortida-mecanitzacio-oxiter-03-150x150.jpg 150w, https:\/\/agora.xtec.cat\/iessantaeugenia\/wp-content\/uploads\/usu1801\/2025\/03\/sortida-mecanitzacio-oxiter-03-768x768.jpg 768w, https:\/\/agora.xtec.cat\/iessantaeugenia\/wp-content\/uploads\/usu1801\/2025\/03\/sortida-mecanitzacio-oxiter-03.jpg 1080w\" sizes=\"auto, (max-width: 400px) 100vw, 400px\" \/><\/a><\/p>\n<p>&nbsp;<\/p>\n","protected":false},"excerpt":{"rendered":"<p>El passat dimarts 18 de mar\u00e7, l&#8217;alumnat de segon curs del Cicle Formatiu de Grau Mitj\u00e0 de Mecanitzaci\u00f3 va visitar les empreses del sector del metall Oxiter i Vitersa. Ambdues ubicades a la zona industrial de Domeny.<br \/>\nOxiter \u00e9s una empresa especialitzada en el proc\u00e9s de&hellip;  <a href=\"https:\/\/agora.xtec.cat\/iessantaeugenia\/general\/visita-a-oxiter-i-vitersa\/\" title=\"Read Visita a Oxiter i Vitersa\">Llegeix m\u00e9s\u00bb<\/a><\/p>\n","protected":false},"author":1,"featured_media":12342,"comment_status":"closed","ping_status":"closed","sticky":false,"template":"","format":"standard","meta":{"_bbp_topic_count":0,"_bbp_reply_count":0,"_bbp_total_topic_count":0,"_bbp_total_reply_count":0,"_bbp_voice_count":0,"_bbp_anonymous_reply_count":0,"_bbp_topic_count_hidden":0,"_bbp_reply_count_hidden":0,"_bbp_forum_subforum_count":0,"footnotes":""},"categories":[30,1,29],"tags":[],"class_list":["post-12340","post","type-post","status-publish","format-standard","has-post-thumbnail","hentry","category-cicles-formatius","category-general","category-portada"],"post_mailing_queue_ids":[],"_links":{"self":[{"href":"https:\/\/agora.xtec.cat\/iessantaeugenia\/wp-json\/wp\/v2\/posts\/12340","targetHints":{"allow":["GET"]}}],"collection":[{"href":"https:\/\/agora.xtec.cat\/iessantaeugenia\/wp-json\/wp\/v2\/posts"}],"about":[{"href":"https:\/\/agora.xtec.cat\/iessantaeugenia\/wp-json\/wp\/v2\/types\/post"}],"author":[{"embeddable":true,"href":"https:\/\/agora.xtec.cat\/iessantaeugenia\/wp-json\/wp\/v2\/users\/1"}],"replies":[{"embeddable":true,"href":"https:\/\/agora.xtec.cat\/iessantaeugenia\/wp-json\/wp\/v2\/comments?post=12340"}],"version-history":[{"count":1,"href":"https:\/\/agora.xtec.cat\/iessantaeugenia\/wp-json\/wp\/v2\/posts\/12340\/revisions"}],"predecessor-version":[{"id":12344,"href":"https:\/\/agora.xtec.cat\/iessantaeugenia\/wp-json\/wp\/v2\/posts\/12340\/revisions\/12344"}],"wp:featuredmedia":[{"embeddable":true,"href":"https:\/\/agora.xtec.cat\/iessantaeugenia\/wp-json\/wp\/v2\/media\/12342"}],"wp:attachment":[{"href":"https:\/\/agora.xtec.cat\/iessantaeugenia\/wp-json\/wp\/v2\/media?parent=12340"}],"wp:term":[{"taxonomy":"category","embeddable":true,"href":"https:\/\/agora.xtec.cat\/iessantaeugenia\/wp-json\/wp\/v2\/categories?post=12340"},{"taxonomy":"post_tag","embeddable":true,"href":"https:\/\/agora.xtec.cat\/iessantaeugenia\/wp-json\/wp\/v2\/tags?post=12340"}],"curies":[{"name":"wp","href":"https:\/\/api.w.org\/{rel}","templated":true}]}}