{"id":12323,"date":"2025-03-22T11:00:53","date_gmt":"2025-03-22T10:00:53","guid":{"rendered":"https:\/\/agora.xtec.cat\/iessantaeugenia\/?p=12323"},"modified":"2025-03-21T14:05:14","modified_gmt":"2025-03-21T13:05:14","slug":"lescriptor-arturo-padilla-al-santa-eugenia","status":"publish","type":"post","link":"https:\/\/agora.xtec.cat\/iessantaeugenia\/general\/lescriptor-arturo-padilla-al-santa-eugenia\/","title":{"rendered":"L\u2019escriptor Arturo Padilla al Santa Eug\u00e8nia"},"content":{"rendered":"<p><span style=\"font-weight: 400;\">El dimecres 12 de mar\u00e7 l&#8217;alumnat de 3r d&#8217;ESO va poder viure una experi\u00e8ncia molt interessant!<\/span><\/p>\n<p><span style=\"font-weight: 400;\">Despr\u00e9s d&#8217;haver llegit i treballat la novel\u00b7la &#8220;Ombres a la foscor&#8221; d&#8217;Arturo Padilla vam rebre la seva visita a classe.<\/span><\/p>\n<p><span style=\"font-weight: 400;\">Poder parlar amb l&#8217;autor i fer-li preguntes i, sobretot investigar el seu desenlla\u00e7, va ser incre\u00efble. El debat va ser am\u00e8, din\u00e0mic i participatiu.<\/span><span style=\"font-weight: 400;\">Tamb\u00e9 li vam mostrar un &#8220;knolling literari&#8221; del llibre creat per l&#8217;alumnat.<\/span><\/p>\n<p><span style=\"font-weight: 400;\">Arturo Padilla es va mostrar molt proper i emp\u00e0tic, ens va encomanar les ganes de continuar llegint i ens va proposar un repte: elaborar un booktrailer sobre el llibre i participar en un concurs!<\/span><\/p>\n<p><a href=\"https:\/\/agora.xtec.cat\/iessantaeugenia\/wp-content\/uploads\/usu1801\/2025\/03\/xerrada-arturo-padilla-01.jpg\"><img loading=\"lazy\" decoding=\"async\" class=\"alignnone wp-image-12324\" src=\"https:\/\/agora.xtec.cat\/iessantaeugenia\/wp-content\/uploads\/usu1801\/2025\/03\/xerrada-arturo-padilla-01-1024x1024.jpg\" alt=\"\" width=\"400\" height=\"400\" srcset=\"https:\/\/agora.xtec.cat\/iessantaeugenia\/wp-content\/uploads\/usu1801\/2025\/03\/xerrada-arturo-padilla-01-1024x1024.jpg 1024w, https:\/\/agora.xtec.cat\/iessantaeugenia\/wp-content\/uploads\/usu1801\/2025\/03\/xerrada-arturo-padilla-01-300x300.jpg 300w, https:\/\/agora.xtec.cat\/iessantaeugenia\/wp-content\/uploads\/usu1801\/2025\/03\/xerrada-arturo-padilla-01-150x150.jpg 150w, https:\/\/agora.xtec.cat\/iessantaeugenia\/wp-content\/uploads\/usu1801\/2025\/03\/xerrada-arturo-padilla-01-768x768.jpg 768w, https:\/\/agora.xtec.cat\/iessantaeugenia\/wp-content\/uploads\/usu1801\/2025\/03\/xerrada-arturo-padilla-01.jpg 1080w\" sizes=\"auto, (max-width: 400px) 100vw, 400px\" \/><\/a> \u00a0\u00a0<a href=\"https:\/\/agora.xtec.cat\/iessantaeugenia\/wp-content\/uploads\/usu1801\/2025\/03\/xerrada-arturo-padilla-02.jpg\"><img loading=\"lazy\" decoding=\"async\" class=\"alignnone wp-image-12325\" src=\"https:\/\/agora.xtec.cat\/iessantaeugenia\/wp-content\/uploads\/usu1801\/2025\/03\/xerrada-arturo-padilla-02-1024x1024.jpg\" alt=\"\" width=\"400\" height=\"400\" srcset=\"https:\/\/agora.xtec.cat\/iessantaeugenia\/wp-content\/uploads\/usu1801\/2025\/03\/xerrada-arturo-padilla-02-1024x1024.jpg 1024w, https:\/\/agora.xtec.cat\/iessantaeugenia\/wp-content\/uploads\/usu1801\/2025\/03\/xerrada-arturo-padilla-02-300x300.jpg 300w, https:\/\/agora.xtec.cat\/iessantaeugenia\/wp-content\/uploads\/usu1801\/2025\/03\/xerrada-arturo-padilla-02-150x150.jpg 150w, https:\/\/agora.xtec.cat\/iessantaeugenia\/wp-content\/uploads\/usu1801\/2025\/03\/xerrada-arturo-padilla-02-768x768.jpg 768w, https:\/\/agora.xtec.cat\/iessantaeugenia\/wp-content\/uploads\/usu1801\/2025\/03\/xerrada-arturo-padilla-02.jpg 1080w\" sizes=\"auto, (max-width: 400px) 100vw, 400px\" \/>\u00a0<\/a><\/p>\n<p><a href=\"https:\/\/agora.xtec.cat\/iessantaeugenia\/wp-content\/uploads\/usu1801\/2025\/03\/xerrada-arturo-padilla-04.jpg\"><img loading=\"lazy\" decoding=\"async\" class=\"alignnone wp-image-12327\" src=\"https:\/\/agora.xtec.cat\/iessantaeugenia\/wp-content\/uploads\/usu1801\/2025\/03\/xerrada-arturo-padilla-04-1024x1024.jpg\" alt=\"\" width=\"400\" height=\"400\" srcset=\"https:\/\/agora.xtec.cat\/iessantaeugenia\/wp-content\/uploads\/usu1801\/2025\/03\/xerrada-arturo-padilla-04-1024x1024.jpg 1024w, https:\/\/agora.xtec.cat\/iessantaeugenia\/wp-content\/uploads\/usu1801\/2025\/03\/xerrada-arturo-padilla-04-300x300.jpg 300w, https:\/\/agora.xtec.cat\/iessantaeugenia\/wp-content\/uploads\/usu1801\/2025\/03\/xerrada-arturo-padilla-04-150x150.jpg 150w, https:\/\/agora.xtec.cat\/iessantaeugenia\/wp-content\/uploads\/usu1801\/2025\/03\/xerrada-arturo-padilla-04-768x768.jpg 768w, https:\/\/agora.xtec.cat\/iessantaeugenia\/wp-content\/uploads\/usu1801\/2025\/03\/xerrada-arturo-padilla-04.jpg 1080w\" sizes=\"auto, (max-width: 400px) 100vw, 400px\" \/>\u00a0 <\/a><a href=\"https:\/\/agora.xtec.cat\/iessantaeugenia\/wp-content\/uploads\/usu1801\/2025\/03\/xerrada-arturo-padilla-03.jpg\"><img loading=\"lazy\" decoding=\"async\" class=\"alignnone wp-image-12326\" src=\"https:\/\/agora.xtec.cat\/iessantaeugenia\/wp-content\/uploads\/usu1801\/2025\/03\/xerrada-arturo-padilla-03-1024x1024.jpg\" alt=\"\" width=\"400\" height=\"400\" srcset=\"https:\/\/agora.xtec.cat\/iessantaeugenia\/wp-content\/uploads\/usu1801\/2025\/03\/xerrada-arturo-padilla-03-1024x1024.jpg 1024w, https:\/\/agora.xtec.cat\/iessantaeugenia\/wp-content\/uploads\/usu1801\/2025\/03\/xerrada-arturo-padilla-03-300x300.jpg 300w, https:\/\/agora.xtec.cat\/iessantaeugenia\/wp-content\/uploads\/usu1801\/2025\/03\/xerrada-arturo-padilla-03-150x150.jpg 150w, https:\/\/agora.xtec.cat\/iessantaeugenia\/wp-content\/uploads\/usu1801\/2025\/03\/xerrada-arturo-padilla-03-768x768.jpg 768w, https:\/\/agora.xtec.cat\/iessantaeugenia\/wp-content\/uploads\/usu1801\/2025\/03\/xerrada-arturo-padilla-03.jpg 1080w\" sizes=\"auto, (max-width: 400px) 100vw, 400px\" \/><\/a><\/p>\n","protected":false},"excerpt":{"rendered":"<p>El dimecres 12 de mar\u00e7 l&#8217;alumnat de 3r d&#8217;ESO va poder viure una experi\u00e8ncia molt interessant!<br \/>\nDespr\u00e9s d&#8217;haver llegit i treballat la novel\u00b7la &#8220;Ombres a la foscor&#8221; d&#8217;Arturo Padilla vam rebre la seva visita a classe.<br \/>\nPoder parlar amb l&#8217;autor i fer-li preguntes i, sobretot investigar el&hellip;  <a href=\"https:\/\/agora.xtec.cat\/iessantaeugenia\/general\/lescriptor-arturo-padilla-al-santa-eugenia\/\" title=\"Read L\u2019escriptor Arturo Padilla al Santa Eug\u00e8nia\">Llegeix m\u00e9s\u00bb<\/a><\/p>\n","protected":false},"author":1,"featured_media":12324,"comment_status":"closed","ping_status":"closed","sticky":false,"template":"","format":"standard","meta":{"_bbp_topic_count":0,"_bbp_reply_count":0,"_bbp_total_topic_count":0,"_bbp_total_reply_count":0,"_bbp_voice_count":0,"_bbp_anonymous_reply_count":0,"_bbp_topic_count_hidden":0,"_bbp_reply_count_hidden":0,"_bbp_forum_subforum_count":0,"footnotes":""},"categories":[114,120,1,29],"tags":[],"class_list":["post-12323","post","type-post","status-publish","format-standard","has-post-thumbnail","hentry","category-3eso","category-eso","category-general","category-portada"],"post_mailing_queue_ids":[],"_links":{"self":[{"href":"https:\/\/agora.xtec.cat\/iessantaeugenia\/wp-json\/wp\/v2\/posts\/12323","targetHints":{"allow":["GET"]}}],"collection":[{"href":"https:\/\/agora.xtec.cat\/iessantaeugenia\/wp-json\/wp\/v2\/posts"}],"about":[{"href":"https:\/\/agora.xtec.cat\/iessantaeugenia\/wp-json\/wp\/v2\/types\/post"}],"author":[{"embeddable":true,"href":"https:\/\/agora.xtec.cat\/iessantaeugenia\/wp-json\/wp\/v2\/users\/1"}],"replies":[{"embeddable":true,"href":"https:\/\/agora.xtec.cat\/iessantaeugenia\/wp-json\/wp\/v2\/comments?post=12323"}],"version-history":[{"count":3,"href":"https:\/\/agora.xtec.cat\/iessantaeugenia\/wp-json\/wp\/v2\/posts\/12323\/revisions"}],"predecessor-version":[{"id":12330,"href":"https:\/\/agora.xtec.cat\/iessantaeugenia\/wp-json\/wp\/v2\/posts\/12323\/revisions\/12330"}],"wp:featuredmedia":[{"embeddable":true,"href":"https:\/\/agora.xtec.cat\/iessantaeugenia\/wp-json\/wp\/v2\/media\/12324"}],"wp:attachment":[{"href":"https:\/\/agora.xtec.cat\/iessantaeugenia\/wp-json\/wp\/v2\/media?parent=12323"}],"wp:term":[{"taxonomy":"category","embeddable":true,"href":"https:\/\/agora.xtec.cat\/iessantaeugenia\/wp-json\/wp\/v2\/categories?post=12323"},{"taxonomy":"post_tag","embeddable":true,"href":"https:\/\/agora.xtec.cat\/iessantaeugenia\/wp-json\/wp\/v2\/tags?post=12323"}],"curies":[{"name":"wp","href":"https:\/\/api.w.org\/{rel}","templated":true}]}}