{"id":12318,"date":"2025-03-21T13:36:27","date_gmt":"2025-03-21T12:36:27","guid":{"rendered":"https:\/\/agora.xtec.cat\/iessantaeugenia\/?p=12318"},"modified":"2025-03-21T13:47:13","modified_gmt":"2025-03-21T12:47:13","slug":"electra-com-mai-lhaviem-vista","status":"publish","type":"post","link":"https:\/\/agora.xtec.cat\/iessantaeugenia\/general\/electra-com-mai-lhaviem-vista\/","title":{"rendered":"Electra com mai l\u2019hav\u00edem vista!"},"content":{"rendered":"<p><span style=\"font-weight: 400;\">El dijous 13 de mar\u00e7, un grup d&#8217;alumnes de quart d&#8217;ESO, primer i segon de Batxillerat va anar al Teatre Lliure de Barcelona per veure <\/span><i><span style=\"font-weight: 400;\">Electra<\/span><\/i><span style=\"font-weight: 400;\"> (l&#8217;\u00fanica trag\u00e8dia que van abordar els tres grans autors cl\u00e0ssics: \u00c8squil, S\u00f2focles i Eur\u00edpides). L&#8217;obra va despertar molt d&#8217;inter\u00e8s i fins i tot entusiasme, gr\u00e0cies a la manera com s&#8217;ha actualitzat el mite i als molts matisos interpretatius.<\/span><\/p>\n<p><span style=\"font-weight: 400;\">Aquesta versi\u00f3 ha destacat per una reescriptura molt innovadora, amb elements sorprenents i fins i tot tocs de com\u00e8dia. Aix\u00f2 ha donat un aire nou a la trag\u00e8dia cl\u00e0ssica i l&#8217;ha feta m\u00e9s propera i comprensible per al p\u00fablic d&#8217;avui.<\/span><\/p>\n<p><span style=\"font-weight: 400;\">L&#8217;experi\u00e8ncia ha perm\u00e8s als alumnes veure de ben a prop el treball dels actors, i el fet que la sala fos petita ha creat un ambient molt \u00edntim que els ha deixat realment impactats. Tant de bo puguem repetir experi\u00e8ncies com aquesta en el futur!<\/span><\/p>\n<p><a href=\"https:\/\/agora.xtec.cat\/iessantaeugenia\/wp-content\/uploads\/usu1801\/2025\/03\/sortida-teatre-santa-eugenia-02.jpg\"><img loading=\"lazy\" decoding=\"async\" class=\"alignnone wp-image-12320\" src=\"https:\/\/agora.xtec.cat\/iessantaeugenia\/wp-content\/uploads\/usu1801\/2025\/03\/sortida-teatre-santa-eugenia-02-1024x1024.jpg\" alt=\"\" width=\"400\" height=\"400\" srcset=\"https:\/\/agora.xtec.cat\/iessantaeugenia\/wp-content\/uploads\/usu1801\/2025\/03\/sortida-teatre-santa-eugenia-02-1024x1024.jpg 1024w, https:\/\/agora.xtec.cat\/iessantaeugenia\/wp-content\/uploads\/usu1801\/2025\/03\/sortida-teatre-santa-eugenia-02-300x300.jpg 300w, https:\/\/agora.xtec.cat\/iessantaeugenia\/wp-content\/uploads\/usu1801\/2025\/03\/sortida-teatre-santa-eugenia-02-150x150.jpg 150w, https:\/\/agora.xtec.cat\/iessantaeugenia\/wp-content\/uploads\/usu1801\/2025\/03\/sortida-teatre-santa-eugenia-02-768x768.jpg 768w, https:\/\/agora.xtec.cat\/iessantaeugenia\/wp-content\/uploads\/usu1801\/2025\/03\/sortida-teatre-santa-eugenia-02.jpg 1080w\" sizes=\"auto, (max-width: 400px) 100vw, 400px\" \/>\u00a0\u00a0<\/a> <a href=\"https:\/\/agora.xtec.cat\/iessantaeugenia\/wp-content\/uploads\/usu1801\/2025\/03\/sortida-teatre-santa-eugenia-03.jpg\"><img loading=\"lazy\" decoding=\"async\" class=\"alignnone wp-image-12321\" src=\"https:\/\/agora.xtec.cat\/iessantaeugenia\/wp-content\/uploads\/usu1801\/2025\/03\/sortida-teatre-santa-eugenia-03-1024x1024.jpg\" alt=\"\" width=\"400\" height=\"400\" srcset=\"https:\/\/agora.xtec.cat\/iessantaeugenia\/wp-content\/uploads\/usu1801\/2025\/03\/sortida-teatre-santa-eugenia-03-1024x1024.jpg 1024w, https:\/\/agora.xtec.cat\/iessantaeugenia\/wp-content\/uploads\/usu1801\/2025\/03\/sortida-teatre-santa-eugenia-03-300x300.jpg 300w, https:\/\/agora.xtec.cat\/iessantaeugenia\/wp-content\/uploads\/usu1801\/2025\/03\/sortida-teatre-santa-eugenia-03-150x150.jpg 150w, https:\/\/agora.xtec.cat\/iessantaeugenia\/wp-content\/uploads\/usu1801\/2025\/03\/sortida-teatre-santa-eugenia-03-768x768.jpg 768w, https:\/\/agora.xtec.cat\/iessantaeugenia\/wp-content\/uploads\/usu1801\/2025\/03\/sortida-teatre-santa-eugenia-03.jpg 1080w\" sizes=\"auto, (max-width: 400px) 100vw, 400px\" \/><\/a><\/p>\n","protected":false},"excerpt":{"rendered":"<p>El dijous 13 de mar\u00e7, un grup d&#8217;alumnes de quart d&#8217;ESO, primer i segon de Batxillerat va anar al Teatre Lliure de Barcelona per veure Electra (l&#8217;\u00fanica trag\u00e8dia que van abordar els tres grans autors cl\u00e0ssics: \u00c8squil, S\u00f2focles i Eur\u00edpides). L&#8217;obra va despertar molt d&#8217;inter\u00e8s&hellip;  <a href=\"https:\/\/agora.xtec.cat\/iessantaeugenia\/general\/electra-com-mai-lhaviem-vista\/\" title=\"Read Electra com mai l\u2019hav\u00edem vista!\">Llegeix m\u00e9s\u00bb<\/a><\/p>\n","protected":false},"author":1,"featured_media":12321,"comment_status":"closed","ping_status":"closed","sticky":false,"template":"","format":"standard","meta":{"_bbp_topic_count":0,"_bbp_reply_count":0,"_bbp_total_topic_count":0,"_bbp_total_reply_count":0,"_bbp_voice_count":0,"_bbp_anonymous_reply_count":0,"_bbp_topic_count_hidden":0,"_bbp_reply_count_hidden":0,"_bbp_forum_subforum_count":0,"footnotes":""},"categories":[115,8,117,120,1,29],"tags":[],"class_list":["post-12318","post","type-post","status-publish","format-standard","has-post-thumbnail","hentry","category-4eso","category-batxillerat","category-batx-humanitats-i-ciencies","category-eso","category-general","category-portada"],"post_mailing_queue_ids":[],"_links":{"self":[{"href":"https:\/\/agora.xtec.cat\/iessantaeugenia\/wp-json\/wp\/v2\/posts\/12318","targetHints":{"allow":["GET"]}}],"collection":[{"href":"https:\/\/agora.xtec.cat\/iessantaeugenia\/wp-json\/wp\/v2\/posts"}],"about":[{"href":"https:\/\/agora.xtec.cat\/iessantaeugenia\/wp-json\/wp\/v2\/types\/post"}],"author":[{"embeddable":true,"href":"https:\/\/agora.xtec.cat\/iessantaeugenia\/wp-json\/wp\/v2\/users\/1"}],"replies":[{"embeddable":true,"href":"https:\/\/agora.xtec.cat\/iessantaeugenia\/wp-json\/wp\/v2\/comments?post=12318"}],"version-history":[{"count":1,"href":"https:\/\/agora.xtec.cat\/iessantaeugenia\/wp-json\/wp\/v2\/posts\/12318\/revisions"}],"predecessor-version":[{"id":12322,"href":"https:\/\/agora.xtec.cat\/iessantaeugenia\/wp-json\/wp\/v2\/posts\/12318\/revisions\/12322"}],"wp:featuredmedia":[{"embeddable":true,"href":"https:\/\/agora.xtec.cat\/iessantaeugenia\/wp-json\/wp\/v2\/media\/12321"}],"wp:attachment":[{"href":"https:\/\/agora.xtec.cat\/iessantaeugenia\/wp-json\/wp\/v2\/media?parent=12318"}],"wp:term":[{"taxonomy":"category","embeddable":true,"href":"https:\/\/agora.xtec.cat\/iessantaeugenia\/wp-json\/wp\/v2\/categories?post=12318"},{"taxonomy":"post_tag","embeddable":true,"href":"https:\/\/agora.xtec.cat\/iessantaeugenia\/wp-json\/wp\/v2\/tags?post=12318"}],"curies":[{"name":"wp","href":"https:\/\/api.w.org\/{rel}","templated":true}]}}