{"id":12250,"date":"2025-03-14T17:34:55","date_gmt":"2025-03-14T16:34:55","guid":{"rendered":"https:\/\/agora.xtec.cat\/iessantaeugenia\/?p=12250"},"modified":"2025-03-14T17:34:55","modified_gmt":"2025-03-14T16:34:55","slug":"xerrada-orientativa-entre-alumnes-de-formacio-professional","status":"publish","type":"post","link":"https:\/\/agora.xtec.cat\/iessantaeugenia\/general\/xerrada-orientativa-entre-alumnes-de-formacio-professional\/","title":{"rendered":"Xerrada orientativa entre alumnes de formaci\u00f3 professional"},"content":{"rendered":"<p><span style=\"font-weight: 400;\">El passat dijous 6 de mar\u00e7 l\u2019alumnat del PFI Girona, del perfil d\u2019Auxiliar Fabricaci\u00f3 Mec\u00e0nica, van rebre dos alumnes de primer curs del CFGM de Fabricaci\u00f3 Mec\u00e0nica i dos de segon curs del CFGM de Fred i Calor de l\u2019INS Santa Eug\u00e8nia.\u00a0<\/span><\/p>\n<p><span style=\"font-weight: 400;\">Els quatre alumnes de cicles van realitzar una presentaci\u00f3 sobre els cicles formatius que cursen actualment. Van exposar com funciona el seu grau mitj\u00e0 de formaci\u00f3 professional, quins m\u00f2duls fan a primer i segon i quines pr\u00e0ctiques professionals es realitzen a FCT.\u00a0<\/span><\/p>\n<p><span style=\"font-weight: 400;\">La xerrada va tenir molt d\u2019\u00e8xit i l\u2019alumnat de PFI va fer preguntes interessants. Es van resoldre dubtes que ajudaran els nois i noies a triar quin cicle els agradaria cursar l\u2019any vinent. L\u2019activitat va acabar amb un aplaudiment d&#8217;agra\u00efment pels quatre alumnes de cicles, que van apropar la seva realitat acad\u00e8mica des de la seva experi\u00e8ncia en primera persona a un grup de PFI molt trempat i interessat a fer un d\u2019aquests dos cicles, relacionats amb l\u2019ofici de soldadura. Moltes gr\u00e0cies!<\/span><\/p>\n<p><a href=\"https:\/\/agora.xtec.cat\/iessantaeugenia\/wp-content\/uploads\/usu1801\/2025\/03\/xerrada-orientacio-pfi-01.jpg\"><img loading=\"lazy\" decoding=\"async\" class=\"alignnone wp-image-12251\" src=\"https:\/\/agora.xtec.cat\/iessantaeugenia\/wp-content\/uploads\/usu1801\/2025\/03\/xerrada-orientacio-pfi-01-1024x1024.jpg\" alt=\"\" width=\"400\" height=\"400\" srcset=\"https:\/\/agora.xtec.cat\/iessantaeugenia\/wp-content\/uploads\/usu1801\/2025\/03\/xerrada-orientacio-pfi-01-1024x1024.jpg 1024w, https:\/\/agora.xtec.cat\/iessantaeugenia\/wp-content\/uploads\/usu1801\/2025\/03\/xerrada-orientacio-pfi-01-300x300.jpg 300w, https:\/\/agora.xtec.cat\/iessantaeugenia\/wp-content\/uploads\/usu1801\/2025\/03\/xerrada-orientacio-pfi-01-150x150.jpg 150w, https:\/\/agora.xtec.cat\/iessantaeugenia\/wp-content\/uploads\/usu1801\/2025\/03\/xerrada-orientacio-pfi-01-768x768.jpg 768w, https:\/\/agora.xtec.cat\/iessantaeugenia\/wp-content\/uploads\/usu1801\/2025\/03\/xerrada-orientacio-pfi-01.jpg 1080w\" sizes=\"auto, (max-width: 400px) 100vw, 400px\" \/>\u00a0\u00a0<\/a> <a href=\"https:\/\/agora.xtec.cat\/iessantaeugenia\/wp-content\/uploads\/usu1801\/2025\/03\/xerrada-orientacio-pfi-02.jpg\"><img loading=\"lazy\" decoding=\"async\" class=\"alignnone wp-image-12252\" src=\"https:\/\/agora.xtec.cat\/iessantaeugenia\/wp-content\/uploads\/usu1801\/2025\/03\/xerrada-orientacio-pfi-02-1024x1024.jpg\" alt=\"\" width=\"400\" height=\"400\" srcset=\"https:\/\/agora.xtec.cat\/iessantaeugenia\/wp-content\/uploads\/usu1801\/2025\/03\/xerrada-orientacio-pfi-02-1024x1024.jpg 1024w, https:\/\/agora.xtec.cat\/iessantaeugenia\/wp-content\/uploads\/usu1801\/2025\/03\/xerrada-orientacio-pfi-02-300x300.jpg 300w, https:\/\/agora.xtec.cat\/iessantaeugenia\/wp-content\/uploads\/usu1801\/2025\/03\/xerrada-orientacio-pfi-02-150x150.jpg 150w, https:\/\/agora.xtec.cat\/iessantaeugenia\/wp-content\/uploads\/usu1801\/2025\/03\/xerrada-orientacio-pfi-02-768x768.jpg 768w, https:\/\/agora.xtec.cat\/iessantaeugenia\/wp-content\/uploads\/usu1801\/2025\/03\/xerrada-orientacio-pfi-02.jpg 1080w\" sizes=\"auto, (max-width: 400px) 100vw, 400px\" \/><\/a><\/p>\n","protected":false},"excerpt":{"rendered":"<p>El passat dijous 6 de mar\u00e7 l\u2019alumnat del PFI Girona, del perfil d\u2019Auxiliar Fabricaci\u00f3 Mec\u00e0nica, van rebre dos alumnes de primer curs del CFGM de Fabricaci\u00f3 Mec\u00e0nica i dos de segon curs del CFGM de Fred i Calor de l\u2019INS Santa Eug\u00e8nia.\u00a0<br \/>\nEls quatre alumnes de&hellip;  <a href=\"https:\/\/agora.xtec.cat\/iessantaeugenia\/general\/xerrada-orientativa-entre-alumnes-de-formacio-professional\/\" title=\"Read Xerrada orientativa entre alumnes de formaci\u00f3 professional\">Llegeix m\u00e9s\u00bb<\/a><\/p>\n","protected":false},"author":1,"featured_media":12252,"comment_status":"closed","ping_status":"closed","sticky":false,"template":"","format":"standard","meta":{"_bbp_topic_count":0,"_bbp_reply_count":0,"_bbp_total_topic_count":0,"_bbp_total_reply_count":0,"_bbp_voice_count":0,"_bbp_anonymous_reply_count":0,"_bbp_topic_count_hidden":0,"_bbp_reply_count_hidden":0,"_bbp_forum_subforum_count":0,"footnotes":""},"categories":[1,855,29],"tags":[],"class_list":["post-12250","post","type-post","status-publish","format-standard","has-post-thumbnail","hentry","category-general","category-pfi","category-portada"],"post_mailing_queue_ids":[],"_links":{"self":[{"href":"https:\/\/agora.xtec.cat\/iessantaeugenia\/wp-json\/wp\/v2\/posts\/12250","targetHints":{"allow":["GET"]}}],"collection":[{"href":"https:\/\/agora.xtec.cat\/iessantaeugenia\/wp-json\/wp\/v2\/posts"}],"about":[{"href":"https:\/\/agora.xtec.cat\/iessantaeugenia\/wp-json\/wp\/v2\/types\/post"}],"author":[{"embeddable":true,"href":"https:\/\/agora.xtec.cat\/iessantaeugenia\/wp-json\/wp\/v2\/users\/1"}],"replies":[{"embeddable":true,"href":"https:\/\/agora.xtec.cat\/iessantaeugenia\/wp-json\/wp\/v2\/comments?post=12250"}],"version-history":[{"count":1,"href":"https:\/\/agora.xtec.cat\/iessantaeugenia\/wp-json\/wp\/v2\/posts\/12250\/revisions"}],"predecessor-version":[{"id":12253,"href":"https:\/\/agora.xtec.cat\/iessantaeugenia\/wp-json\/wp\/v2\/posts\/12250\/revisions\/12253"}],"wp:featuredmedia":[{"embeddable":true,"href":"https:\/\/agora.xtec.cat\/iessantaeugenia\/wp-json\/wp\/v2\/media\/12252"}],"wp:attachment":[{"href":"https:\/\/agora.xtec.cat\/iessantaeugenia\/wp-json\/wp\/v2\/media?parent=12250"}],"wp:term":[{"taxonomy":"category","embeddable":true,"href":"https:\/\/agora.xtec.cat\/iessantaeugenia\/wp-json\/wp\/v2\/categories?post=12250"},{"taxonomy":"post_tag","embeddable":true,"href":"https:\/\/agora.xtec.cat\/iessantaeugenia\/wp-json\/wp\/v2\/tags?post=12250"}],"curies":[{"name":"wp","href":"https:\/\/api.w.org\/{rel}","templated":true}]}}