{"id":12233,"date":"2025-03-12T08:27:56","date_gmt":"2025-03-12T07:27:56","guid":{"rendered":"https:\/\/agora.xtec.cat\/iessantaeugenia\/?p=12233"},"modified":"2025-03-12T09:34:39","modified_gmt":"2025-03-12T08:34:39","slug":"el-ptt-construccio-millora-les-installacions-de-lescola-migdia-de-girona","status":"publish","type":"post","link":"https:\/\/agora.xtec.cat\/iessantaeugenia\/general\/el-ptt-construccio-millora-les-installacions-de-lescola-migdia-de-girona\/","title":{"rendered":"El PTT Construcci\u00f3 millora les instal\u00b7lacions de l\u2019escola migdia de Girona"},"content":{"rendered":"<p><span style=\"font-weight: 400;\">Durant una setmana sencera, del passat mes de febrer, l\u2019alumnat del PTT d\u2019auxiliar de construcci\u00f3 es va despla\u00e7ar a l\u2019escola Migdia de Girona per portar a terme el seu projecte de rehabilitaci\u00f3 i millora de les seves instal\u00b7lacions.<\/span><\/p>\n<p><span style=\"font-weight: 400;\">Les feines que van posar en pr\u00e0ctica van ser les de: remolinat i pintat de murs i fa\u00e7ana, la rehabilitaci\u00f3 de 8 arquetes, reparaci\u00f3 de panots, rehabilitaci\u00f3 i pintura de grades del pati aix\u00ed com la restauraci\u00f3 de taules i bancs del pati fent el rascat, polit i pintat.<\/span><\/p>\n<p><span style=\"font-weight: 400;\">Aquests dies l\u2019alumnat va prendre consci\u00e8ncia de com els seus aprenentatges prenien sentit i significat. Van ser capa\u00e7os de fer una gran feina que va ser molt agra\u00efda per l\u2019escola i l\u2019Ajuntament aix\u00ed com molt ben valorada per tot l\u2019equip docent.<\/span><\/p>\n<p><span style=\"font-weight: 400;\">Treballant per projectes tots hi guanyem!<\/span><\/p>\n<p><a href=\"https:\/\/agora.xtec.cat\/iessantaeugenia\/wp-content\/uploads\/usu1801\/2025\/03\/millora-ins-migdia-05.jpg\"><img loading=\"lazy\" decoding=\"async\" class=\"alignnone wp-image-12234\" src=\"https:\/\/agora.xtec.cat\/iessantaeugenia\/wp-content\/uploads\/usu1801\/2025\/03\/millora-ins-migdia-05-1024x1024.jpg\" alt=\"\" width=\"400\" height=\"400\" srcset=\"https:\/\/agora.xtec.cat\/iessantaeugenia\/wp-content\/uploads\/usu1801\/2025\/03\/millora-ins-migdia-05-1024x1024.jpg 1024w, https:\/\/agora.xtec.cat\/iessantaeugenia\/wp-content\/uploads\/usu1801\/2025\/03\/millora-ins-migdia-05-300x300.jpg 300w, https:\/\/agora.xtec.cat\/iessantaeugenia\/wp-content\/uploads\/usu1801\/2025\/03\/millora-ins-migdia-05-150x150.jpg 150w, https:\/\/agora.xtec.cat\/iessantaeugenia\/wp-content\/uploads\/usu1801\/2025\/03\/millora-ins-migdia-05-768x768.jpg 768w, https:\/\/agora.xtec.cat\/iessantaeugenia\/wp-content\/uploads\/usu1801\/2025\/03\/millora-ins-migdia-05.jpg 1080w\" sizes=\"auto, (max-width: 400px) 100vw, 400px\" \/>\u00a0\u00a0<\/a> <a href=\"https:\/\/agora.xtec.cat\/iessantaeugenia\/wp-content\/uploads\/usu1801\/2025\/03\/millora-ins-migdia-04.jpg\"><img loading=\"lazy\" decoding=\"async\" class=\"alignnone wp-image-12235\" src=\"https:\/\/agora.xtec.cat\/iessantaeugenia\/wp-content\/uploads\/usu1801\/2025\/03\/millora-ins-migdia-04-1024x1024.jpg\" alt=\"\" width=\"400\" height=\"400\" srcset=\"https:\/\/agora.xtec.cat\/iessantaeugenia\/wp-content\/uploads\/usu1801\/2025\/03\/millora-ins-migdia-04-1024x1024.jpg 1024w, https:\/\/agora.xtec.cat\/iessantaeugenia\/wp-content\/uploads\/usu1801\/2025\/03\/millora-ins-migdia-04-300x300.jpg 300w, https:\/\/agora.xtec.cat\/iessantaeugenia\/wp-content\/uploads\/usu1801\/2025\/03\/millora-ins-migdia-04-150x150.jpg 150w, https:\/\/agora.xtec.cat\/iessantaeugenia\/wp-content\/uploads\/usu1801\/2025\/03\/millora-ins-migdia-04-768x768.jpg 768w, https:\/\/agora.xtec.cat\/iessantaeugenia\/wp-content\/uploads\/usu1801\/2025\/03\/millora-ins-migdia-04.jpg 1080w\" sizes=\"auto, (max-width: 400px) 100vw, 400px\" \/><\/a><\/p>\n","protected":false},"excerpt":{"rendered":"<p>Durant una setmana sencera, del passat mes de febrer, l\u2019alumnat del PTT d\u2019auxiliar de construcci\u00f3 es va despla\u00e7ar a l\u2019escola Migdia de Girona per portar a terme el seu projecte de rehabilitaci\u00f3 i millora de les seves instal\u00b7lacions.<br \/>\nLes feines que van posar en pr\u00e0ctica van&hellip;  <a href=\"https:\/\/agora.xtec.cat\/iessantaeugenia\/general\/el-ptt-construccio-millora-les-installacions-de-lescola-migdia-de-girona\/\" title=\"Read El PTT Construcci\u00f3 millora les instal\u00b7lacions de l\u2019escola migdia de Girona\">Llegeix m\u00e9s\u00bb<\/a><\/p>\n","protected":false},"author":1,"featured_media":12238,"comment_status":"closed","ping_status":"closed","sticky":false,"template":"","format":"standard","meta":{"_bbp_topic_count":0,"_bbp_reply_count":0,"_bbp_total_topic_count":0,"_bbp_total_reply_count":0,"_bbp_voice_count":0,"_bbp_anonymous_reply_count":0,"_bbp_topic_count_hidden":0,"_bbp_reply_count_hidden":0,"_bbp_forum_subforum_count":0,"footnotes":""},"categories":[1,855,29,856],"tags":[],"class_list":["post-12233","post","type-post","status-publish","format-standard","has-post-thumbnail","hentry","category-general","category-pfi","category-portada","category-ptt"],"post_mailing_queue_ids":[],"_links":{"self":[{"href":"https:\/\/agora.xtec.cat\/iessantaeugenia\/wp-json\/wp\/v2\/posts\/12233","targetHints":{"allow":["GET"]}}],"collection":[{"href":"https:\/\/agora.xtec.cat\/iessantaeugenia\/wp-json\/wp\/v2\/posts"}],"about":[{"href":"https:\/\/agora.xtec.cat\/iessantaeugenia\/wp-json\/wp\/v2\/types\/post"}],"author":[{"embeddable":true,"href":"https:\/\/agora.xtec.cat\/iessantaeugenia\/wp-json\/wp\/v2\/users\/1"}],"replies":[{"embeddable":true,"href":"https:\/\/agora.xtec.cat\/iessantaeugenia\/wp-json\/wp\/v2\/comments?post=12233"}],"version-history":[{"count":1,"href":"https:\/\/agora.xtec.cat\/iessantaeugenia\/wp-json\/wp\/v2\/posts\/12233\/revisions"}],"predecessor-version":[{"id":12237,"href":"https:\/\/agora.xtec.cat\/iessantaeugenia\/wp-json\/wp\/v2\/posts\/12233\/revisions\/12237"}],"wp:featuredmedia":[{"embeddable":true,"href":"https:\/\/agora.xtec.cat\/iessantaeugenia\/wp-json\/wp\/v2\/media\/12238"}],"wp:attachment":[{"href":"https:\/\/agora.xtec.cat\/iessantaeugenia\/wp-json\/wp\/v2\/media?parent=12233"}],"wp:term":[{"taxonomy":"category","embeddable":true,"href":"https:\/\/agora.xtec.cat\/iessantaeugenia\/wp-json\/wp\/v2\/categories?post=12233"},{"taxonomy":"post_tag","embeddable":true,"href":"https:\/\/agora.xtec.cat\/iessantaeugenia\/wp-json\/wp\/v2\/tags?post=12233"}],"curies":[{"name":"wp","href":"https:\/\/api.w.org\/{rel}","templated":true}]}}