{"id":12228,"date":"2025-03-10T16:56:06","date_gmt":"2025-03-10T15:56:06","guid":{"rendered":"https:\/\/agora.xtec.cat\/iessantaeugenia\/?p=12228"},"modified":"2025-03-10T16:57:03","modified_gmt":"2025-03-10T15:57:03","slug":"descobrint-el-patrimoni-arquitectonic-de-girona","status":"publish","type":"post","link":"https:\/\/agora.xtec.cat\/iessantaeugenia\/general\/descobrint-el-patrimoni-arquitectonic-de-girona\/","title":{"rendered":"Descobrint el patrimoni arquitect\u00f2nic de Girona"},"content":{"rendered":"<p>El passat 25 de febrer, els alumnes dels cicles formatius del departament d&#8217;edificaci\u00f3 van realitzar una sortida per con\u00e8ixer de primera m\u00e0 el patrimoni arquitect\u00f2nic i hist\u00f2ric de Girona. L&#8217;activitat va consistir en una visita guiada a la Catedral de Girona i a la Bas\u00edlica de Sant F\u00e8lix, dos dels edificis m\u00e9s emblem\u00e0tics de la ciutat.<\/p>\n<p>Acompanyats per l&#8217;equip d&#8217;EDUCART, Serveis educatius i culturals, els estudiants van tenir l&#8217;oportunitat d&#8217;aprofundir en la hist\u00f2ria, les caracter\u00edstiques constructives i els detalls arquitect\u00f2nics d&#8217;aquests monuments.<\/p>\n<p>Aquesta sortida ha perm\u00e8s als alumnes posar en context els coneixements adquirits a l&#8217;aula, observant in situ les t\u00e8cniques constructives i els elements patrimonials que formen part del llegat hist\u00f2ric de Catalunya. Sens dubte, una experi\u00e8ncia enriquidora que refor\u00e7a l&#8217;aprenentatge i el vincle amb el territori.<\/p>\n<p><a href=\"https:\/\/agora.xtec.cat\/iessantaeugenia\/wp-content\/uploads\/usu1801\/2025\/03\/visita-catedral-obres-03.jpg\"><img loading=\"lazy\" decoding=\"async\" class=\"alignnone wp-image-12229\" src=\"https:\/\/agora.xtec.cat\/iessantaeugenia\/wp-content\/uploads\/usu1801\/2025\/03\/visita-catedral-obres-03-1024x1024.jpg\" alt=\"\" width=\"400\" height=\"400\" srcset=\"https:\/\/agora.xtec.cat\/iessantaeugenia\/wp-content\/uploads\/usu1801\/2025\/03\/visita-catedral-obres-03-1024x1024.jpg 1024w, https:\/\/agora.xtec.cat\/iessantaeugenia\/wp-content\/uploads\/usu1801\/2025\/03\/visita-catedral-obres-03-300x300.jpg 300w, https:\/\/agora.xtec.cat\/iessantaeugenia\/wp-content\/uploads\/usu1801\/2025\/03\/visita-catedral-obres-03-150x150.jpg 150w, https:\/\/agora.xtec.cat\/iessantaeugenia\/wp-content\/uploads\/usu1801\/2025\/03\/visita-catedral-obres-03-768x768.jpg 768w, https:\/\/agora.xtec.cat\/iessantaeugenia\/wp-content\/uploads\/usu1801\/2025\/03\/visita-catedral-obres-03.jpg 1080w\" sizes=\"auto, (max-width: 400px) 100vw, 400px\" \/>\u00a0\u00a0<\/a> \u00a0<a href=\"https:\/\/agora.xtec.cat\/iessantaeugenia\/wp-content\/uploads\/usu1801\/2025\/03\/visita-catedral-obres-01.jpg\"><img loading=\"lazy\" decoding=\"async\" class=\"alignnone wp-image-12231\" src=\"https:\/\/agora.xtec.cat\/iessantaeugenia\/wp-content\/uploads\/usu1801\/2025\/03\/visita-catedral-obres-01-1024x1024.jpg\" alt=\"\" width=\"400\" height=\"400\" srcset=\"https:\/\/agora.xtec.cat\/iessantaeugenia\/wp-content\/uploads\/usu1801\/2025\/03\/visita-catedral-obres-01-1024x1024.jpg 1024w, https:\/\/agora.xtec.cat\/iessantaeugenia\/wp-content\/uploads\/usu1801\/2025\/03\/visita-catedral-obres-01-300x300.jpg 300w, https:\/\/agora.xtec.cat\/iessantaeugenia\/wp-content\/uploads\/usu1801\/2025\/03\/visita-catedral-obres-01-150x150.jpg 150w, https:\/\/agora.xtec.cat\/iessantaeugenia\/wp-content\/uploads\/usu1801\/2025\/03\/visita-catedral-obres-01-768x768.jpg 768w, https:\/\/agora.xtec.cat\/iessantaeugenia\/wp-content\/uploads\/usu1801\/2025\/03\/visita-catedral-obres-01.jpg 1080w\" sizes=\"auto, (max-width: 400px) 100vw, 400px\" \/><\/a><\/p>\n","protected":false},"excerpt":{"rendered":"<p>El passat 25 de febrer, els alumnes dels cicles formatius del departament d&#8217;edificaci\u00f3 van realitzar una sortida per con\u00e8ixer de primera m\u00e0 el patrimoni arquitect\u00f2nic i hist\u00f2ric de Girona. L&#8217;activitat va consistir en una visita guiada a la Catedral de Girona i a la Bas\u00edlica&hellip;  <a href=\"https:\/\/agora.xtec.cat\/iessantaeugenia\/general\/descobrint-el-patrimoni-arquitectonic-de-girona\/\" title=\"Read Descobrint el patrimoni arquitect\u00f2nic de Girona\">Llegeix m\u00e9s\u00bb<\/a><\/p>\n","protected":false},"author":1,"featured_media":12229,"comment_status":"closed","ping_status":"closed","sticky":false,"template":"","format":"standard","meta":{"_bbp_topic_count":0,"_bbp_reply_count":0,"_bbp_total_topic_count":0,"_bbp_total_reply_count":0,"_bbp_voice_count":0,"_bbp_anonymous_reply_count":0,"_bbp_topic_count_hidden":0,"_bbp_reply_count_hidden":0,"_bbp_forum_subforum_count":0,"footnotes":""},"categories":[30,1,29],"tags":[],"class_list":["post-12228","post","type-post","status-publish","format-standard","has-post-thumbnail","hentry","category-cicles-formatius","category-general","category-portada"],"post_mailing_queue_ids":[],"_links":{"self":[{"href":"https:\/\/agora.xtec.cat\/iessantaeugenia\/wp-json\/wp\/v2\/posts\/12228","targetHints":{"allow":["GET"]}}],"collection":[{"href":"https:\/\/agora.xtec.cat\/iessantaeugenia\/wp-json\/wp\/v2\/posts"}],"about":[{"href":"https:\/\/agora.xtec.cat\/iessantaeugenia\/wp-json\/wp\/v2\/types\/post"}],"author":[{"embeddable":true,"href":"https:\/\/agora.xtec.cat\/iessantaeugenia\/wp-json\/wp\/v2\/users\/1"}],"replies":[{"embeddable":true,"href":"https:\/\/agora.xtec.cat\/iessantaeugenia\/wp-json\/wp\/v2\/comments?post=12228"}],"version-history":[{"count":1,"href":"https:\/\/agora.xtec.cat\/iessantaeugenia\/wp-json\/wp\/v2\/posts\/12228\/revisions"}],"predecessor-version":[{"id":12232,"href":"https:\/\/agora.xtec.cat\/iessantaeugenia\/wp-json\/wp\/v2\/posts\/12228\/revisions\/12232"}],"wp:featuredmedia":[{"embeddable":true,"href":"https:\/\/agora.xtec.cat\/iessantaeugenia\/wp-json\/wp\/v2\/media\/12229"}],"wp:attachment":[{"href":"https:\/\/agora.xtec.cat\/iessantaeugenia\/wp-json\/wp\/v2\/media?parent=12228"}],"wp:term":[{"taxonomy":"category","embeddable":true,"href":"https:\/\/agora.xtec.cat\/iessantaeugenia\/wp-json\/wp\/v2\/categories?post=12228"},{"taxonomy":"post_tag","embeddable":true,"href":"https:\/\/agora.xtec.cat\/iessantaeugenia\/wp-json\/wp\/v2\/tags?post=12228"}],"curies":[{"name":"wp","href":"https:\/\/api.w.org\/{rel}","templated":true}]}}