{"id":12212,"date":"2025-03-06T15:55:37","date_gmt":"2025-03-06T14:55:37","guid":{"rendered":"https:\/\/agora.xtec.cat\/iessantaeugenia\/?p=12212"},"modified":"2025-03-06T15:55:37","modified_gmt":"2025-03-06T14:55:37","slug":"visita-a-cecam-i-ferrallats-armengue","status":"publish","type":"post","link":"https:\/\/agora.xtec.cat\/iessantaeugenia\/general\/visita-a-cecam-i-ferrallats-armengue\/","title":{"rendered":"Visita a CECAM i Ferrallats Armengu\u00e9"},"content":{"rendered":"<p><span style=\"font-weight: 400;\">El passat divendres 21 de febrer els alumnes de Grau Mitj\u00e0 d&#8217;obres d&#8217;interior, decoraci\u00f3 i rehabilitaci\u00f3 van visitar CECAM on els alumnes varen poder con\u00e8ixer els assajos de material i Ferrallats Armangu\u00e9, on varen poder veure la producci\u00f3 d&#8217;armadures d&#8217;acer.<\/span><\/p>\n<p><span style=\"font-weight: 400;\">CECAM es troba a la poblaci\u00f3 de Celr\u00e0 i \u00e9s un centre dedicat al control de qualitat en processos d&#8217;edificaci\u00f3 i de producci\u00f3 en diversos camps d&#8217;activitat.\u00a0<\/span><\/p>\n<p><span style=\"font-weight: 400;\">Ferrallats Armangu\u00e9 s\u00f3n una empresa de refer\u00e8ncia en l&#8217;elaboraci\u00f3 i venda de ferralla.<\/span><\/p>\n<p><span style=\"font-weight: 400;\">Volem donar les gr\u00e0cies per la seva acollida i les seves explicacions que han servit com a classes magistrals del cicle formatiu.<\/span><\/p>\n<p><a href=\"https:\/\/agora.xtec.cat\/iessantaeugenia\/wp-content\/uploads\/usu1801\/2025\/03\/cecam-cicle-obres-03.jpg\"><img loading=\"lazy\" decoding=\"async\" class=\"alignnone wp-image-12215\" src=\"https:\/\/agora.xtec.cat\/iessantaeugenia\/wp-content\/uploads\/usu1801\/2025\/03\/cecam-cicle-obres-03-1024x1024.jpg\" alt=\"\" width=\"400\" height=\"400\" srcset=\"https:\/\/agora.xtec.cat\/iessantaeugenia\/wp-content\/uploads\/usu1801\/2025\/03\/cecam-cicle-obres-03-1024x1024.jpg 1024w, https:\/\/agora.xtec.cat\/iessantaeugenia\/wp-content\/uploads\/usu1801\/2025\/03\/cecam-cicle-obres-03-300x300.jpg 300w, https:\/\/agora.xtec.cat\/iessantaeugenia\/wp-content\/uploads\/usu1801\/2025\/03\/cecam-cicle-obres-03-150x150.jpg 150w, https:\/\/agora.xtec.cat\/iessantaeugenia\/wp-content\/uploads\/usu1801\/2025\/03\/cecam-cicle-obres-03-768x768.jpg 768w, https:\/\/agora.xtec.cat\/iessantaeugenia\/wp-content\/uploads\/usu1801\/2025\/03\/cecam-cicle-obres-03.jpg 1080w\" sizes=\"auto, (max-width: 400px) 100vw, 400px\" \/>\u00a0\u00a0<\/a> <a href=\"https:\/\/agora.xtec.cat\/iessantaeugenia\/wp-content\/uploads\/usu1801\/2025\/03\/Untitled-1.jpg\"><img loading=\"lazy\" decoding=\"async\" class=\"alignnone wp-image-12213\" src=\"https:\/\/agora.xtec.cat\/iessantaeugenia\/wp-content\/uploads\/usu1801\/2025\/03\/Untitled-1-1024x1024.jpg\" alt=\"\" width=\"400\" height=\"400\" srcset=\"https:\/\/agora.xtec.cat\/iessantaeugenia\/wp-content\/uploads\/usu1801\/2025\/03\/Untitled-1-1024x1024.jpg 1024w, https:\/\/agora.xtec.cat\/iessantaeugenia\/wp-content\/uploads\/usu1801\/2025\/03\/Untitled-1-300x300.jpg 300w, https:\/\/agora.xtec.cat\/iessantaeugenia\/wp-content\/uploads\/usu1801\/2025\/03\/Untitled-1-150x150.jpg 150w, https:\/\/agora.xtec.cat\/iessantaeugenia\/wp-content\/uploads\/usu1801\/2025\/03\/Untitled-1-768x768.jpg 768w, https:\/\/agora.xtec.cat\/iessantaeugenia\/wp-content\/uploads\/usu1801\/2025\/03\/Untitled-1.jpg 1080w\" sizes=\"auto, (max-width: 400px) 100vw, 400px\" \/><\/a><\/p>\n","protected":false},"excerpt":{"rendered":"<p>El passat divendres 21 de febrer els alumnes de Grau Mitj\u00e0 d&#8217;obres d&#8217;interior, decoraci\u00f3 i rehabilitaci\u00f3 van visitar CECAM on els alumnes varen poder con\u00e8ixer els assajos de material i Ferrallats Armangu\u00e9, on varen poder veure la producci\u00f3 d&#8217;armadures d&#8217;acer.<br \/>\nCECAM es troba a la poblaci\u00f3&hellip;  <a href=\"https:\/\/agora.xtec.cat\/iessantaeugenia\/general\/visita-a-cecam-i-ferrallats-armengue\/\" title=\"Read Visita a CECAM i Ferrallats Armengu\u00e9\">Llegeix m\u00e9s\u00bb<\/a><\/p>\n","protected":false},"author":1,"featured_media":12214,"comment_status":"closed","ping_status":"closed","sticky":false,"template":"","format":"standard","meta":{"_bbp_topic_count":0,"_bbp_reply_count":0,"_bbp_total_topic_count":0,"_bbp_total_reply_count":0,"_bbp_voice_count":0,"_bbp_anonymous_reply_count":0,"_bbp_topic_count_hidden":0,"_bbp_reply_count_hidden":0,"_bbp_forum_subforum_count":0,"footnotes":""},"categories":[30,1,29],"tags":[],"class_list":["post-12212","post","type-post","status-publish","format-standard","has-post-thumbnail","hentry","category-cicles-formatius","category-general","category-portada"],"post_mailing_queue_ids":[],"_links":{"self":[{"href":"https:\/\/agora.xtec.cat\/iessantaeugenia\/wp-json\/wp\/v2\/posts\/12212","targetHints":{"allow":["GET"]}}],"collection":[{"href":"https:\/\/agora.xtec.cat\/iessantaeugenia\/wp-json\/wp\/v2\/posts"}],"about":[{"href":"https:\/\/agora.xtec.cat\/iessantaeugenia\/wp-json\/wp\/v2\/types\/post"}],"author":[{"embeddable":true,"href":"https:\/\/agora.xtec.cat\/iessantaeugenia\/wp-json\/wp\/v2\/users\/1"}],"replies":[{"embeddable":true,"href":"https:\/\/agora.xtec.cat\/iessantaeugenia\/wp-json\/wp\/v2\/comments?post=12212"}],"version-history":[{"count":1,"href":"https:\/\/agora.xtec.cat\/iessantaeugenia\/wp-json\/wp\/v2\/posts\/12212\/revisions"}],"predecessor-version":[{"id":12216,"href":"https:\/\/agora.xtec.cat\/iessantaeugenia\/wp-json\/wp\/v2\/posts\/12212\/revisions\/12216"}],"wp:featuredmedia":[{"embeddable":true,"href":"https:\/\/agora.xtec.cat\/iessantaeugenia\/wp-json\/wp\/v2\/media\/12214"}],"wp:attachment":[{"href":"https:\/\/agora.xtec.cat\/iessantaeugenia\/wp-json\/wp\/v2\/media?parent=12212"}],"wp:term":[{"taxonomy":"category","embeddable":true,"href":"https:\/\/agora.xtec.cat\/iessantaeugenia\/wp-json\/wp\/v2\/categories?post=12212"},{"taxonomy":"post_tag","embeddable":true,"href":"https:\/\/agora.xtec.cat\/iessantaeugenia\/wp-json\/wp\/v2\/tags?post=12212"}],"curies":[{"name":"wp","href":"https:\/\/api.w.org\/{rel}","templated":true}]}}