{"id":12084,"date":"2025-02-14T13:20:57","date_gmt":"2025-02-14T12:20:57","guid":{"rendered":"https:\/\/agora.xtec.cat\/iessantaeugenia\/?p=12084"},"modified":"2025-02-14T13:20:57","modified_gmt":"2025-02-14T12:20:57","slug":"novohaus-ens-explica-les-cases-passives","status":"publish","type":"post","link":"https:\/\/agora.xtec.cat\/iessantaeugenia\/general\/novohaus-ens-explica-les-cases-passives\/","title":{"rendered":"Novohaus ens explica les cases passives"},"content":{"rendered":"<p><span style=\"font-weight: 400;\">Aquesta setmana, a la classe de segon de grau superior del cicle de projectes d\u2019edificaci\u00f3, dins de l&#8217;assignatura de Certificaci\u00f3 energ\u00e8tica, hem tingut l&#8217;honor de rebre una classe magistral d&#8217;en Xavier Jaime Novo, sobre passive house. Ens ha exposat totes les solucions constructives per tal de garantir l&#8217;estanquitat dins d&#8217;un habitatge, com solucionar els ponts t\u00e8rmics, i com dissenyar un edifici perqu\u00e8 utilitza m\u00e8todes passius.\u00a0<\/span><\/p>\n<p><span style=\"font-weight: 400;\">Al final de la confer\u00e8ncia, ens ha fet un Blow door test de la classe, i els estudiants, han pogut veure, amb una pressi\u00f3 de 50 Mpa, que \u00e9s el que exigeix la normativa, quina hermeticitat tenia l&#8217;aula, i per on entra l&#8217;aire exterior. Ho han pogut comprovar amb anem\u00f2metre, amb una c\u00e0mera termogr\u00e0fica, i amb un plomall.\u00a0<\/span><\/p>\n<p><span style=\"font-weight: 400;\">Moltes gr\u00e0cies a <a href=\"https:\/\/novo.haus\/\">Novohaus<\/a> i a en Xavier Jaime, per una super classe, i per ensenyar-nos el &#8220;confort del nostre espai&#8221;.<\/span><\/p>\n<p><a href=\"https:\/\/agora.xtec.cat\/iessantaeugenia\/wp-content\/uploads\/usu1801\/2025\/02\/novohaus_v2_01.jpg\"><img loading=\"lazy\" decoding=\"async\" class=\"alignnone wp-image-12085\" src=\"https:\/\/agora.xtec.cat\/iessantaeugenia\/wp-content\/uploads\/usu1801\/2025\/02\/novohaus_v2_01-1024x1024.jpg\" alt=\"\" width=\"400\" height=\"400\" srcset=\"https:\/\/agora.xtec.cat\/iessantaeugenia\/wp-content\/uploads\/usu1801\/2025\/02\/novohaus_v2_01-1024x1024.jpg 1024w, https:\/\/agora.xtec.cat\/iessantaeugenia\/wp-content\/uploads\/usu1801\/2025\/02\/novohaus_v2_01-300x300.jpg 300w, https:\/\/agora.xtec.cat\/iessantaeugenia\/wp-content\/uploads\/usu1801\/2025\/02\/novohaus_v2_01-150x150.jpg 150w, https:\/\/agora.xtec.cat\/iessantaeugenia\/wp-content\/uploads\/usu1801\/2025\/02\/novohaus_v2_01-768x768.jpg 768w, https:\/\/agora.xtec.cat\/iessantaeugenia\/wp-content\/uploads\/usu1801\/2025\/02\/novohaus_v2_01.jpg 1080w\" sizes=\"auto, (max-width: 400px) 100vw, 400px\" \/>\u00a0\u00a0<\/a> <a href=\"https:\/\/agora.xtec.cat\/iessantaeugenia\/wp-content\/uploads\/usu1801\/2025\/02\/novohaus_v2_03.jpg\"><img loading=\"lazy\" decoding=\"async\" class=\"alignnone wp-image-12086\" src=\"https:\/\/agora.xtec.cat\/iessantaeugenia\/wp-content\/uploads\/usu1801\/2025\/02\/novohaus_v2_03-1024x1024.jpg\" alt=\"\" width=\"400\" height=\"400\" srcset=\"https:\/\/agora.xtec.cat\/iessantaeugenia\/wp-content\/uploads\/usu1801\/2025\/02\/novohaus_v2_03-1024x1024.jpg 1024w, https:\/\/agora.xtec.cat\/iessantaeugenia\/wp-content\/uploads\/usu1801\/2025\/02\/novohaus_v2_03-300x300.jpg 300w, https:\/\/agora.xtec.cat\/iessantaeugenia\/wp-content\/uploads\/usu1801\/2025\/02\/novohaus_v2_03-150x150.jpg 150w, https:\/\/agora.xtec.cat\/iessantaeugenia\/wp-content\/uploads\/usu1801\/2025\/02\/novohaus_v2_03-768x768.jpg 768w, https:\/\/agora.xtec.cat\/iessantaeugenia\/wp-content\/uploads\/usu1801\/2025\/02\/novohaus_v2_03.jpg 1080w\" sizes=\"auto, (max-width: 400px) 100vw, 400px\" \/><\/a><\/p>\n","protected":false},"excerpt":{"rendered":"<p>Aquesta setmana, a la classe de segon de grau superior del cicle de projectes d\u2019edificaci\u00f3, dins de l&#8217;assignatura de Certificaci\u00f3 energ\u00e8tica, hem tingut l&#8217;honor de rebre una classe magistral d&#8217;en Xavier Jaime Novo, sobre passive house. Ens ha exposat totes les solucions constructives per tal&hellip;  <a href=\"https:\/\/agora.xtec.cat\/iessantaeugenia\/general\/novohaus-ens-explica-les-cases-passives\/\" title=\"Read Novohaus ens explica les cases passives\">Llegeix m\u00e9s\u00bb<\/a><\/p>\n","protected":false},"author":1,"featured_media":12086,"comment_status":"closed","ping_status":"closed","sticky":false,"template":"","format":"standard","meta":{"_bbp_topic_count":0,"_bbp_reply_count":0,"_bbp_total_topic_count":0,"_bbp_total_reply_count":0,"_bbp_voice_count":0,"_bbp_anonymous_reply_count":0,"_bbp_topic_count_hidden":0,"_bbp_reply_count_hidden":0,"_bbp_forum_subforum_count":0,"footnotes":""},"categories":[30,1,29],"tags":[],"class_list":["post-12084","post","type-post","status-publish","format-standard","has-post-thumbnail","hentry","category-cicles-formatius","category-general","category-portada"],"post_mailing_queue_ids":[],"_links":{"self":[{"href":"https:\/\/agora.xtec.cat\/iessantaeugenia\/wp-json\/wp\/v2\/posts\/12084","targetHints":{"allow":["GET"]}}],"collection":[{"href":"https:\/\/agora.xtec.cat\/iessantaeugenia\/wp-json\/wp\/v2\/posts"}],"about":[{"href":"https:\/\/agora.xtec.cat\/iessantaeugenia\/wp-json\/wp\/v2\/types\/post"}],"author":[{"embeddable":true,"href":"https:\/\/agora.xtec.cat\/iessantaeugenia\/wp-json\/wp\/v2\/users\/1"}],"replies":[{"embeddable":true,"href":"https:\/\/agora.xtec.cat\/iessantaeugenia\/wp-json\/wp\/v2\/comments?post=12084"}],"version-history":[{"count":1,"href":"https:\/\/agora.xtec.cat\/iessantaeugenia\/wp-json\/wp\/v2\/posts\/12084\/revisions"}],"predecessor-version":[{"id":12087,"href":"https:\/\/agora.xtec.cat\/iessantaeugenia\/wp-json\/wp\/v2\/posts\/12084\/revisions\/12087"}],"wp:featuredmedia":[{"embeddable":true,"href":"https:\/\/agora.xtec.cat\/iessantaeugenia\/wp-json\/wp\/v2\/media\/12086"}],"wp:attachment":[{"href":"https:\/\/agora.xtec.cat\/iessantaeugenia\/wp-json\/wp\/v2\/media?parent=12084"}],"wp:term":[{"taxonomy":"category","embeddable":true,"href":"https:\/\/agora.xtec.cat\/iessantaeugenia\/wp-json\/wp\/v2\/categories?post=12084"},{"taxonomy":"post_tag","embeddable":true,"href":"https:\/\/agora.xtec.cat\/iessantaeugenia\/wp-json\/wp\/v2\/tags?post=12084"}],"curies":[{"name":"wp","href":"https:\/\/api.w.org\/{rel}","templated":true}]}}