{"id":11935,"date":"2025-02-05T19:56:24","date_gmt":"2025-02-05T18:56:24","guid":{"rendered":"https:\/\/agora.xtec.cat\/iessantaeugenia\/?p=11935"},"modified":"2025-02-06T10:36:12","modified_gmt":"2025-02-06T09:36:12","slug":"obrim-les-inscripcions-per-participar-en-el-programa-internacional-erasmus","status":"publish","type":"post","link":"https:\/\/agora.xtec.cat\/iessantaeugenia\/general\/obrim-les-inscripcions-per-participar-en-el-programa-internacional-erasmus\/","title":{"rendered":"Obrim les inscripcions per participar en el programa internacional Erasmus+ FP"},"content":{"rendered":"<p><span style=\"font-weight: 400;\">S&#8217;obren les inscripcions pel proc\u00e9s de selecci\u00f3 que dur\u00e0 a terme l&#8217;institut per seleccionar els alumnes d&#8217;FP, tant de grau mitj\u00e0 com de grau superior, per participar en l&#8217;edici\u00f3 d&#8217;Erasmus+ d&#8217;enguany.<\/span><\/p>\n<p><span style=\"font-weight: 400;\">Erasmus+ \u00e9s el programa que promou l&#8217;intercanvi d&#8217;estudiants entre pa\u00efsos de la Uni\u00f3 Europea permetent fer una part o la totalitat de les hores de FCT\/DUAL a l&#8217;estranger.<\/span><\/p>\n<p><b>La data l\u00edmit per inscriure&#8217;s ser\u00e0 el pr\u00f2xim dimecres 12 de febrer<\/b><b>. <\/b><span style=\"font-weight: 400;\">Per apuntar-vos, feu <a href=\"https:\/\/agora.xtec.cat\/iessantaeugenia\/erasmus-cicles-formatius\/\">clic aqu\u00ed<\/a>.<\/span><\/p>\n<p><span style=\"font-weight: 400;\">Els alumnes inscrits seran citats a una entrevista on ser\u00e0 imprescindible portar un curriculum vitae impr\u00e8s i una carta o v\u00eddeo de motivaci\u00f3.<\/span><\/p>\n<p><span style=\"font-weight: 400;\">Us animem a participar, \u00e9s una gran oportunitat!<\/span><\/p>\n<p><a href=\"https:\/\/agora.xtec.cat\/iessantaeugenia\/wp-content\/uploads\/usu1801\/2025\/02\/inscripcio-erasmus_02.jpg\"><img loading=\"lazy\" decoding=\"async\" class=\"alignnone wp-image-11936\" src=\"https:\/\/agora.xtec.cat\/iessantaeugenia\/wp-content\/uploads\/usu1801\/2025\/02\/inscripcio-erasmus_02-1024x1024.jpg\" alt=\"\" width=\"400\" height=\"400\" srcset=\"https:\/\/agora.xtec.cat\/iessantaeugenia\/wp-content\/uploads\/usu1801\/2025\/02\/inscripcio-erasmus_02-1024x1024.jpg 1024w, https:\/\/agora.xtec.cat\/iessantaeugenia\/wp-content\/uploads\/usu1801\/2025\/02\/inscripcio-erasmus_02-300x300.jpg 300w, https:\/\/agora.xtec.cat\/iessantaeugenia\/wp-content\/uploads\/usu1801\/2025\/02\/inscripcio-erasmus_02-150x150.jpg 150w, https:\/\/agora.xtec.cat\/iessantaeugenia\/wp-content\/uploads\/usu1801\/2025\/02\/inscripcio-erasmus_02-768x768.jpg 768w, https:\/\/agora.xtec.cat\/iessantaeugenia\/wp-content\/uploads\/usu1801\/2025\/02\/inscripcio-erasmus_02.jpg 1080w\" sizes=\"auto, (max-width: 400px) 100vw, 400px\" \/><\/a><\/p>\n<p>&nbsp;<\/p>\n","protected":false},"excerpt":{"rendered":"<p>S&#8217;obren les inscripcions pel proc\u00e9s de selecci\u00f3 que dur\u00e0 a terme l&#8217;institut per seleccionar els alumnes d&#8217;FP, tant de grau mitj\u00e0 com de grau superior, per participar en l&#8217;edici\u00f3 d&#8217;Erasmus+ d&#8217;enguany.<br \/>\nErasmus+ \u00e9s el programa que promou l&#8217;intercanvi d&#8217;estudiants entre pa\u00efsos de la Uni\u00f3 Europea permetent&hellip;  <a href=\"https:\/\/agora.xtec.cat\/iessantaeugenia\/general\/obrim-les-inscripcions-per-participar-en-el-programa-internacional-erasmus\/\" title=\"Read Obrim les inscripcions per participar en el programa internacional Erasmus+ FP\">Llegeix m\u00e9s\u00bb<\/a><\/p>\n","protected":false},"author":1,"featured_media":11936,"comment_status":"closed","ping_status":"closed","sticky":false,"template":"","format":"standard","meta":{"_bbp_topic_count":0,"_bbp_reply_count":0,"_bbp_total_topic_count":0,"_bbp_total_reply_count":0,"_bbp_voice_count":0,"_bbp_anonymous_reply_count":0,"_bbp_topic_count_hidden":0,"_bbp_reply_count_hidden":0,"_bbp_forum_subforum_count":0,"footnotes":""},"categories":[30,1,29],"tags":[],"class_list":["post-11935","post","type-post","status-publish","format-standard","has-post-thumbnail","hentry","category-cicles-formatius","category-general","category-portada"],"post_mailing_queue_ids":[],"_links":{"self":[{"href":"https:\/\/agora.xtec.cat\/iessantaeugenia\/wp-json\/wp\/v2\/posts\/11935","targetHints":{"allow":["GET"]}}],"collection":[{"href":"https:\/\/agora.xtec.cat\/iessantaeugenia\/wp-json\/wp\/v2\/posts"}],"about":[{"href":"https:\/\/agora.xtec.cat\/iessantaeugenia\/wp-json\/wp\/v2\/types\/post"}],"author":[{"embeddable":true,"href":"https:\/\/agora.xtec.cat\/iessantaeugenia\/wp-json\/wp\/v2\/users\/1"}],"replies":[{"embeddable":true,"href":"https:\/\/agora.xtec.cat\/iessantaeugenia\/wp-json\/wp\/v2\/comments?post=11935"}],"version-history":[{"count":4,"href":"https:\/\/agora.xtec.cat\/iessantaeugenia\/wp-json\/wp\/v2\/posts\/11935\/revisions"}],"predecessor-version":[{"id":11941,"href":"https:\/\/agora.xtec.cat\/iessantaeugenia\/wp-json\/wp\/v2\/posts\/11935\/revisions\/11941"}],"wp:featuredmedia":[{"embeddable":true,"href":"https:\/\/agora.xtec.cat\/iessantaeugenia\/wp-json\/wp\/v2\/media\/11936"}],"wp:attachment":[{"href":"https:\/\/agora.xtec.cat\/iessantaeugenia\/wp-json\/wp\/v2\/media?parent=11935"}],"wp:term":[{"taxonomy":"category","embeddable":true,"href":"https:\/\/agora.xtec.cat\/iessantaeugenia\/wp-json\/wp\/v2\/categories?post=11935"},{"taxonomy":"post_tag","embeddable":true,"href":"https:\/\/agora.xtec.cat\/iessantaeugenia\/wp-json\/wp\/v2\/tags?post=11935"}],"curies":[{"name":"wp","href":"https:\/\/api.w.org\/{rel}","templated":true}]}}