{"id":11910,"date":"2025-01-31T10:55:55","date_gmt":"2025-01-31T09:55:55","guid":{"rendered":"https:\/\/agora.xtec.cat\/iessantaeugenia\/?p=11910"},"modified":"2025-01-31T10:55:55","modified_gmt":"2025-01-31T09:55:55","slug":"comencem-un-projecte-de-marqueting-al-sector-doci-campista","status":"publish","type":"post","link":"https:\/\/agora.xtec.cat\/iessantaeugenia\/general\/comencem-un-projecte-de-marqueting-al-sector-doci-campista\/","title":{"rendered":"Comencem un projecte de m\u00e0rqueting al sector d\u2019oci campista"},"content":{"rendered":"<p><span style=\"font-weight: 400;\">L\u2019alumnat de primer del cicle formatiu de Gesti\u00f3 de Vendes i Espais Comercials ha comen\u00e7at un nou projecte que t\u00e9 per objectiu fer un pla de m\u00e0rqueting d\u2019una empresa que es dedica al sector del c\u00e0mping.<\/span><\/p>\n<p><span style=\"font-weight: 400;\">Per fer-ho, primerament el grup va visitar el client del projecte, La Ballena Alegre, situat a Sant Pere Pescador, on va prendre nota de les seves necessitats. All\u00e0, va descobrir com un dels c\u00e0mpings m\u00e9s importants de la Costa Brava treballa aspectes de m\u00e0rqueting, m\u00e0rqueting digital i la sostenibilitat, un tret diferenciador d\u2019aquest complex tur\u00edstic.<\/span><\/p>\n<p><span style=\"font-weight: 400;\">Aquesta setmana el grup ha fet una nova sortida per agafar m\u00e9s idees sobre el m\u00f3n campista visitant el c\u00e0mping Les Medes, de l\u2019Estartit. Aqu\u00ed ha conegut les particularitats d\u2019un dels pocs c\u00e0mpings de costa que obren tot l\u2019any, les seves accions mediambientals i d\u2019estalvi d\u2019energia, entre d\u2019altres.<\/span><\/p>\n<p><span style=\"font-weight: 400;\">Agra\u00efm a aquestes dues empreses que s\u2019han prestat a col\u00b7laborar de manera activa en la metodologia per projectes d\u2019aquest cicle formatiu, apropant la realitat del seu dia a dia al nostre alumnat.<\/span><\/p>\n<p><a href=\"https:\/\/agora.xtec.cat\/iessantaeugenia\/wp-content\/uploads\/usu1801\/2025\/01\/sortida-ballena-alegre-05.jpg\"><img loading=\"lazy\" decoding=\"async\" class=\"alignnone wp-image-11914\" src=\"https:\/\/agora.xtec.cat\/iessantaeugenia\/wp-content\/uploads\/usu1801\/2025\/01\/sortida-ballena-alegre-05-1024x1024.jpg\" alt=\"\" width=\"400\" height=\"400\" srcset=\"https:\/\/agora.xtec.cat\/iessantaeugenia\/wp-content\/uploads\/usu1801\/2025\/01\/sortida-ballena-alegre-05-1024x1024.jpg 1024w, https:\/\/agora.xtec.cat\/iessantaeugenia\/wp-content\/uploads\/usu1801\/2025\/01\/sortida-ballena-alegre-05-300x300.jpg 300w, https:\/\/agora.xtec.cat\/iessantaeugenia\/wp-content\/uploads\/usu1801\/2025\/01\/sortida-ballena-alegre-05-150x150.jpg 150w, https:\/\/agora.xtec.cat\/iessantaeugenia\/wp-content\/uploads\/usu1801\/2025\/01\/sortida-ballena-alegre-05-768x768.jpg 768w, https:\/\/agora.xtec.cat\/iessantaeugenia\/wp-content\/uploads\/usu1801\/2025\/01\/sortida-ballena-alegre-05.jpg 1080w\" sizes=\"auto, (max-width: 400px) 100vw, 400px\" \/> \u00a0<\/a><a href=\"https:\/\/agora.xtec.cat\/iessantaeugenia\/wp-content\/uploads\/usu1801\/2025\/01\/sortida-ballena-alegre-03.jpg\"><img loading=\"lazy\" decoding=\"async\" class=\"alignnone wp-image-11913\" src=\"https:\/\/agora.xtec.cat\/iessantaeugenia\/wp-content\/uploads\/usu1801\/2025\/01\/sortida-ballena-alegre-03-1024x1024.jpg\" alt=\"\" width=\"400\" height=\"400\" srcset=\"https:\/\/agora.xtec.cat\/iessantaeugenia\/wp-content\/uploads\/usu1801\/2025\/01\/sortida-ballena-alegre-03-1024x1024.jpg 1024w, https:\/\/agora.xtec.cat\/iessantaeugenia\/wp-content\/uploads\/usu1801\/2025\/01\/sortida-ballena-alegre-03-300x300.jpg 300w, https:\/\/agora.xtec.cat\/iessantaeugenia\/wp-content\/uploads\/usu1801\/2025\/01\/sortida-ballena-alegre-03-150x150.jpg 150w, https:\/\/agora.xtec.cat\/iessantaeugenia\/wp-content\/uploads\/usu1801\/2025\/01\/sortida-ballena-alegre-03-768x768.jpg 768w, https:\/\/agora.xtec.cat\/iessantaeugenia\/wp-content\/uploads\/usu1801\/2025\/01\/sortida-ballena-alegre-03.jpg 1080w\" sizes=\"auto, (max-width: 400px) 100vw, 400px\" \/><\/a><\/p>\n<p><a href=\"https:\/\/agora.xtec.cat\/iessantaeugenia\/wp-content\/uploads\/usu1801\/2025\/01\/sortida-les-medes-04.jpg\"><img loading=\"lazy\" decoding=\"async\" class=\"alignnone wp-image-11911\" src=\"https:\/\/agora.xtec.cat\/iessantaeugenia\/wp-content\/uploads\/usu1801\/2025\/01\/sortida-les-medes-04-1024x1024.jpg\" alt=\"\" width=\"400\" height=\"400\" srcset=\"https:\/\/agora.xtec.cat\/iessantaeugenia\/wp-content\/uploads\/usu1801\/2025\/01\/sortida-les-medes-04-1024x1024.jpg 1024w, https:\/\/agora.xtec.cat\/iessantaeugenia\/wp-content\/uploads\/usu1801\/2025\/01\/sortida-les-medes-04-300x300.jpg 300w, https:\/\/agora.xtec.cat\/iessantaeugenia\/wp-content\/uploads\/usu1801\/2025\/01\/sortida-les-medes-04-150x150.jpg 150w, https:\/\/agora.xtec.cat\/iessantaeugenia\/wp-content\/uploads\/usu1801\/2025\/01\/sortida-les-medes-04-768x768.jpg 768w, https:\/\/agora.xtec.cat\/iessantaeugenia\/wp-content\/uploads\/usu1801\/2025\/01\/sortida-les-medes-04.jpg 1080w\" sizes=\"auto, (max-width: 400px) 100vw, 400px\" \/><\/a> <a href=\"https:\/\/agora.xtec.cat\/iessantaeugenia\/wp-content\/uploads\/usu1801\/2025\/01\/sortida-les-medes-05.jpg\"><img loading=\"lazy\" decoding=\"async\" class=\"alignnone wp-image-11912\" src=\"https:\/\/agora.xtec.cat\/iessantaeugenia\/wp-content\/uploads\/usu1801\/2025\/01\/sortida-les-medes-05-1024x1024.jpg\" alt=\"\" width=\"400\" height=\"400\" srcset=\"https:\/\/agora.xtec.cat\/iessantaeugenia\/wp-content\/uploads\/usu1801\/2025\/01\/sortida-les-medes-05-1024x1024.jpg 1024w, https:\/\/agora.xtec.cat\/iessantaeugenia\/wp-content\/uploads\/usu1801\/2025\/01\/sortida-les-medes-05-300x300.jpg 300w, https:\/\/agora.xtec.cat\/iessantaeugenia\/wp-content\/uploads\/usu1801\/2025\/01\/sortida-les-medes-05-150x150.jpg 150w, https:\/\/agora.xtec.cat\/iessantaeugenia\/wp-content\/uploads\/usu1801\/2025\/01\/sortida-les-medes-05-768x768.jpg 768w, https:\/\/agora.xtec.cat\/iessantaeugenia\/wp-content\/uploads\/usu1801\/2025\/01\/sortida-les-medes-05.jpg 1080w\" sizes=\"auto, (max-width: 400px) 100vw, 400px\" \/><\/a><\/p>\n","protected":false},"excerpt":{"rendered":"<p>L\u2019alumnat de primer del cicle formatiu de Gesti\u00f3 de Vendes i Espais Comercials ha comen\u00e7at un nou projecte que t\u00e9 per objectiu fer un pla de m\u00e0rqueting d\u2019una empresa que es dedica al sector del c\u00e0mping.<br \/>\nPer fer-ho, primerament el grup va visitar el client del&hellip;  <a href=\"https:\/\/agora.xtec.cat\/iessantaeugenia\/general\/comencem-un-projecte-de-marqueting-al-sector-doci-campista\/\" title=\"Read Comencem un projecte de m\u00e0rqueting al sector d\u2019oci campista\">Llegeix m\u00e9s\u00bb<\/a><\/p>\n","protected":false},"author":1,"featured_media":11914,"comment_status":"closed","ping_status":"closed","sticky":false,"template":"","format":"standard","meta":{"_bbp_topic_count":0,"_bbp_reply_count":0,"_bbp_total_topic_count":0,"_bbp_total_reply_count":0,"_bbp_voice_count":0,"_bbp_anonymous_reply_count":0,"_bbp_topic_count_hidden":0,"_bbp_reply_count_hidden":0,"_bbp_forum_subforum_count":0,"footnotes":""},"categories":[30,1,29],"tags":[],"class_list":["post-11910","post","type-post","status-publish","format-standard","has-post-thumbnail","hentry","category-cicles-formatius","category-general","category-portada"],"post_mailing_queue_ids":[],"_links":{"self":[{"href":"https:\/\/agora.xtec.cat\/iessantaeugenia\/wp-json\/wp\/v2\/posts\/11910","targetHints":{"allow":["GET"]}}],"collection":[{"href":"https:\/\/agora.xtec.cat\/iessantaeugenia\/wp-json\/wp\/v2\/posts"}],"about":[{"href":"https:\/\/agora.xtec.cat\/iessantaeugenia\/wp-json\/wp\/v2\/types\/post"}],"author":[{"embeddable":true,"href":"https:\/\/agora.xtec.cat\/iessantaeugenia\/wp-json\/wp\/v2\/users\/1"}],"replies":[{"embeddable":true,"href":"https:\/\/agora.xtec.cat\/iessantaeugenia\/wp-json\/wp\/v2\/comments?post=11910"}],"version-history":[{"count":2,"href":"https:\/\/agora.xtec.cat\/iessantaeugenia\/wp-json\/wp\/v2\/posts\/11910\/revisions"}],"predecessor-version":[{"id":11917,"href":"https:\/\/agora.xtec.cat\/iessantaeugenia\/wp-json\/wp\/v2\/posts\/11910\/revisions\/11917"}],"wp:featuredmedia":[{"embeddable":true,"href":"https:\/\/agora.xtec.cat\/iessantaeugenia\/wp-json\/wp\/v2\/media\/11914"}],"wp:attachment":[{"href":"https:\/\/agora.xtec.cat\/iessantaeugenia\/wp-json\/wp\/v2\/media?parent=11910"}],"wp:term":[{"taxonomy":"category","embeddable":true,"href":"https:\/\/agora.xtec.cat\/iessantaeugenia\/wp-json\/wp\/v2\/categories?post=11910"},{"taxonomy":"post_tag","embeddable":true,"href":"https:\/\/agora.xtec.cat\/iessantaeugenia\/wp-json\/wp\/v2\/tags?post=11910"}],"curies":[{"name":"wp","href":"https:\/\/api.w.org\/{rel}","templated":true}]}}