{"id":11891,"date":"2025-01-24T12:09:03","date_gmt":"2025-01-24T11:09:03","guid":{"rendered":"https:\/\/agora.xtec.cat\/iessantaeugenia\/?p=11891"},"modified":"2025-01-24T12:09:03","modified_gmt":"2025-01-24T11:09:03","slug":"sortida-per-veure-la-realitzacio-dun-estudi-geotecnic","status":"publish","type":"post","link":"https:\/\/agora.xtec.cat\/iessantaeugenia\/general\/sortida-per-veure-la-realitzacio-dun-estudi-geotecnic\/","title":{"rendered":"Sortida per veure la realitzaci\u00f3 d&#8217;un estudi geot\u00e8cnic"},"content":{"rendered":"<p><span style=\"font-weight: 400;\">Els alumnes del Grau Superior de Projectes d\u2019Edificaci\u00f3, aquest dimecres van assistir a una classe de terrenys per a l\u2019elaboraci\u00f3 d&#8217;un estudi geot\u00e8cnic a Montju\u00efc. El ge\u00f2leg Roger Mata de l\u2019empresa <\/span><a href=\"http:\/\/geotecnics.net\"><span style=\"font-weight: 400;\">AR Geot\u00e8cnics<\/span><\/a><span style=\"font-weight: 400;\">, els hi va explicar amb tot detall com funcionen les m\u00e0quines de perforaci\u00f3, resultats, qu\u00e8 se&#8217;n fa de les mostres obtingudes, i com afecta a la fonamentaci\u00f3 dels edificis.\u00a0<\/span><\/p>\n<p><span style=\"font-weight: 400;\">Moltes gr\u00e0cies, Roger i Toni, per compartir la vostra feina i fer-nos aquesta classe magistral. Ha estat un privilegi.\u00a0<\/span><\/p>\n<p><a href=\"https:\/\/agora.xtec.cat\/iessantaeugenia\/wp-content\/uploads\/usu1801\/2025\/01\/estudi_geotecnic_01.jpg\"><img loading=\"lazy\" decoding=\"async\" class=\"alignnone wp-image-11892\" src=\"https:\/\/agora.xtec.cat\/iessantaeugenia\/wp-content\/uploads\/usu1801\/2025\/01\/estudi_geotecnic_01-1024x1024.jpg\" alt=\"\" width=\"400\" height=\"400\" srcset=\"https:\/\/agora.xtec.cat\/iessantaeugenia\/wp-content\/uploads\/usu1801\/2025\/01\/estudi_geotecnic_01-1024x1024.jpg 1024w, https:\/\/agora.xtec.cat\/iessantaeugenia\/wp-content\/uploads\/usu1801\/2025\/01\/estudi_geotecnic_01-300x300.jpg 300w, https:\/\/agora.xtec.cat\/iessantaeugenia\/wp-content\/uploads\/usu1801\/2025\/01\/estudi_geotecnic_01-150x150.jpg 150w, https:\/\/agora.xtec.cat\/iessantaeugenia\/wp-content\/uploads\/usu1801\/2025\/01\/estudi_geotecnic_01-768x768.jpg 768w, https:\/\/agora.xtec.cat\/iessantaeugenia\/wp-content\/uploads\/usu1801\/2025\/01\/estudi_geotecnic_01.jpg 1080w\" sizes=\"auto, (max-width: 400px) 100vw, 400px\" \/>\u00a0\u00a0<\/a> <a href=\"https:\/\/agora.xtec.cat\/iessantaeugenia\/wp-content\/uploads\/usu1801\/2025\/01\/estudi_geotecnic_02.jpg\"><img loading=\"lazy\" decoding=\"async\" class=\"alignnone wp-image-11893\" src=\"https:\/\/agora.xtec.cat\/iessantaeugenia\/wp-content\/uploads\/usu1801\/2025\/01\/estudi_geotecnic_02-1024x1024.jpg\" alt=\"\" width=\"400\" height=\"400\" srcset=\"https:\/\/agora.xtec.cat\/iessantaeugenia\/wp-content\/uploads\/usu1801\/2025\/01\/estudi_geotecnic_02-1024x1024.jpg 1024w, https:\/\/agora.xtec.cat\/iessantaeugenia\/wp-content\/uploads\/usu1801\/2025\/01\/estudi_geotecnic_02-300x300.jpg 300w, https:\/\/agora.xtec.cat\/iessantaeugenia\/wp-content\/uploads\/usu1801\/2025\/01\/estudi_geotecnic_02-150x150.jpg 150w, https:\/\/agora.xtec.cat\/iessantaeugenia\/wp-content\/uploads\/usu1801\/2025\/01\/estudi_geotecnic_02-768x768.jpg 768w, https:\/\/agora.xtec.cat\/iessantaeugenia\/wp-content\/uploads\/usu1801\/2025\/01\/estudi_geotecnic_02.jpg 1080w\" sizes=\"auto, (max-width: 400px) 100vw, 400px\" \/>\u00a0\u00a0<\/a><\/p>\n","protected":false},"excerpt":{"rendered":"<p>Els alumnes del Grau Superior de Projectes d\u2019Edificaci\u00f3, aquest dimecres van assistir a una classe de terrenys per a l\u2019elaboraci\u00f3 d&#8217;un estudi geot\u00e8cnic a Montju\u00efc. El ge\u00f2leg Roger Mata de l\u2019empresa <a href=\"http:\/\/geotecnics.net\">AR Geot\u00e8cnics<\/a>, els hi va explicar amb tot detall com funcionen les m\u00e0quines&hellip;  <a href=\"https:\/\/agora.xtec.cat\/iessantaeugenia\/general\/sortida-per-veure-la-realitzacio-dun-estudi-geotecnic\/\" title=\"Read Sortida per veure la realitzaci\u00f3 d&#8217;un estudi geot\u00e8cnic\">Llegeix m\u00e9s\u00bb<\/a><\/p>\n","protected":false},"author":1,"featured_media":11894,"comment_status":"closed","ping_status":"closed","sticky":false,"template":"","format":"standard","meta":{"_bbp_topic_count":0,"_bbp_reply_count":0,"_bbp_total_topic_count":0,"_bbp_total_reply_count":0,"_bbp_voice_count":0,"_bbp_anonymous_reply_count":0,"_bbp_topic_count_hidden":0,"_bbp_reply_count_hidden":0,"_bbp_forum_subforum_count":0,"footnotes":""},"categories":[30,1,29],"tags":[],"class_list":["post-11891","post","type-post","status-publish","format-standard","has-post-thumbnail","hentry","category-cicles-formatius","category-general","category-portada"],"post_mailing_queue_ids":[],"_links":{"self":[{"href":"https:\/\/agora.xtec.cat\/iessantaeugenia\/wp-json\/wp\/v2\/posts\/11891","targetHints":{"allow":["GET"]}}],"collection":[{"href":"https:\/\/agora.xtec.cat\/iessantaeugenia\/wp-json\/wp\/v2\/posts"}],"about":[{"href":"https:\/\/agora.xtec.cat\/iessantaeugenia\/wp-json\/wp\/v2\/types\/post"}],"author":[{"embeddable":true,"href":"https:\/\/agora.xtec.cat\/iessantaeugenia\/wp-json\/wp\/v2\/users\/1"}],"replies":[{"embeddable":true,"href":"https:\/\/agora.xtec.cat\/iessantaeugenia\/wp-json\/wp\/v2\/comments?post=11891"}],"version-history":[{"count":1,"href":"https:\/\/agora.xtec.cat\/iessantaeugenia\/wp-json\/wp\/v2\/posts\/11891\/revisions"}],"predecessor-version":[{"id":11895,"href":"https:\/\/agora.xtec.cat\/iessantaeugenia\/wp-json\/wp\/v2\/posts\/11891\/revisions\/11895"}],"wp:featuredmedia":[{"embeddable":true,"href":"https:\/\/agora.xtec.cat\/iessantaeugenia\/wp-json\/wp\/v2\/media\/11894"}],"wp:attachment":[{"href":"https:\/\/agora.xtec.cat\/iessantaeugenia\/wp-json\/wp\/v2\/media?parent=11891"}],"wp:term":[{"taxonomy":"category","embeddable":true,"href":"https:\/\/agora.xtec.cat\/iessantaeugenia\/wp-json\/wp\/v2\/categories?post=11891"},{"taxonomy":"post_tag","embeddable":true,"href":"https:\/\/agora.xtec.cat\/iessantaeugenia\/wp-json\/wp\/v2\/tags?post=11891"}],"curies":[{"name":"wp","href":"https:\/\/api.w.org\/{rel}","templated":true}]}}