{"id":11887,"date":"2025-01-21T13:14:11","date_gmt":"2025-01-21T12:14:11","guid":{"rendered":"https:\/\/agora.xtec.cat\/iessantaeugenia\/?p=11887"},"modified":"2025-01-21T13:23:40","modified_gmt":"2025-01-21T12:23:40","slug":"comencem-el-tour-de-mates","status":"publish","type":"post","link":"https:\/\/agora.xtec.cat\/iessantaeugenia\/general\/comencem-el-tour-de-mates\/","title":{"rendered":"Comencem el Tour de Mates"},"content":{"rendered":"<p><span style=\"font-weight: 400;\">La setmana passada va comen\u00e7ar el Tour de les Mates a l\u2019institut. \u00c9s una competici\u00f3 de c\u00e0lcul mental, on els alumnes han de resoldre el m\u00e0xim d\u2019operacions matem\u00e0tiques en 5 minuts. L\u2019activitat fomenta que els alumnes adquireixin estrat\u00e8gies de c\u00e0lcul mental i rapidesa de c\u00e0lcul.<\/span><\/p>\n<p><span style=\"font-weight: 400;\">La competici\u00f3 simula una carrera ciclista. Durant cinc setmanes, els alumnes faran una etapa setmanal. I hi ha diverses classificacions: la persona que en fa m\u00e9s, la millor classe, el millor jove (1r i 2n d\u2019ESO)&#8230;<\/span><\/p>\n<p><span style=\"font-weight: 400;\">Les classificacions s\u2019aniran actualitzant setmanalment en <\/span><a href=\"https:\/\/eltourdemates.wordpress.com\/clasificacion\/\"><span style=\"font-weight: 400;\">aquesta web<\/span><\/a><span style=\"font-weight: 400;\"> i la competici\u00f3 es dur\u00e0 a terme els mesos de gener i febrer.<\/span><\/p>\n<p><a href=\"https:\/\/agora.xtec.cat\/iessantaeugenia\/wp-content\/uploads\/usu1801\/2025\/01\/tour-mates-01.jpg\"><img loading=\"lazy\" decoding=\"async\" class=\"alignnone wp-image-11888\" src=\"https:\/\/agora.xtec.cat\/iessantaeugenia\/wp-content\/uploads\/usu1801\/2025\/01\/tour-mates-01-1024x1024.jpg\" alt=\"\" width=\"400\" height=\"400\" srcset=\"https:\/\/agora.xtec.cat\/iessantaeugenia\/wp-content\/uploads\/usu1801\/2025\/01\/tour-mates-01-1024x1024.jpg 1024w, https:\/\/agora.xtec.cat\/iessantaeugenia\/wp-content\/uploads\/usu1801\/2025\/01\/tour-mates-01-300x300.jpg 300w, https:\/\/agora.xtec.cat\/iessantaeugenia\/wp-content\/uploads\/usu1801\/2025\/01\/tour-mates-01-150x150.jpg 150w, https:\/\/agora.xtec.cat\/iessantaeugenia\/wp-content\/uploads\/usu1801\/2025\/01\/tour-mates-01-768x768.jpg 768w, https:\/\/agora.xtec.cat\/iessantaeugenia\/wp-content\/uploads\/usu1801\/2025\/01\/tour-mates-01.jpg 1080w\" sizes=\"auto, (max-width: 400px) 100vw, 400px\" \/>\u00a0\u00a0<\/a> <a href=\"https:\/\/agora.xtec.cat\/iessantaeugenia\/wp-content\/uploads\/usu1801\/2025\/01\/tour-mates-02.jpg\"><img loading=\"lazy\" decoding=\"async\" class=\"alignnone wp-image-11889\" src=\"https:\/\/agora.xtec.cat\/iessantaeugenia\/wp-content\/uploads\/usu1801\/2025\/01\/tour-mates-02-1024x1024.jpg\" alt=\"\" width=\"400\" height=\"400\" srcset=\"https:\/\/agora.xtec.cat\/iessantaeugenia\/wp-content\/uploads\/usu1801\/2025\/01\/tour-mates-02-1024x1024.jpg 1024w, https:\/\/agora.xtec.cat\/iessantaeugenia\/wp-content\/uploads\/usu1801\/2025\/01\/tour-mates-02-300x300.jpg 300w, https:\/\/agora.xtec.cat\/iessantaeugenia\/wp-content\/uploads\/usu1801\/2025\/01\/tour-mates-02-150x150.jpg 150w, https:\/\/agora.xtec.cat\/iessantaeugenia\/wp-content\/uploads\/usu1801\/2025\/01\/tour-mates-02-768x768.jpg 768w, https:\/\/agora.xtec.cat\/iessantaeugenia\/wp-content\/uploads\/usu1801\/2025\/01\/tour-mates-02.jpg 1080w\" sizes=\"auto, (max-width: 400px) 100vw, 400px\" \/><\/a><\/p>\n","protected":false},"excerpt":{"rendered":"<p>La setmana passada va comen\u00e7ar el Tour de les Mates a l\u2019institut. \u00c9s una competici\u00f3 de c\u00e0lcul mental, on els alumnes han de resoldre el m\u00e0xim d\u2019operacions matem\u00e0tiques en 5 minuts. L\u2019activitat fomenta que els alumnes adquireixin estrat\u00e8gies de c\u00e0lcul mental i rapidesa de c\u00e0lcul.<br \/>\nLa&hellip;  <a href=\"https:\/\/agora.xtec.cat\/iessantaeugenia\/general\/comencem-el-tour-de-mates\/\" title=\"Read Comencem el Tour de Mates\">Llegeix m\u00e9s\u00bb<\/a><\/p>\n","protected":false},"author":1,"featured_media":11888,"comment_status":"closed","ping_status":"closed","sticky":false,"template":"","format":"standard","meta":{"_bbp_topic_count":0,"_bbp_reply_count":0,"_bbp_total_topic_count":0,"_bbp_total_reply_count":0,"_bbp_voice_count":0,"_bbp_anonymous_reply_count":0,"_bbp_topic_count_hidden":0,"_bbp_reply_count_hidden":0,"_bbp_forum_subforum_count":0,"footnotes":""},"categories":[120,1,29],"tags":[],"class_list":["post-11887","post","type-post","status-publish","format-standard","has-post-thumbnail","hentry","category-eso","category-general","category-portada"],"post_mailing_queue_ids":[],"_links":{"self":[{"href":"https:\/\/agora.xtec.cat\/iessantaeugenia\/wp-json\/wp\/v2\/posts\/11887","targetHints":{"allow":["GET"]}}],"collection":[{"href":"https:\/\/agora.xtec.cat\/iessantaeugenia\/wp-json\/wp\/v2\/posts"}],"about":[{"href":"https:\/\/agora.xtec.cat\/iessantaeugenia\/wp-json\/wp\/v2\/types\/post"}],"author":[{"embeddable":true,"href":"https:\/\/agora.xtec.cat\/iessantaeugenia\/wp-json\/wp\/v2\/users\/1"}],"replies":[{"embeddable":true,"href":"https:\/\/agora.xtec.cat\/iessantaeugenia\/wp-json\/wp\/v2\/comments?post=11887"}],"version-history":[{"count":1,"href":"https:\/\/agora.xtec.cat\/iessantaeugenia\/wp-json\/wp\/v2\/posts\/11887\/revisions"}],"predecessor-version":[{"id":11890,"href":"https:\/\/agora.xtec.cat\/iessantaeugenia\/wp-json\/wp\/v2\/posts\/11887\/revisions\/11890"}],"wp:featuredmedia":[{"embeddable":true,"href":"https:\/\/agora.xtec.cat\/iessantaeugenia\/wp-json\/wp\/v2\/media\/11888"}],"wp:attachment":[{"href":"https:\/\/agora.xtec.cat\/iessantaeugenia\/wp-json\/wp\/v2\/media?parent=11887"}],"wp:term":[{"taxonomy":"category","embeddable":true,"href":"https:\/\/agora.xtec.cat\/iessantaeugenia\/wp-json\/wp\/v2\/categories?post=11887"},{"taxonomy":"post_tag","embeddable":true,"href":"https:\/\/agora.xtec.cat\/iessantaeugenia\/wp-json\/wp\/v2\/tags?post=11887"}],"curies":[{"name":"wp","href":"https:\/\/api.w.org\/{rel}","templated":true}]}}