{"id":11835,"date":"2024-12-23T11:41:45","date_gmt":"2024-12-23T10:41:45","guid":{"rendered":"https:\/\/agora.xtec.cat\/iessantaeugenia\/?p=11835"},"modified":"2024-12-23T11:54:16","modified_gmt":"2024-12-23T10:54:16","slug":"mor-la-nostra-companya-marina-font","status":"publish","type":"post","link":"https:\/\/agora.xtec.cat\/iessantaeugenia\/general\/mor-la-nostra-companya-marina-font\/","title":{"rendered":"Mor la nostra companya Marina Font"},"content":{"rendered":"<p><span style=\"font-weight: 400;\">Lamentem comunicar la mort de la nostra companya Marina Font Pag\u00e8s, que ens va deixar el passat 20 de desembre.\u00a0<\/span><\/p>\n<p><span style=\"font-weight: 400;\">La Marina havia treballat com a professora de biologia al departament de ci\u00e8ncies del nostre institut des del curs 97-98, any de la fundaci\u00f3 del Santa Eug\u00e8nia, i es va jubilar a final del curs passat. Va ser molts anys coordinadora de batxillerat, m\u00e9s tard\u00a0 cap del departament de Ci\u00e8ncies i va ajudar-nos, amb la seva professionalitat, experi\u00e8ncia i voluntat de servei, a formar generacions d&#8217;estudiants i a fer cr\u00e9ixer el Santa Eug\u00e8nia.\u00a0<\/span><\/p>\n<p><span style=\"font-weight: 400;\">Des d&#8217;aqu\u00ed volem acompanyar en el dol a fam\u00edlia, amics i companys. Tota la comunitat educativa del Santa Eug\u00e8nia lamenta profundament la seva p\u00e8rdua.\u00a0<\/span><\/p>\n<p><span style=\"font-weight: 400;\">La cerim\u00f2nia de comiat va tenir lloc ahir diumenge 22 de desembre, al tanatori de Girona i ens volem fer ress\u00f2 de paraules de comiat que s\u2019hi van dir, del poeta Salvador Font Vi\u00f1as:\u00a0<\/span><\/p>\n<p><em><span style=\"font-weight: 400;\">Quan sentis que sona el tro,<br \/>\n<\/span><span style=\"font-weight: 400;\">el tro fort cap a mitja tarda,<br \/>\n<\/span><span style=\"font-weight: 400;\">no pensis que el tro \u00e9s el tro,<br \/>\n<\/span><span style=\"font-weight: 400;\">ni la pluja la ruixada,<br \/>\n<\/span><span style=\"font-weight: 400;\">el tro \u00e9s esclat d\u2019amor<br \/>\n<\/span><span style=\"font-weight: 400;\">i la pluja, plor d\u2019enyoran\u00e7a.<\/span><\/em><\/p>\n<p><a href=\"https:\/\/agora.xtec.cat\/iessantaeugenia\/wp-content\/uploads\/usu1801\/2024\/09\/imatge-mort-montse.jpg\"><img loading=\"lazy\" decoding=\"async\" class=\"alignnone wp-image-11503\" src=\"https:\/\/agora.xtec.cat\/iessantaeugenia\/wp-content\/uploads\/usu1801\/2024\/09\/imatge-mort-montse-1024x1024.jpg\" alt=\"\" width=\"400\" height=\"400\" srcset=\"https:\/\/agora.xtec.cat\/iessantaeugenia\/wp-content\/uploads\/usu1801\/2024\/09\/imatge-mort-montse-1024x1024.jpg 1024w, https:\/\/agora.xtec.cat\/iessantaeugenia\/wp-content\/uploads\/usu1801\/2024\/09\/imatge-mort-montse-300x300.jpg 300w, https:\/\/agora.xtec.cat\/iessantaeugenia\/wp-content\/uploads\/usu1801\/2024\/09\/imatge-mort-montse-150x150.jpg 150w, https:\/\/agora.xtec.cat\/iessantaeugenia\/wp-content\/uploads\/usu1801\/2024\/09\/imatge-mort-montse-768x767.jpg 768w, https:\/\/agora.xtec.cat\/iessantaeugenia\/wp-content\/uploads\/usu1801\/2024\/09\/imatge-mort-montse.jpg 1081w\" sizes=\"auto, (max-width: 400px) 100vw, 400px\" \/><\/a><\/p>\n","protected":false},"excerpt":{"rendered":"<p>Lamentem comunicar la mort de la nostra companya Marina Font Pag\u00e8s, que ens va deixar el passat 20 de desembre.\u00a0<br \/>\nLa Marina havia treballat com a professora de biologia al departament de ci\u00e8ncies del nostre institut des del curs 97-98, any de la fundaci\u00f3 del Santa&hellip;  <a href=\"https:\/\/agora.xtec.cat\/iessantaeugenia\/general\/mor-la-nostra-companya-marina-font\/\" title=\"Read Mor la nostra companya Marina Font\">Llegeix m\u00e9s\u00bb<\/a><\/p>\n","protected":false},"author":1,"featured_media":11502,"comment_status":"closed","ping_status":"closed","sticky":false,"template":"","format":"standard","meta":{"_bbp_topic_count":0,"_bbp_reply_count":0,"_bbp_total_topic_count":0,"_bbp_total_reply_count":0,"_bbp_voice_count":0,"_bbp_anonymous_reply_count":0,"_bbp_topic_count_hidden":0,"_bbp_reply_count_hidden":0,"_bbp_forum_subforum_count":0,"footnotes":""},"categories":[8,116,1,29],"tags":[],"class_list":["post-11835","post","type-post","status-publish","format-standard","has-post-thumbnail","hentry","category-batxillerat","category-batx-tecnologic","category-general","category-portada"],"post_mailing_queue_ids":[],"_links":{"self":[{"href":"https:\/\/agora.xtec.cat\/iessantaeugenia\/wp-json\/wp\/v2\/posts\/11835","targetHints":{"allow":["GET"]}}],"collection":[{"href":"https:\/\/agora.xtec.cat\/iessantaeugenia\/wp-json\/wp\/v2\/posts"}],"about":[{"href":"https:\/\/agora.xtec.cat\/iessantaeugenia\/wp-json\/wp\/v2\/types\/post"}],"author":[{"embeddable":true,"href":"https:\/\/agora.xtec.cat\/iessantaeugenia\/wp-json\/wp\/v2\/users\/1"}],"replies":[{"embeddable":true,"href":"https:\/\/agora.xtec.cat\/iessantaeugenia\/wp-json\/wp\/v2\/comments?post=11835"}],"version-history":[{"count":2,"href":"https:\/\/agora.xtec.cat\/iessantaeugenia\/wp-json\/wp\/v2\/posts\/11835\/revisions"}],"predecessor-version":[{"id":11837,"href":"https:\/\/agora.xtec.cat\/iessantaeugenia\/wp-json\/wp\/v2\/posts\/11835\/revisions\/11837"}],"wp:featuredmedia":[{"embeddable":true,"href":"https:\/\/agora.xtec.cat\/iessantaeugenia\/wp-json\/wp\/v2\/media\/11502"}],"wp:attachment":[{"href":"https:\/\/agora.xtec.cat\/iessantaeugenia\/wp-json\/wp\/v2\/media?parent=11835"}],"wp:term":[{"taxonomy":"category","embeddable":true,"href":"https:\/\/agora.xtec.cat\/iessantaeugenia\/wp-json\/wp\/v2\/categories?post=11835"},{"taxonomy":"post_tag","embeddable":true,"href":"https:\/\/agora.xtec.cat\/iessantaeugenia\/wp-json\/wp\/v2\/tags?post=11835"}],"curies":[{"name":"wp","href":"https:\/\/api.w.org\/{rel}","templated":true}]}}