{"id":11805,"date":"2024-12-16T22:54:06","date_gmt":"2024-12-16T21:54:06","guid":{"rendered":"https:\/\/agora.xtec.cat\/iessantaeugenia\/?p=11805"},"modified":"2024-12-16T23:00:02","modified_gmt":"2024-12-16T22:00:02","slug":"djembes-i-darbukes-a-primer-deso","status":"publish","type":"post","link":"https:\/\/agora.xtec.cat\/iessantaeugenia\/general\/djembes-i-darbukes-a-primer-deso\/","title":{"rendered":"Djemb\u00e9s i Darbukes a primer d\u2019ESO"},"content":{"rendered":"<p><span style=\"font-weight: 400;\">Els alumnes de 1r d&#8217;ESO i un grup de 4t han realitzat un taller de percussi\u00f3 africana dins la mat\u00e8ria de m\u00fasica dirigida pel professor Josep Vidal.\u00a0\u00a0<\/span><\/p>\n<p><span style=\"font-weight: 400;\">Els sons d&#8217;aquests instruments d&#8217;arrels africanes han enva\u00eft el gimn\u00e0s del centre aquest passat dilluns dia 9 de desembre. Cada grup d&#8217;alumnes i els professors acompanyants han pogut tocar-los durant una hora.\u00a0<\/span><\/p>\n<p><span style=\"font-weight: 400;\">La sintonia entre els assistents era evident, la melodia resultant era, encara que agradable, for\u00e7a millorable per aix\u00f2 est\u00e0 previst fer una segona sessi\u00f3 del taller al mes de mar\u00e7.\u00a0<\/span><\/p>\n<p><span style=\"font-weight: 400;\">L&#8217;activitat es fa amb la factoria art\u00edstica Khan Cartr\u00f6 de Salt.<\/span><\/p>\n<p><span style=\"font-weight: 400;\">Que el ritme no pari!<\/span><\/p>\n<p><a href=\"https:\/\/agora.xtec.cat\/iessantaeugenia\/wp-content\/uploads\/usu1801\/2024\/12\/musica-africana-01.jpg\"><img loading=\"lazy\" decoding=\"async\" class=\"alignnone wp-image-11807\" src=\"https:\/\/agora.xtec.cat\/iessantaeugenia\/wp-content\/uploads\/usu1801\/2024\/12\/musica-africana-01-1024x1024.jpg\" alt=\"\" width=\"400\" height=\"400\" srcset=\"https:\/\/agora.xtec.cat\/iessantaeugenia\/wp-content\/uploads\/usu1801\/2024\/12\/musica-africana-01-1024x1024.jpg 1024w, https:\/\/agora.xtec.cat\/iessantaeugenia\/wp-content\/uploads\/usu1801\/2024\/12\/musica-africana-01-300x300.jpg 300w, https:\/\/agora.xtec.cat\/iessantaeugenia\/wp-content\/uploads\/usu1801\/2024\/12\/musica-africana-01-150x150.jpg 150w, https:\/\/agora.xtec.cat\/iessantaeugenia\/wp-content\/uploads\/usu1801\/2024\/12\/musica-africana-01-768x768.jpg 768w, https:\/\/agora.xtec.cat\/iessantaeugenia\/wp-content\/uploads\/usu1801\/2024\/12\/musica-africana-01.jpg 1080w\" sizes=\"auto, (max-width: 400px) 100vw, 400px\" \/>\u00a0 \u00a0<\/a><a href=\"https:\/\/agora.xtec.cat\/iessantaeugenia\/wp-content\/uploads\/usu1801\/2024\/12\/musica-africana-01-1.jpg\"><img loading=\"lazy\" decoding=\"async\" class=\"alignnone wp-image-11806\" src=\"https:\/\/agora.xtec.cat\/iessantaeugenia\/wp-content\/uploads\/usu1801\/2024\/12\/musica-africana-01-1-1024x1024.jpg\" alt=\"\" width=\"400\" height=\"400\" srcset=\"https:\/\/agora.xtec.cat\/iessantaeugenia\/wp-content\/uploads\/usu1801\/2024\/12\/musica-africana-01-1-1024x1024.jpg 1024w, https:\/\/agora.xtec.cat\/iessantaeugenia\/wp-content\/uploads\/usu1801\/2024\/12\/musica-africana-01-1-300x300.jpg 300w, https:\/\/agora.xtec.cat\/iessantaeugenia\/wp-content\/uploads\/usu1801\/2024\/12\/musica-africana-01-1-150x150.jpg 150w, https:\/\/agora.xtec.cat\/iessantaeugenia\/wp-content\/uploads\/usu1801\/2024\/12\/musica-africana-01-1-768x768.jpg 768w, https:\/\/agora.xtec.cat\/iessantaeugenia\/wp-content\/uploads\/usu1801\/2024\/12\/musica-africana-01-1.jpg 1080w\" sizes=\"auto, (max-width: 400px) 100vw, 400px\" \/><\/a><\/p>\n","protected":false},"excerpt":{"rendered":"<p>Els alumnes de 1r d&#8217;ESO i un grup de 4t han realitzat un taller de percussi\u00f3 africana dins la mat\u00e8ria de m\u00fasica dirigida pel professor Josep Vidal.\u00a0\u00a0<br \/>\nEls sons d&#8217;aquests instruments d&#8217;arrels africanes han enva\u00eft el gimn\u00e0s del centre aquest passat dilluns dia 9 de desembre.&hellip;  <a href=\"https:\/\/agora.xtec.cat\/iessantaeugenia\/general\/djembes-i-darbukes-a-primer-deso\/\" title=\"Read Djemb\u00e9s i Darbukes a primer d\u2019ESO\">Llegeix m\u00e9s\u00bb<\/a><\/p>\n","protected":false},"author":1,"featured_media":11808,"comment_status":"closed","ping_status":"closed","sticky":false,"template":"","format":"standard","meta":{"_bbp_topic_count":0,"_bbp_reply_count":0,"_bbp_total_topic_count":0,"_bbp_total_reply_count":0,"_bbp_voice_count":0,"_bbp_anonymous_reply_count":0,"_bbp_topic_count_hidden":0,"_bbp_reply_count_hidden":0,"_bbp_forum_subforum_count":0,"footnotes":""},"categories":[3,120,1,29],"tags":[],"class_list":["post-11805","post","type-post","status-publish","format-standard","has-post-thumbnail","hentry","category-1eso","category-eso","category-general","category-portada"],"post_mailing_queue_ids":[],"_links":{"self":[{"href":"https:\/\/agora.xtec.cat\/iessantaeugenia\/wp-json\/wp\/v2\/posts\/11805","targetHints":{"allow":["GET"]}}],"collection":[{"href":"https:\/\/agora.xtec.cat\/iessantaeugenia\/wp-json\/wp\/v2\/posts"}],"about":[{"href":"https:\/\/agora.xtec.cat\/iessantaeugenia\/wp-json\/wp\/v2\/types\/post"}],"author":[{"embeddable":true,"href":"https:\/\/agora.xtec.cat\/iessantaeugenia\/wp-json\/wp\/v2\/users\/1"}],"replies":[{"embeddable":true,"href":"https:\/\/agora.xtec.cat\/iessantaeugenia\/wp-json\/wp\/v2\/comments?post=11805"}],"version-history":[{"count":3,"href":"https:\/\/agora.xtec.cat\/iessantaeugenia\/wp-json\/wp\/v2\/posts\/11805\/revisions"}],"predecessor-version":[{"id":11811,"href":"https:\/\/agora.xtec.cat\/iessantaeugenia\/wp-json\/wp\/v2\/posts\/11805\/revisions\/11811"}],"wp:featuredmedia":[{"embeddable":true,"href":"https:\/\/agora.xtec.cat\/iessantaeugenia\/wp-json\/wp\/v2\/media\/11808"}],"wp:attachment":[{"href":"https:\/\/agora.xtec.cat\/iessantaeugenia\/wp-json\/wp\/v2\/media?parent=11805"}],"wp:term":[{"taxonomy":"category","embeddable":true,"href":"https:\/\/agora.xtec.cat\/iessantaeugenia\/wp-json\/wp\/v2\/categories?post=11805"},{"taxonomy":"post_tag","embeddable":true,"href":"https:\/\/agora.xtec.cat\/iessantaeugenia\/wp-json\/wp\/v2\/tags?post=11805"}],"curies":[{"name":"wp","href":"https:\/\/api.w.org\/{rel}","templated":true}]}}