{"id":11686,"date":"2024-11-20T09:30:37","date_gmt":"2024-11-20T08:30:37","guid":{"rendered":"https:\/\/agora.xtec.cat\/iessantaeugenia\/?p=11686"},"modified":"2024-11-20T09:31:17","modified_gmt":"2024-11-20T08:31:17","slug":"concurs-de-comics-a-laula-dacollida","status":"publish","type":"post","link":"https:\/\/agora.xtec.cat\/iessantaeugenia\/general\/concurs-de-comics-a-laula-dacollida\/","title":{"rendered":"Concurs de c\u00f2mics a l\u2019aula d\u2019acollida"},"content":{"rendered":"<p><span style=\"font-weight: 400;\">L\u2019aula d\u2019acollida ha organitzat recentment un concurs de c\u00f2mics. Ha estat una activitat genial per fomentar la creativitat i l&#8217;expressi\u00f3 entre els estudiants nouvinguts. Aquesta iniciativa ha perm\u00e8s que els alumnes hagin pogut treballar la llengua, les seves habilitats de dibuix i hagin pogut expressar les seves idees de forma visual i narrativa.<\/span><\/p>\n<p><span style=\"font-weight: 400;\">Tothom pot veure els seus c\u00f2mics exposats al tauler del passad\u00eds de 1r d\u2019ESO.<\/span><\/p>\n<p><span style=\"font-weight: 400;\">Organitzar un concurs com aquest tamb\u00e9 ha ajudat els estudiants a sentir-se part de la comunitat escolar d&#8217;una manera m\u00e9s significativa i a desenvolupar confian\u00e7a en les seves habilitats art\u00edstiques i ling\u00fc\u00edstiques.<\/span><\/p>\n<p><span style=\"font-weight: 400;\">Enhorabona a tots i totes!<\/span><\/p>\n<p><a href=\"https:\/\/agora.xtec.cat\/iessantaeugenia\/wp-content\/uploads\/usu1801\/2024\/11\/concurs-comic-aula-acollida-01-1.jpg\"><img loading=\"lazy\" decoding=\"async\" class=\"alignnone wp-image-11693\" src=\"https:\/\/agora.xtec.cat\/iessantaeugenia\/wp-content\/uploads\/usu1801\/2024\/11\/concurs-comic-aula-acollida-01-1-1024x1024.jpg\" alt=\"\" width=\"400\" height=\"400\" srcset=\"https:\/\/agora.xtec.cat\/iessantaeugenia\/wp-content\/uploads\/usu1801\/2024\/11\/concurs-comic-aula-acollida-01-1-1024x1024.jpg 1024w, https:\/\/agora.xtec.cat\/iessantaeugenia\/wp-content\/uploads\/usu1801\/2024\/11\/concurs-comic-aula-acollida-01-1-300x300.jpg 300w, https:\/\/agora.xtec.cat\/iessantaeugenia\/wp-content\/uploads\/usu1801\/2024\/11\/concurs-comic-aula-acollida-01-1-150x150.jpg 150w, https:\/\/agora.xtec.cat\/iessantaeugenia\/wp-content\/uploads\/usu1801\/2024\/11\/concurs-comic-aula-acollida-01-1-768x768.jpg 768w, https:\/\/agora.xtec.cat\/iessantaeugenia\/wp-content\/uploads\/usu1801\/2024\/11\/concurs-comic-aula-acollida-01-1.jpg 1080w\" sizes=\"auto, (max-width: 400px) 100vw, 400px\" \/>\u00a0\u00a0<\/a><\/p>\n<p><a href=\"https:\/\/agora.xtec.cat\/iessantaeugenia\/wp-content\/uploads\/usu1801\/2024\/11\/x-concurs-comic-aula-acollida-01-1.jpg\"><img loading=\"lazy\" decoding=\"async\" class=\"alignnone wp-image-11695\" src=\"https:\/\/agora.xtec.cat\/iessantaeugenia\/wp-content\/uploads\/usu1801\/2024\/11\/x-concurs-comic-aula-acollida-01-1-1024x576.jpg\" alt=\"\" width=\"711\" height=\"400\" srcset=\"https:\/\/agora.xtec.cat\/iessantaeugenia\/wp-content\/uploads\/usu1801\/2024\/11\/x-concurs-comic-aula-acollida-01-1-1024x576.jpg 1024w, https:\/\/agora.xtec.cat\/iessantaeugenia\/wp-content\/uploads\/usu1801\/2024\/11\/x-concurs-comic-aula-acollida-01-1-300x169.jpg 300w, https:\/\/agora.xtec.cat\/iessantaeugenia\/wp-content\/uploads\/usu1801\/2024\/11\/x-concurs-comic-aula-acollida-01-1-768x432.jpg 768w, https:\/\/agora.xtec.cat\/iessantaeugenia\/wp-content\/uploads\/usu1801\/2024\/11\/x-concurs-comic-aula-acollida-01-1-1536x864.jpg 1536w, https:\/\/agora.xtec.cat\/iessantaeugenia\/wp-content\/uploads\/usu1801\/2024\/11\/x-concurs-comic-aula-acollida-01-1.jpg 1600w\" sizes=\"auto, (max-width: 711px) 100vw, 711px\" \/><\/a><\/p>\n","protected":false},"excerpt":{"rendered":"<p>L\u2019aula d\u2019acollida ha organitzat recentment un concurs de c\u00f2mics. Ha estat una activitat genial per fomentar la creativitat i l&#8217;expressi\u00f3 entre els estudiants nouvinguts. Aquesta iniciativa ha perm\u00e8s que els alumnes hagin pogut treballar la llengua, les seves habilitats de dibuix i hagin pogut expressar&hellip;  <a href=\"https:\/\/agora.xtec.cat\/iessantaeugenia\/general\/concurs-de-comics-a-laula-dacollida\/\" title=\"Read Concurs de c\u00f2mics a l\u2019aula d\u2019acollida\">Llegeix m\u00e9s\u00bb<\/a><\/p>\n","protected":false},"author":1,"featured_media":11694,"comment_status":"closed","ping_status":"closed","sticky":false,"template":"","format":"standard","meta":{"_bbp_topic_count":0,"_bbp_reply_count":0,"_bbp_total_topic_count":0,"_bbp_total_reply_count":0,"_bbp_voice_count":0,"_bbp_anonymous_reply_count":0,"_bbp_topic_count_hidden":0,"_bbp_reply_count_hidden":0,"_bbp_forum_subforum_count":0,"footnotes":""},"categories":[120,1,29],"tags":[],"class_list":["post-11686","post","type-post","status-publish","format-standard","has-post-thumbnail","hentry","category-eso","category-general","category-portada"],"post_mailing_queue_ids":[],"_links":{"self":[{"href":"https:\/\/agora.xtec.cat\/iessantaeugenia\/wp-json\/wp\/v2\/posts\/11686","targetHints":{"allow":["GET"]}}],"collection":[{"href":"https:\/\/agora.xtec.cat\/iessantaeugenia\/wp-json\/wp\/v2\/posts"}],"about":[{"href":"https:\/\/agora.xtec.cat\/iessantaeugenia\/wp-json\/wp\/v2\/types\/post"}],"author":[{"embeddable":true,"href":"https:\/\/agora.xtec.cat\/iessantaeugenia\/wp-json\/wp\/v2\/users\/1"}],"replies":[{"embeddable":true,"href":"https:\/\/agora.xtec.cat\/iessantaeugenia\/wp-json\/wp\/v2\/comments?post=11686"}],"version-history":[{"count":3,"href":"https:\/\/agora.xtec.cat\/iessantaeugenia\/wp-json\/wp\/v2\/posts\/11686\/revisions"}],"predecessor-version":[{"id":11698,"href":"https:\/\/agora.xtec.cat\/iessantaeugenia\/wp-json\/wp\/v2\/posts\/11686\/revisions\/11698"}],"wp:featuredmedia":[{"embeddable":true,"href":"https:\/\/agora.xtec.cat\/iessantaeugenia\/wp-json\/wp\/v2\/media\/11694"}],"wp:attachment":[{"href":"https:\/\/agora.xtec.cat\/iessantaeugenia\/wp-json\/wp\/v2\/media?parent=11686"}],"wp:term":[{"taxonomy":"category","embeddable":true,"href":"https:\/\/agora.xtec.cat\/iessantaeugenia\/wp-json\/wp\/v2\/categories?post=11686"},{"taxonomy":"post_tag","embeddable":true,"href":"https:\/\/agora.xtec.cat\/iessantaeugenia\/wp-json\/wp\/v2\/tags?post=11686"}],"curies":[{"name":"wp","href":"https:\/\/api.w.org\/{rel}","templated":true}]}}