{"id":11622,"date":"2024-10-22T10:25:22","date_gmt":"2024-10-22T08:25:22","guid":{"rendered":"https:\/\/agora.xtec.cat\/iessantaeugenia\/?p=11622"},"modified":"2024-10-22T11:49:05","modified_gmt":"2024-10-22T09:49:05","slug":"els-alumnes-de-fred-i-calor-visiten-efintec","status":"publish","type":"post","link":"https:\/\/agora.xtec.cat\/iessantaeugenia\/general\/els-alumnes-de-fred-i-calor-visiten-efintec\/","title":{"rendered":"Els alumnes de Fred i Calor visiten Efintec"},"content":{"rendered":"<p><span style=\"font-weight: 400;\">El 17 d\u2019octubre els alumnes dels cicles de grau mitj\u00e0 de Fred i Calor i els del cicle de grau superior de Desenvolupament de Projectes d\u2019Instal\u00b7lacions T\u00e8rmiques i de Fluids van visitar Efintec, la fira de refer\u00e8ncia del sector de la instal\u00b7laci\u00f3 i l&#8217;energia.<\/span><\/p>\n<p><span style=\"font-weight: 400;\">Amb m\u00e9s de 170 expositors situats al recinte Montju\u00efc de Fira Barcelona, \u00e9s el punt de trobada per a empreses instal\u00b7ladores, arquitectes, enginyers i professionals t\u00e8cnics.<\/span><\/p>\n<p><a href=\"https:\/\/agora.xtec.cat\/iessantaeugenia\/wp-content\/uploads\/usu1801\/2024\/10\/fira-enfitec-alumnes-santa-eugenia.jpg\"><img loading=\"lazy\" decoding=\"async\" class=\"alignnone wp-image-11623\" src=\"https:\/\/agora.xtec.cat\/iessantaeugenia\/wp-content\/uploads\/usu1801\/2024\/10\/fira-enfitec-alumnes-santa-eugenia-1024x1024.jpg\" alt=\"\" width=\"400\" height=\"400\" srcset=\"https:\/\/agora.xtec.cat\/iessantaeugenia\/wp-content\/uploads\/usu1801\/2024\/10\/fira-enfitec-alumnes-santa-eugenia-1024x1024.jpg 1024w, https:\/\/agora.xtec.cat\/iessantaeugenia\/wp-content\/uploads\/usu1801\/2024\/10\/fira-enfitec-alumnes-santa-eugenia-300x300.jpg 300w, https:\/\/agora.xtec.cat\/iessantaeugenia\/wp-content\/uploads\/usu1801\/2024\/10\/fira-enfitec-alumnes-santa-eugenia-150x150.jpg 150w, https:\/\/agora.xtec.cat\/iessantaeugenia\/wp-content\/uploads\/usu1801\/2024\/10\/fira-enfitec-alumnes-santa-eugenia-768x768.jpg 768w, https:\/\/agora.xtec.cat\/iessantaeugenia\/wp-content\/uploads\/usu1801\/2024\/10\/fira-enfitec-alumnes-santa-eugenia.jpg 1080w\" sizes=\"auto, (max-width: 400px) 100vw, 400px\" \/><\/a><\/p>\n","protected":false},"excerpt":{"rendered":"<p>El 17 d\u2019octubre els alumnes dels cicles de grau mitj\u00e0 de Fred i Calor i els del cicle de grau superior de Desenvolupament de Projectes d\u2019Instal\u00b7lacions T\u00e8rmiques i de Fluids van visitar Efintec, la fira de refer\u00e8ncia del sector de la instal\u00b7laci\u00f3 i l&#8217;energia.<br \/>\nAmb m\u00e9s&hellip;  <a href=\"https:\/\/agora.xtec.cat\/iessantaeugenia\/general\/els-alumnes-de-fred-i-calor-visiten-efintec\/\" title=\"Read Els alumnes de Fred i Calor visiten Efintec\">Llegeix m\u00e9s\u00bb<\/a><\/p>\n","protected":false},"author":1,"featured_media":11623,"comment_status":"closed","ping_status":"closed","sticky":false,"template":"","format":"standard","meta":{"_bbp_topic_count":0,"_bbp_reply_count":0,"_bbp_total_topic_count":0,"_bbp_total_reply_count":0,"_bbp_voice_count":0,"_bbp_anonymous_reply_count":0,"_bbp_topic_count_hidden":0,"_bbp_reply_count_hidden":0,"_bbp_forum_subforum_count":0,"footnotes":""},"categories":[30,1,29],"tags":[],"class_list":["post-11622","post","type-post","status-publish","format-standard","has-post-thumbnail","hentry","category-cicles-formatius","category-general","category-portada"],"post_mailing_queue_ids":[],"_links":{"self":[{"href":"https:\/\/agora.xtec.cat\/iessantaeugenia\/wp-json\/wp\/v2\/posts\/11622","targetHints":{"allow":["GET"]}}],"collection":[{"href":"https:\/\/agora.xtec.cat\/iessantaeugenia\/wp-json\/wp\/v2\/posts"}],"about":[{"href":"https:\/\/agora.xtec.cat\/iessantaeugenia\/wp-json\/wp\/v2\/types\/post"}],"author":[{"embeddable":true,"href":"https:\/\/agora.xtec.cat\/iessantaeugenia\/wp-json\/wp\/v2\/users\/1"}],"replies":[{"embeddable":true,"href":"https:\/\/agora.xtec.cat\/iessantaeugenia\/wp-json\/wp\/v2\/comments?post=11622"}],"version-history":[{"count":2,"href":"https:\/\/agora.xtec.cat\/iessantaeugenia\/wp-json\/wp\/v2\/posts\/11622\/revisions"}],"predecessor-version":[{"id":11625,"href":"https:\/\/agora.xtec.cat\/iessantaeugenia\/wp-json\/wp\/v2\/posts\/11622\/revisions\/11625"}],"wp:featuredmedia":[{"embeddable":true,"href":"https:\/\/agora.xtec.cat\/iessantaeugenia\/wp-json\/wp\/v2\/media\/11623"}],"wp:attachment":[{"href":"https:\/\/agora.xtec.cat\/iessantaeugenia\/wp-json\/wp\/v2\/media?parent=11622"}],"wp:term":[{"taxonomy":"category","embeddable":true,"href":"https:\/\/agora.xtec.cat\/iessantaeugenia\/wp-json\/wp\/v2\/categories?post=11622"},{"taxonomy":"post_tag","embeddable":true,"href":"https:\/\/agora.xtec.cat\/iessantaeugenia\/wp-json\/wp\/v2\/tags?post=11622"}],"curies":[{"name":"wp","href":"https:\/\/api.w.org\/{rel}","templated":true}]}}