{"id":11570,"date":"2024-10-03T13:18:40","date_gmt":"2024-10-03T11:18:40","guid":{"rendered":"https:\/\/agora.xtec.cat\/iessantaeugenia\/?p=11570"},"modified":"2024-10-03T22:42:12","modified_gmt":"2024-10-03T20:42:12","slug":"primer-premi-dinnovacio-pel-projecte-punt-final-a-la-pobresa-menstrual","status":"publish","type":"post","link":"https:\/\/agora.xtec.cat\/iessantaeugenia\/general\/primer-premi-dinnovacio-pel-projecte-punt-final-a-la-pobresa-menstrual\/","title":{"rendered":"Primer premi d\u2019innovaci\u00f3 pel projecte \u201cPunt final a la pobresa menstrual\u201d"},"content":{"rendered":"<p><span style=\"font-weight: 400;\">El passat dijous 26 de setembre va tenir lloc a l&#8217;Escola d&#8217;Hostaleria de Figueres l&#8217;entrega de premis impulsFP del curs 23-24 de la demarcaci\u00f3 de Girona.<\/span><\/p>\n<p><span style=\"font-weight: 400;\">Les exalumnes del cicle formatiu de M\u00e0rqueting i Publicitat Ainara Cabellos, Samira Chougrani i Duna Macias van guanyar el primer premi d&#8217;Innovaci\u00f3 de Girona dins la categoria de projectes de Grau Superior amb el treball &#8220;Punt final a la pobresa menstrual&#8221;.<\/span><\/p>\n<p><span style=\"font-weight: 400;\">El projecte consisteix a fer una exposici\u00f3 de cartells al Centre C\u00edvic de Santa Eug\u00e8nia &#8220;Can Ninetes&#8221;. L\u2019exposici\u00f3 consciencia sobre la pobresa menstrual que es pateix sobretot a Guinea Equatorial, territori on actua l&#8217;ONG Nou Sol, la qual va fer l&#8217;enc\u00e0rrec del material publipromocional a l&#8217;alumnat a inici de curs. Nou sol t\u00e9 un projecte per portar calces menstruals a aquest pa\u00eds i, a la llarga, aconseguir que la comunitat sigui capa\u00e7 de fabricar-se-les.<\/span><\/p>\n<p><span style=\"font-weight: 400;\">L&#8217;alumnat va utilitzar la intel\u00b7lig\u00e8ncia artificial per crear imatges i per obtenir ajuda en la generaci\u00f3 d&#8217;idees per les frases. Tamb\u00e9 van treballar la creativitat, la gr\u00e0fica publicit\u00e0ria, l\u2019edici\u00f3 d\u2019\u00e0udio i la difusi\u00f3 de l\u2019exposici\u00f3 als mitjans.\u00a0<\/span><\/p>\n<p><span style=\"font-weight: 400;\">La tem\u00e0tica i disseny de l&#8217;exposici\u00f3 va ser consensuada per tot l&#8217;alumnat del curs i es va presentar el 8M davant els usuaris del centre c\u00edvic.<\/span><\/p>\n<p><span style=\"font-weight: 400;\">Moltes felicitats per una feina tan ben feta!<\/span><\/p>\n<p><a href=\"https:\/\/agora.xtec.cat\/iessantaeugenia\/wp-content\/uploads\/usu1801\/2024\/10\/premi-innova-fp-santa-01.jpg\"><img loading=\"lazy\" decoding=\"async\" class=\"alignnone wp-image-11573\" src=\"https:\/\/agora.xtec.cat\/iessantaeugenia\/wp-content\/uploads\/usu1801\/2024\/10\/premi-innova-fp-santa-01-1024x1024.jpg\" alt=\"\" width=\"400\" height=\"400\" srcset=\"https:\/\/agora.xtec.cat\/iessantaeugenia\/wp-content\/uploads\/usu1801\/2024\/10\/premi-innova-fp-santa-01-1024x1024.jpg 1024w, https:\/\/agora.xtec.cat\/iessantaeugenia\/wp-content\/uploads\/usu1801\/2024\/10\/premi-innova-fp-santa-01-300x300.jpg 300w, https:\/\/agora.xtec.cat\/iessantaeugenia\/wp-content\/uploads\/usu1801\/2024\/10\/premi-innova-fp-santa-01-150x150.jpg 150w, https:\/\/agora.xtec.cat\/iessantaeugenia\/wp-content\/uploads\/usu1801\/2024\/10\/premi-innova-fp-santa-01-768x768.jpg 768w, https:\/\/agora.xtec.cat\/iessantaeugenia\/wp-content\/uploads\/usu1801\/2024\/10\/premi-innova-fp-santa-01.jpg 1080w\" sizes=\"auto, (max-width: 400px) 100vw, 400px\" \/> \u00a0<\/a><a href=\"https:\/\/agora.xtec.cat\/iessantaeugenia\/wp-content\/uploads\/usu1801\/2024\/10\/premi-innova-fp-santa-05.jpg\"><img loading=\"lazy\" decoding=\"async\" class=\"alignnone wp-image-11571\" src=\"https:\/\/agora.xtec.cat\/iessantaeugenia\/wp-content\/uploads\/usu1801\/2024\/10\/premi-innova-fp-santa-05-1024x1024.jpg\" alt=\"\" width=\"400\" height=\"400\" srcset=\"https:\/\/agora.xtec.cat\/iessantaeugenia\/wp-content\/uploads\/usu1801\/2024\/10\/premi-innova-fp-santa-05-1024x1024.jpg 1024w, https:\/\/agora.xtec.cat\/iessantaeugenia\/wp-content\/uploads\/usu1801\/2024\/10\/premi-innova-fp-santa-05-300x300.jpg 300w, https:\/\/agora.xtec.cat\/iessantaeugenia\/wp-content\/uploads\/usu1801\/2024\/10\/premi-innova-fp-santa-05-150x150.jpg 150w, https:\/\/agora.xtec.cat\/iessantaeugenia\/wp-content\/uploads\/usu1801\/2024\/10\/premi-innova-fp-santa-05-768x768.jpg 768w, https:\/\/agora.xtec.cat\/iessantaeugenia\/wp-content\/uploads\/usu1801\/2024\/10\/premi-innova-fp-santa-05.jpg 1080w\" sizes=\"auto, (max-width: 400px) 100vw, 400px\" \/><\/a><\/p>\n","protected":false},"excerpt":{"rendered":"<p>El passat dijous 26 de setembre va tenir lloc a l&#8217;Escola d&#8217;Hostaleria de Figueres l&#8217;entrega de premis impulsFP del curs 23-24 de la demarcaci\u00f3 de Girona.<br \/>\nLes exalumnes del cicle formatiu de M\u00e0rqueting i Publicitat Ainara Cabellos, Samira Chougrani i Duna Macias van guanyar el primer&hellip;  <a href=\"https:\/\/agora.xtec.cat\/iessantaeugenia\/general\/primer-premi-dinnovacio-pel-projecte-punt-final-a-la-pobresa-menstrual\/\" title=\"Read Primer premi d\u2019innovaci\u00f3 pel projecte \u201cPunt final a la pobresa menstrual\u201d\">Llegeix m\u00e9s\u00bb<\/a><\/p>\n","protected":false},"author":1,"featured_media":11572,"comment_status":"closed","ping_status":"closed","sticky":false,"template":"","format":"standard","meta":{"_bbp_topic_count":0,"_bbp_reply_count":0,"_bbp_total_topic_count":0,"_bbp_total_reply_count":0,"_bbp_voice_count":0,"_bbp_anonymous_reply_count":0,"_bbp_topic_count_hidden":0,"_bbp_reply_count_hidden":0,"_bbp_forum_subforum_count":0,"footnotes":""},"categories":[30,1,29],"tags":[],"class_list":["post-11570","post","type-post","status-publish","format-standard","has-post-thumbnail","hentry","category-cicles-formatius","category-general","category-portada"],"post_mailing_queue_ids":[],"_links":{"self":[{"href":"https:\/\/agora.xtec.cat\/iessantaeugenia\/wp-json\/wp\/v2\/posts\/11570","targetHints":{"allow":["GET"]}}],"collection":[{"href":"https:\/\/agora.xtec.cat\/iessantaeugenia\/wp-json\/wp\/v2\/posts"}],"about":[{"href":"https:\/\/agora.xtec.cat\/iessantaeugenia\/wp-json\/wp\/v2\/types\/post"}],"author":[{"embeddable":true,"href":"https:\/\/agora.xtec.cat\/iessantaeugenia\/wp-json\/wp\/v2\/users\/1"}],"replies":[{"embeddable":true,"href":"https:\/\/agora.xtec.cat\/iessantaeugenia\/wp-json\/wp\/v2\/comments?post=11570"}],"version-history":[{"count":4,"href":"https:\/\/agora.xtec.cat\/iessantaeugenia\/wp-json\/wp\/v2\/posts\/11570\/revisions"}],"predecessor-version":[{"id":11577,"href":"https:\/\/agora.xtec.cat\/iessantaeugenia\/wp-json\/wp\/v2\/posts\/11570\/revisions\/11577"}],"wp:featuredmedia":[{"embeddable":true,"href":"https:\/\/agora.xtec.cat\/iessantaeugenia\/wp-json\/wp\/v2\/media\/11572"}],"wp:attachment":[{"href":"https:\/\/agora.xtec.cat\/iessantaeugenia\/wp-json\/wp\/v2\/media?parent=11570"}],"wp:term":[{"taxonomy":"category","embeddable":true,"href":"https:\/\/agora.xtec.cat\/iessantaeugenia\/wp-json\/wp\/v2\/categories?post=11570"},{"taxonomy":"post_tag","embeddable":true,"href":"https:\/\/agora.xtec.cat\/iessantaeugenia\/wp-json\/wp\/v2\/tags?post=11570"}],"curies":[{"name":"wp","href":"https:\/\/api.w.org\/{rel}","templated":true}]}}