{"id":11563,"date":"2024-09-27T09:10:40","date_gmt":"2024-09-27T07:10:40","guid":{"rendered":"https:\/\/agora.xtec.cat\/iessantaeugenia\/?p=11563"},"modified":"2024-09-27T09:14:27","modified_gmt":"2024-09-27T07:14:27","slug":"primer-de-batxillerat-fa-el-cim","status":"publish","type":"post","link":"https:\/\/agora.xtec.cat\/iessantaeugenia\/general\/primer-de-batxillerat-fa-el-cim\/","title":{"rendered":"Primer de Batxillerat fa el cim"},"content":{"rendered":"<p><span style=\"font-weight: 400;\">El passat dimecres 25 de setembre l\u2019alumnat de primer de Batxillerat va gaudir d\u2019una sortida de cohesi\u00f3 tot caminant pel mass\u00eds de les Gavarres i fent cim al Castell de Sant Miquel.<\/span><\/p>\n<p><span style=\"font-weight: 400;\">Aprofitant l\u2019avinentesa i la transversalitat amb la mat\u00e8ria d\u2019Educaci\u00f3 F\u00edsica, l\u2019alumnat amb grups de tres va registrar la ruta amb l\u2019aplicaci\u00f3 Wikiloc, tot fixant-se en punts d\u2019inter\u00e8s, aspectes topon\u00edmics, geogr\u00e0fics, culturals, hist\u00f2rics, art\u00edstics, de fauna i de flora, desnivell, velocitat\u2026<\/span><\/p>\n<p><span style=\"font-weight: 400;\">Des de dalt el castell vam poder contemplar una espectacular vista panor\u00e0mica de Girona i de la plana empordanesa i despr\u00e9s vam compartir un bon esmorzar plegats.<\/span><\/p>\n<p><span style=\"font-weight: 400;\">BON CURS!<\/span><\/p>\n<p><a href=\"https:\/\/agora.xtec.cat\/iessantaeugenia\/wp-content\/uploads\/usu1801\/2024\/09\/sortida_escolar_santa_eugenia_01.jpg\"><img loading=\"lazy\" decoding=\"async\" class=\"alignnone wp-image-11564\" src=\"https:\/\/agora.xtec.cat\/iessantaeugenia\/wp-content\/uploads\/usu1801\/2024\/09\/sortida_escolar_santa_eugenia_01-1024x1024.jpg\" alt=\"\" width=\"400\" height=\"400\" srcset=\"https:\/\/agora.xtec.cat\/iessantaeugenia\/wp-content\/uploads\/usu1801\/2024\/09\/sortida_escolar_santa_eugenia_01-1024x1024.jpg 1024w, https:\/\/agora.xtec.cat\/iessantaeugenia\/wp-content\/uploads\/usu1801\/2024\/09\/sortida_escolar_santa_eugenia_01-300x300.jpg 300w, https:\/\/agora.xtec.cat\/iessantaeugenia\/wp-content\/uploads\/usu1801\/2024\/09\/sortida_escolar_santa_eugenia_01-150x150.jpg 150w, https:\/\/agora.xtec.cat\/iessantaeugenia\/wp-content\/uploads\/usu1801\/2024\/09\/sortida_escolar_santa_eugenia_01-768x768.jpg 768w, https:\/\/agora.xtec.cat\/iessantaeugenia\/wp-content\/uploads\/usu1801\/2024\/09\/sortida_escolar_santa_eugenia_01.jpg 1080w\" sizes=\"auto, (max-width: 400px) 100vw, 400px\" \/>\u00a0\u00a0<\/a> <a href=\"https:\/\/agora.xtec.cat\/iessantaeugenia\/wp-content\/uploads\/usu1801\/2024\/09\/sortida_escolar_santa_eugenia_04.jpg\"><img loading=\"lazy\" decoding=\"async\" class=\"alignnone wp-image-11565\" src=\"https:\/\/agora.xtec.cat\/iessantaeugenia\/wp-content\/uploads\/usu1801\/2024\/09\/sortida_escolar_santa_eugenia_04-1024x1024.jpg\" alt=\"\" width=\"400\" height=\"400\" srcset=\"https:\/\/agora.xtec.cat\/iessantaeugenia\/wp-content\/uploads\/usu1801\/2024\/09\/sortida_escolar_santa_eugenia_04-1024x1024.jpg 1024w, https:\/\/agora.xtec.cat\/iessantaeugenia\/wp-content\/uploads\/usu1801\/2024\/09\/sortida_escolar_santa_eugenia_04-300x300.jpg 300w, https:\/\/agora.xtec.cat\/iessantaeugenia\/wp-content\/uploads\/usu1801\/2024\/09\/sortida_escolar_santa_eugenia_04-150x150.jpg 150w, https:\/\/agora.xtec.cat\/iessantaeugenia\/wp-content\/uploads\/usu1801\/2024\/09\/sortida_escolar_santa_eugenia_04-768x768.jpg 768w, https:\/\/agora.xtec.cat\/iessantaeugenia\/wp-content\/uploads\/usu1801\/2024\/09\/sortida_escolar_santa_eugenia_04.jpg 1080w\" sizes=\"auto, (max-width: 400px) 100vw, 400px\" \/><\/a><\/p>\n","protected":false},"excerpt":{"rendered":"<p>El passat dimecres 25 de setembre l\u2019alumnat de primer de Batxillerat va gaudir d\u2019una sortida de cohesi\u00f3 tot caminant pel mass\u00eds de les Gavarres i fent cim al Castell de Sant Miquel.<br \/>\nAprofitant l\u2019avinentesa i la transversalitat amb la mat\u00e8ria d\u2019Educaci\u00f3 F\u00edsica, l\u2019alumnat amb grups de&hellip;  <a href=\"https:\/\/agora.xtec.cat\/iessantaeugenia\/general\/primer-de-batxillerat-fa-el-cim\/\" title=\"Read Primer de Batxillerat fa el cim\">Llegeix m\u00e9s\u00bb<\/a><\/p>\n","protected":false},"author":1,"featured_media":11564,"comment_status":"closed","ping_status":"closed","sticky":false,"template":"","format":"standard","meta":{"_bbp_topic_count":0,"_bbp_reply_count":0,"_bbp_total_topic_count":0,"_bbp_total_reply_count":0,"_bbp_voice_count":0,"_bbp_anonymous_reply_count":0,"_bbp_topic_count_hidden":0,"_bbp_reply_count_hidden":0,"_bbp_forum_subforum_count":0,"footnotes":""},"categories":[8,1,29],"tags":[],"class_list":["post-11563","post","type-post","status-publish","format-standard","has-post-thumbnail","hentry","category-batxillerat","category-general","category-portada"],"post_mailing_queue_ids":[],"_links":{"self":[{"href":"https:\/\/agora.xtec.cat\/iessantaeugenia\/wp-json\/wp\/v2\/posts\/11563","targetHints":{"allow":["GET"]}}],"collection":[{"href":"https:\/\/agora.xtec.cat\/iessantaeugenia\/wp-json\/wp\/v2\/posts"}],"about":[{"href":"https:\/\/agora.xtec.cat\/iessantaeugenia\/wp-json\/wp\/v2\/types\/post"}],"author":[{"embeddable":true,"href":"https:\/\/agora.xtec.cat\/iessantaeugenia\/wp-json\/wp\/v2\/users\/1"}],"replies":[{"embeddable":true,"href":"https:\/\/agora.xtec.cat\/iessantaeugenia\/wp-json\/wp\/v2\/comments?post=11563"}],"version-history":[{"count":1,"href":"https:\/\/agora.xtec.cat\/iessantaeugenia\/wp-json\/wp\/v2\/posts\/11563\/revisions"}],"predecessor-version":[{"id":11566,"href":"https:\/\/agora.xtec.cat\/iessantaeugenia\/wp-json\/wp\/v2\/posts\/11563\/revisions\/11566"}],"wp:featuredmedia":[{"embeddable":true,"href":"https:\/\/agora.xtec.cat\/iessantaeugenia\/wp-json\/wp\/v2\/media\/11564"}],"wp:attachment":[{"href":"https:\/\/agora.xtec.cat\/iessantaeugenia\/wp-json\/wp\/v2\/media?parent=11563"}],"wp:term":[{"taxonomy":"category","embeddable":true,"href":"https:\/\/agora.xtec.cat\/iessantaeugenia\/wp-json\/wp\/v2\/categories?post=11563"},{"taxonomy":"post_tag","embeddable":true,"href":"https:\/\/agora.xtec.cat\/iessantaeugenia\/wp-json\/wp\/v2\/tags?post=11563"}],"curies":[{"name":"wp","href":"https:\/\/api.w.org\/{rel}","templated":true}]}}