{"id":11501,"date":"2024-09-09T21:42:23","date_gmt":"2024-09-09T19:42:23","guid":{"rendered":"https:\/\/agora.xtec.cat\/iessantaeugenia\/?p=11501"},"modified":"2024-09-09T22:18:33","modified_gmt":"2024-09-09T20:18:33","slug":"mor-la-nostra-companya-montserrat-roca","status":"publish","type":"post","link":"https:\/\/agora.xtec.cat\/iessantaeugenia\/general\/mor-la-nostra-companya-montserrat-roca\/","title":{"rendered":"Mor la nostra companya Montserrat Roca"},"content":{"rendered":"<p><span style=\"font-weight: 400;\">Lamentablement, hem de comunicar el trasp\u00e0s de la nostra companya Montserrat Roca i Ca\u00f1ada, ahir diumenge 8 de setembre de 2024, despr\u00e9s d\u2019una llarga malaltia.\u00a0<\/span><\/p>\n<p><span style=\"font-weight: 400;\">La Montserrat va treballar molts anys al nostre institut, on va desenvolupar diferents c\u00e0rrecs com a cap de departament de Comer\u00e7 i M\u00e0rqueting, coordinadora de pr\u00e0ctiques dels Cicles Formatius i membre del Consell Escolar. El seu tarann\u00e0 tranquil i la seva bonhomia va ser sempre un tret distintiu dels qui hem tingut la sort de treballar amb ella.\u00a0<\/span><\/p>\n<p><span style=\"font-weight: 400;\">Des d\u2019aqu\u00ed volem acompanyar la fam\u00edlia i amics en aquests moments tan dolorosos. <\/span><span style=\"font-weight: 400;\">Tot l\u2019alumnat, professorat i el personal d&#8217;administraci\u00f3 i serveis del centre et trobar\u00e0 molt a faltar, Montse.<\/span><\/p>\n<p><span style=\"font-weight: 400;\">Has deixat un llegat inesborrable al Santa Eug\u00e8nia i a cada cam\u00ed de vida compartit. Discreci\u00f3 i perseveran\u00e7a s\u00f3n dues de les qualitats que et caracteritzaven. Sempre hem admirat la teva lluita, el teu coratge i et recordarem amb el somriure tendre, sense pena, tal com va escriure Miquel Mart\u00ed i Pol:<\/span><\/p>\n<p><em>Parlem de tu, per\u00f2 no pas amb pena.<\/em><br \/>\n<em>Senzillament parlem de tu, de com<\/em><br \/>\n<em>ens vas deixar, del sofriment lent\u00edssim<\/em><br \/>\n<em>que va anar marfonent-te, de les teves<\/em><br \/>\n<em>coses parlem i tamb\u00e9 dels teus gustos,<\/em><br \/>\n<em>del que estimaves i el que no estimaves,<\/em><br \/>\n<em>del que feies i deies i senties,<\/em><br \/>\n<em>de tu parlem, per\u00f2 no pas amb pena.<\/em><br \/>\n<em>I a poc a poc esdevindr\u00e0s tan nostra<\/em><br \/>\n<em>que no caldr\u00e0 ni que parlem de tu<\/em><br \/>\n<em>per recordar-te, a poc a poc ser\u00e0s<\/em><br \/>\n<em>un gest, un mot, un gust, una mirada<\/em><br \/>\n<em>que flueix sense dir-lo ni pensar-lo.<\/em><\/p>\n<p><a href=\"https:\/\/agora.xtec.cat\/iessantaeugenia\/wp-content\/uploads\/usu1801\/2024\/09\/imatge-mort-montse.jpg\"><img loading=\"lazy\" decoding=\"async\" class=\"alignnone wp-image-11503\" src=\"https:\/\/agora.xtec.cat\/iessantaeugenia\/wp-content\/uploads\/usu1801\/2024\/09\/imatge-mort-montse-1024x1024.jpg\" alt=\"\" width=\"400\" height=\"400\" srcset=\"https:\/\/agora.xtec.cat\/iessantaeugenia\/wp-content\/uploads\/usu1801\/2024\/09\/imatge-mort-montse-1024x1024.jpg 1024w, https:\/\/agora.xtec.cat\/iessantaeugenia\/wp-content\/uploads\/usu1801\/2024\/09\/imatge-mort-montse-300x300.jpg 300w, https:\/\/agora.xtec.cat\/iessantaeugenia\/wp-content\/uploads\/usu1801\/2024\/09\/imatge-mort-montse-150x150.jpg 150w, https:\/\/agora.xtec.cat\/iessantaeugenia\/wp-content\/uploads\/usu1801\/2024\/09\/imatge-mort-montse-768x767.jpg 768w, https:\/\/agora.xtec.cat\/iessantaeugenia\/wp-content\/uploads\/usu1801\/2024\/09\/imatge-mort-montse.jpg 1081w\" sizes=\"auto, (max-width: 400px) 100vw, 400px\" \/><\/a><\/p>\n","protected":false},"excerpt":{"rendered":"<p>Lamentablement, hem de comunicar el trasp\u00e0s de la nostra companya Montserrat Roca i Ca\u00f1ada, ahir diumenge 8 de setembre de 2024, despr\u00e9s d\u2019una llarga malaltia.\u00a0<br \/>\nLa Montserrat va treballar molts anys al nostre institut, on va desenvolupar diferents c\u00e0rrecs com a cap de departament de Comer\u00e7&hellip;  <a href=\"https:\/\/agora.xtec.cat\/iessantaeugenia\/general\/mor-la-nostra-companya-montserrat-roca\/\" title=\"Read Mor la nostra companya Montserrat Roca\">Llegeix m\u00e9s\u00bb<\/a><\/p>\n","protected":false},"author":1,"featured_media":11502,"comment_status":"closed","ping_status":"closed","sticky":false,"template":"","format":"standard","meta":{"_bbp_topic_count":0,"_bbp_reply_count":0,"_bbp_total_topic_count":0,"_bbp_total_reply_count":0,"_bbp_voice_count":0,"_bbp_anonymous_reply_count":0,"_bbp_topic_count_hidden":0,"_bbp_reply_count_hidden":0,"_bbp_forum_subforum_count":0,"footnotes":""},"categories":[30,1,29],"tags":[],"class_list":["post-11501","post","type-post","status-publish","format-standard","has-post-thumbnail","hentry","category-cicles-formatius","category-general","category-portada"],"post_mailing_queue_ids":[],"_links":{"self":[{"href":"https:\/\/agora.xtec.cat\/iessantaeugenia\/wp-json\/wp\/v2\/posts\/11501","targetHints":{"allow":["GET"]}}],"collection":[{"href":"https:\/\/agora.xtec.cat\/iessantaeugenia\/wp-json\/wp\/v2\/posts"}],"about":[{"href":"https:\/\/agora.xtec.cat\/iessantaeugenia\/wp-json\/wp\/v2\/types\/post"}],"author":[{"embeddable":true,"href":"https:\/\/agora.xtec.cat\/iessantaeugenia\/wp-json\/wp\/v2\/users\/1"}],"replies":[{"embeddable":true,"href":"https:\/\/agora.xtec.cat\/iessantaeugenia\/wp-json\/wp\/v2\/comments?post=11501"}],"version-history":[{"count":5,"href":"https:\/\/agora.xtec.cat\/iessantaeugenia\/wp-json\/wp\/v2\/posts\/11501\/revisions"}],"predecessor-version":[{"id":11508,"href":"https:\/\/agora.xtec.cat\/iessantaeugenia\/wp-json\/wp\/v2\/posts\/11501\/revisions\/11508"}],"wp:featuredmedia":[{"embeddable":true,"href":"https:\/\/agora.xtec.cat\/iessantaeugenia\/wp-json\/wp\/v2\/media\/11502"}],"wp:attachment":[{"href":"https:\/\/agora.xtec.cat\/iessantaeugenia\/wp-json\/wp\/v2\/media?parent=11501"}],"wp:term":[{"taxonomy":"category","embeddable":true,"href":"https:\/\/agora.xtec.cat\/iessantaeugenia\/wp-json\/wp\/v2\/categories?post=11501"},{"taxonomy":"post_tag","embeddable":true,"href":"https:\/\/agora.xtec.cat\/iessantaeugenia\/wp-json\/wp\/v2\/tags?post=11501"}],"curies":[{"name":"wp","href":"https:\/\/api.w.org\/{rel}","templated":true}]}}