{"id":11315,"date":"2024-07-05T09:30:10","date_gmt":"2024-07-05T07:30:10","guid":{"rendered":"https:\/\/agora.xtec.cat\/iessantaeugenia\/?p=11315"},"modified":"2024-07-05T20:56:40","modified_gmt":"2024-07-05T18:56:40","slug":"jornada-de-cloenda-de-xarxes","status":"publish","type":"post","link":"https:\/\/agora.xtec.cat\/iessantaeugenia\/general\/jornada-de-cloenda-de-xarxes\/","title":{"rendered":"Jornada de cloenda de xarxes"},"content":{"rendered":"<p><span style=\"font-weight: 400;\">El passat 27 de juny va tenir lloc a l&#8217;Auditori de Girona la Jornada de Cloenda de totes les xarxes de centres que participen en programes i projectes de la Direcci\u00f3 General de Formaci\u00f3 Professional del Departament d&#8217;Educaci\u00f3.\u00a0<\/span><\/p>\n<p><span style=\"font-weight: 400;\">Del nostre institut hi van assistir la Fina Malves\u00ed i la Laura Camps d&#8217;Orienta FP, en Salvador Ram\u00edrez i la Marta Valero d&#8217;Activa FP, la Irene Freixas i l&#8217;Andreu Miguel d&#8217;Innova FP i la Laura Mancebo de Qualitat.<\/span><\/p>\n<p><span style=\"font-weight: 400;\">Durant l&#8217;esdeveniment es va fer un balan\u00e7 del treball del curs, es va valorar l&#8217;assoliment dels objectius i se&#8217;n van plantejar de nous pel nou curs i es van compartir bones pr\u00e0ctiques i projectes entre coordinadors. En concret, del nostre centre es van presentar dos projectes d&#8217;innovaci\u00f3: un pla de m\u00e0rqueting del c\u00e0mping de la Ballena Alegre el qual es va vincular al Pla Impuls de lleng\u00fces estrangeres i un projecte intercentres amb l&#8217;Escola d&#8217;Hostaleria i Turisme de Girona encarregat pel gremi de pastissers en el qual es va idear i prototipar un producte de pastisseria souvenir de la ciutat de Girona.<\/span><\/p>\n<p><a href=\"https:\/\/agora.xtec.cat\/iessantaeugenia\/wp-content\/uploads\/usu1801\/2024\/07\/cloenda-xarxes-01.jpg\"><img loading=\"lazy\" decoding=\"async\" class=\"alignnone wp-image-11316\" src=\"https:\/\/agora.xtec.cat\/iessantaeugenia\/wp-content\/uploads\/usu1801\/2024\/07\/cloenda-xarxes-01-1024x1024.jpg\" alt=\"\" width=\"400\" height=\"400\" srcset=\"https:\/\/agora.xtec.cat\/iessantaeugenia\/wp-content\/uploads\/usu1801\/2024\/07\/cloenda-xarxes-01-1024x1024.jpg 1024w, https:\/\/agora.xtec.cat\/iessantaeugenia\/wp-content\/uploads\/usu1801\/2024\/07\/cloenda-xarxes-01-300x300.jpg 300w, https:\/\/agora.xtec.cat\/iessantaeugenia\/wp-content\/uploads\/usu1801\/2024\/07\/cloenda-xarxes-01-150x150.jpg 150w, https:\/\/agora.xtec.cat\/iessantaeugenia\/wp-content\/uploads\/usu1801\/2024\/07\/cloenda-xarxes-01-768x768.jpg 768w, https:\/\/agora.xtec.cat\/iessantaeugenia\/wp-content\/uploads\/usu1801\/2024\/07\/cloenda-xarxes-01.jpg 1080w\" sizes=\"auto, (max-width: 400px) 100vw, 400px\" \/>\u00a0\u00a0<\/a> <a href=\"https:\/\/agora.xtec.cat\/iessantaeugenia\/wp-content\/uploads\/usu1801\/2024\/07\/cloenda-xarxes-04.jpg\"><img loading=\"lazy\" decoding=\"async\" class=\"alignnone wp-image-11317\" src=\"https:\/\/agora.xtec.cat\/iessantaeugenia\/wp-content\/uploads\/usu1801\/2024\/07\/cloenda-xarxes-04-1024x1024.jpg\" alt=\"\" width=\"400\" height=\"400\" srcset=\"https:\/\/agora.xtec.cat\/iessantaeugenia\/wp-content\/uploads\/usu1801\/2024\/07\/cloenda-xarxes-04-1024x1024.jpg 1024w, https:\/\/agora.xtec.cat\/iessantaeugenia\/wp-content\/uploads\/usu1801\/2024\/07\/cloenda-xarxes-04-300x300.jpg 300w, https:\/\/agora.xtec.cat\/iessantaeugenia\/wp-content\/uploads\/usu1801\/2024\/07\/cloenda-xarxes-04-150x150.jpg 150w, https:\/\/agora.xtec.cat\/iessantaeugenia\/wp-content\/uploads\/usu1801\/2024\/07\/cloenda-xarxes-04-768x768.jpg 768w, https:\/\/agora.xtec.cat\/iessantaeugenia\/wp-content\/uploads\/usu1801\/2024\/07\/cloenda-xarxes-04.jpg 1080w\" sizes=\"auto, (max-width: 400px) 100vw, 400px\" \/><\/a><\/p>\n","protected":false},"excerpt":{"rendered":"<p>El passat 27 de juny va tenir lloc a l&#8217;Auditori de Girona la Jornada de Cloenda de totes les xarxes de centres que participen en programes i projectes de la Direcci\u00f3 General de Formaci\u00f3 Professional del Departament d&#8217;Educaci\u00f3.\u00a0<br \/>\nDel nostre institut hi van assistir la Fina&hellip;  <a href=\"https:\/\/agora.xtec.cat\/iessantaeugenia\/general\/jornada-de-cloenda-de-xarxes\/\" title=\"Read Jornada de cloenda de xarxes\">Llegeix m\u00e9s\u00bb<\/a><\/p>\n","protected":false},"author":1,"featured_media":11317,"comment_status":"closed","ping_status":"closed","sticky":false,"template":"","format":"standard","meta":{"_bbp_topic_count":0,"_bbp_reply_count":0,"_bbp_total_topic_count":0,"_bbp_total_reply_count":0,"_bbp_voice_count":0,"_bbp_anonymous_reply_count":0,"_bbp_topic_count_hidden":0,"_bbp_reply_count_hidden":0,"_bbp_forum_subforum_count":0,"footnotes":""},"categories":[30,1,29],"tags":[],"class_list":["post-11315","post","type-post","status-publish","format-standard","has-post-thumbnail","hentry","category-cicles-formatius","category-general","category-portada"],"post_mailing_queue_ids":[],"_links":{"self":[{"href":"https:\/\/agora.xtec.cat\/iessantaeugenia\/wp-json\/wp\/v2\/posts\/11315","targetHints":{"allow":["GET"]}}],"collection":[{"href":"https:\/\/agora.xtec.cat\/iessantaeugenia\/wp-json\/wp\/v2\/posts"}],"about":[{"href":"https:\/\/agora.xtec.cat\/iessantaeugenia\/wp-json\/wp\/v2\/types\/post"}],"author":[{"embeddable":true,"href":"https:\/\/agora.xtec.cat\/iessantaeugenia\/wp-json\/wp\/v2\/users\/1"}],"replies":[{"embeddable":true,"href":"https:\/\/agora.xtec.cat\/iessantaeugenia\/wp-json\/wp\/v2\/comments?post=11315"}],"version-history":[{"count":1,"href":"https:\/\/agora.xtec.cat\/iessantaeugenia\/wp-json\/wp\/v2\/posts\/11315\/revisions"}],"predecessor-version":[{"id":11318,"href":"https:\/\/agora.xtec.cat\/iessantaeugenia\/wp-json\/wp\/v2\/posts\/11315\/revisions\/11318"}],"wp:featuredmedia":[{"embeddable":true,"href":"https:\/\/agora.xtec.cat\/iessantaeugenia\/wp-json\/wp\/v2\/media\/11317"}],"wp:attachment":[{"href":"https:\/\/agora.xtec.cat\/iessantaeugenia\/wp-json\/wp\/v2\/media?parent=11315"}],"wp:term":[{"taxonomy":"category","embeddable":true,"href":"https:\/\/agora.xtec.cat\/iessantaeugenia\/wp-json\/wp\/v2\/categories?post=11315"},{"taxonomy":"post_tag","embeddable":true,"href":"https:\/\/agora.xtec.cat\/iessantaeugenia\/wp-json\/wp\/v2\/tags?post=11315"}],"curies":[{"name":"wp","href":"https:\/\/api.w.org\/{rel}","templated":true}]}}