{"id":11169,"date":"2024-06-13T22:09:13","date_gmt":"2024-06-13T20:09:13","guid":{"rendered":"https:\/\/agora.xtec.cat\/iessantaeugenia\/?p=11169"},"modified":"2024-06-13T22:10:31","modified_gmt":"2024-06-13T20:10:31","slug":"el-cicle-de-sistemes-electrotecnics-i-automatitzats-visita-comsa","status":"publish","type":"post","link":"https:\/\/agora.xtec.cat\/iessantaeugenia\/general\/el-cicle-de-sistemes-electrotecnics-i-automatitzats-visita-comsa\/","title":{"rendered":"El cicle de Sistemes Electrot\u00e8cnics i Automatitzats visita l&#8217;empresa Comsa"},"content":{"rendered":"<p><span style=\"font-weight: 400;\">L\u2019alumnat de primer curs del cicle formatiu de grau superior de <\/span><b>Sistemes Electrot\u00e8cnics i Automatitzats<\/b><span style=\"font-weight: 400;\"> ha visitat la seu central de <\/span><a href=\"https:\/\/www.comsa.com\/\"><span style=\"font-weight: 400;\">Comsa<\/span><\/a><span style=\"font-weight: 400;\">, a Fornells de la Selva.<\/span><\/p>\n<p><span style=\"font-weight: 400;\">\u00c9s una empresa dedicada principalment a la instal\u00b7laci\u00f3 i manteniment de les <\/span><b>xarxes el\u00e8ctriques d\u2019Endesa<\/b><span style=\"font-weight: 400;\">, que acull alumnes en la seva estada <\/span><b>Dual de formaci\u00f3 en alternan\u00e7a.<\/b><\/p>\n<p><span style=\"font-weight: 400;\">Durant la visita s&#8217;han explicat els <\/span><b>riscos el\u00e8ctrics i les pautes de treball<\/b><span style=\"font-weight: 400;\"> que segueixen a l\u2019hora de fer les tasques sobre les instal\u00b7lacions el\u00e8ctriques d\u2019alta i baixa tensi\u00f3.<\/span><\/p>\n<p><span style=\"font-weight: 400;\">Posteriorment, han divulgat les maniobres per <\/span><b>connectar i desconnectar<\/b><span style=\"font-weight: 400;\"> les cel\u00b7les d\u2019un<\/span><b> centre de transformaci\u00f3<\/b><span style=\"font-weight: 400;\">, i per substituir els fusibles de protecci\u00f3 del transformador.<\/span><\/p>\n<p><span style=\"font-weight: 400;\">A m\u00e9s a m\u00e9s, els alumnes assistents han dut a terme aquestes<\/span><b> maniobres equipats amb els equips de protecci\u00f3 individual <\/b><span style=\"font-weight: 400;\">sobre diversos tipus de cel\u00b7les, accedint d\u2019aquesta manera a poder fer uns<\/span><b> treballs pr\u00e0ctic<\/b><span style=\"font-weight: 400;\">s que estan fora del nostre abast a l\u2019Institut.<\/span><\/p>\n<p><span style=\"font-weight: 400;\">La jornada ha estat<\/span><b> molt profitosa<\/b><span style=\"font-weight: 400;\"> tant per als alumnes com pels professors.<\/span><\/p>\n<p><span style=\"font-weight: 400;\">El departament d\u2019Electricitat i Electr\u00f2nica<\/span><b> d\u00f3na les gr\u00e0cies<\/b><span style=\"font-weight: 400;\"> a la ger\u00e8ncia de Comsa a Girona, aix\u00ed com els responsables i t\u00e8cnics d\u2019Obres per dedicar el seu temps i compartir la seva experi\u00e8ncia.<\/span><\/p>\n<p><a href=\"https:\/\/agora.xtec.cat\/iessantaeugenia\/wp-content\/uploads\/usu1801\/2024\/06\/institut-comsa-03.jpg\">\u00a0<\/a><a href=\"https:\/\/agora.xtec.cat\/iessantaeugenia\/wp-content\/uploads\/usu1801\/2024\/06\/institut-comsa-03.jpg\"><img loading=\"lazy\" decoding=\"async\" class=\"alignnone wp-image-11170\" src=\"https:\/\/agora.xtec.cat\/iessantaeugenia\/wp-content\/uploads\/usu1801\/2024\/06\/institut-comsa-03-1024x1024.jpg\" alt=\"\" width=\"400\" height=\"400\" srcset=\"https:\/\/agora.xtec.cat\/iessantaeugenia\/wp-content\/uploads\/usu1801\/2024\/06\/institut-comsa-03-1024x1024.jpg 1024w, https:\/\/agora.xtec.cat\/iessantaeugenia\/wp-content\/uploads\/usu1801\/2024\/06\/institut-comsa-03-300x300.jpg 300w, https:\/\/agora.xtec.cat\/iessantaeugenia\/wp-content\/uploads\/usu1801\/2024\/06\/institut-comsa-03-150x150.jpg 150w, https:\/\/agora.xtec.cat\/iessantaeugenia\/wp-content\/uploads\/usu1801\/2024\/06\/institut-comsa-03-768x768.jpg 768w, https:\/\/agora.xtec.cat\/iessantaeugenia\/wp-content\/uploads\/usu1801\/2024\/06\/institut-comsa-03.jpg 1080w\" sizes=\"auto, (max-width: 400px) 100vw, 400px\" \/>\u00a0 <\/a><a href=\"https:\/\/agora.xtec.cat\/iessantaeugenia\/wp-content\/uploads\/usu1801\/2024\/06\/institut-comsa-02.jpg\"><img loading=\"lazy\" decoding=\"async\" class=\"alignnone wp-image-11171\" src=\"https:\/\/agora.xtec.cat\/iessantaeugenia\/wp-content\/uploads\/usu1801\/2024\/06\/institut-comsa-02-1024x1024.jpg\" alt=\"\" width=\"400\" height=\"400\" srcset=\"https:\/\/agora.xtec.cat\/iessantaeugenia\/wp-content\/uploads\/usu1801\/2024\/06\/institut-comsa-02-1024x1024.jpg 1024w, https:\/\/agora.xtec.cat\/iessantaeugenia\/wp-content\/uploads\/usu1801\/2024\/06\/institut-comsa-02-300x300.jpg 300w, https:\/\/agora.xtec.cat\/iessantaeugenia\/wp-content\/uploads\/usu1801\/2024\/06\/institut-comsa-02-150x150.jpg 150w, https:\/\/agora.xtec.cat\/iessantaeugenia\/wp-content\/uploads\/usu1801\/2024\/06\/institut-comsa-02-768x768.jpg 768w, https:\/\/agora.xtec.cat\/iessantaeugenia\/wp-content\/uploads\/usu1801\/2024\/06\/institut-comsa-02.jpg 1080w\" sizes=\"auto, (max-width: 400px) 100vw, 400px\" \/><\/a><\/p>\n","protected":false},"excerpt":{"rendered":"<p>L\u2019alumnat de primer curs del cicle formatiu de grau superior de Sistemes Electrot\u00e8cnics i Automatitzats ha visitat la seu central de <a href=\"https:\/\/www.comsa.com\/\">Comsa<\/a>, a Fornells de la Selva.<br \/>\n\u00c9s una empresa dedicada principalment a la instal\u00b7laci\u00f3 i manteniment de les xarxes el\u00e8ctriques d\u2019Endesa, que acull alumnes&hellip;  <a href=\"https:\/\/agora.xtec.cat\/iessantaeugenia\/general\/el-cicle-de-sistemes-electrotecnics-i-automatitzats-visita-comsa\/\" title=\"Read El cicle de Sistemes Electrot\u00e8cnics i Automatitzats visita l&#8217;empresa Comsa\">Llegeix m\u00e9s\u00bb<\/a><\/p>\n","protected":false},"author":1,"featured_media":11170,"comment_status":"closed","ping_status":"closed","sticky":false,"template":"","format":"standard","meta":{"_bbp_topic_count":0,"_bbp_reply_count":0,"_bbp_total_topic_count":0,"_bbp_total_reply_count":0,"_bbp_voice_count":0,"_bbp_anonymous_reply_count":0,"_bbp_topic_count_hidden":0,"_bbp_reply_count_hidden":0,"_bbp_forum_subforum_count":0,"footnotes":""},"categories":[30,1,29],"tags":[],"class_list":["post-11169","post","type-post","status-publish","format-standard","has-post-thumbnail","hentry","category-cicles-formatius","category-general","category-portada"],"post_mailing_queue_ids":[],"_links":{"self":[{"href":"https:\/\/agora.xtec.cat\/iessantaeugenia\/wp-json\/wp\/v2\/posts\/11169","targetHints":{"allow":["GET"]}}],"collection":[{"href":"https:\/\/agora.xtec.cat\/iessantaeugenia\/wp-json\/wp\/v2\/posts"}],"about":[{"href":"https:\/\/agora.xtec.cat\/iessantaeugenia\/wp-json\/wp\/v2\/types\/post"}],"author":[{"embeddable":true,"href":"https:\/\/agora.xtec.cat\/iessantaeugenia\/wp-json\/wp\/v2\/users\/1"}],"replies":[{"embeddable":true,"href":"https:\/\/agora.xtec.cat\/iessantaeugenia\/wp-json\/wp\/v2\/comments?post=11169"}],"version-history":[{"count":2,"href":"https:\/\/agora.xtec.cat\/iessantaeugenia\/wp-json\/wp\/v2\/posts\/11169\/revisions"}],"predecessor-version":[{"id":11173,"href":"https:\/\/agora.xtec.cat\/iessantaeugenia\/wp-json\/wp\/v2\/posts\/11169\/revisions\/11173"}],"wp:featuredmedia":[{"embeddable":true,"href":"https:\/\/agora.xtec.cat\/iessantaeugenia\/wp-json\/wp\/v2\/media\/11170"}],"wp:attachment":[{"href":"https:\/\/agora.xtec.cat\/iessantaeugenia\/wp-json\/wp\/v2\/media?parent=11169"}],"wp:term":[{"taxonomy":"category","embeddable":true,"href":"https:\/\/agora.xtec.cat\/iessantaeugenia\/wp-json\/wp\/v2\/categories?post=11169"},{"taxonomy":"post_tag","embeddable":true,"href":"https:\/\/agora.xtec.cat\/iessantaeugenia\/wp-json\/wp\/v2\/tags?post=11169"}],"curies":[{"name":"wp","href":"https:\/\/api.w.org\/{rel}","templated":true}]}}