{"id":10974,"date":"2024-05-25T22:51:25","date_gmt":"2024-05-25T20:51:25","guid":{"rendered":"https:\/\/agora.xtec.cat\/iessantaeugenia\/?p=10974"},"modified":"2024-05-25T23:13:25","modified_gmt":"2024-05-25T21:13:25","slug":"activitats-de-primer-de-batxillerat","status":"publish","type":"post","link":"https:\/\/agora.xtec.cat\/iessantaeugenia\/general\/activitats-de-primer-de-batxillerat\/","title":{"rendered":"Activitats de primer de batxillerat"},"content":{"rendered":"<p><span style=\"font-weight: 400;\">Darrerament, l\u2019alumnat de 1r de batxillerat ha fet diverses activitats curriculars dins i fora de les instal\u00b7lacions del nostre centre. S\u00f3n les seg\u00fcents:<\/span><\/p>\n<p><strong>Sortida als jutjats de Girona &#8211; Audi\u00e8ncia provincial<\/strong><\/p>\n<p><span style=\"font-weight: 400;\">L&#8217;alumnat de l&#8217;assignatura de Ciutadania, pol\u00edtica i dret de 1r de batxillerat ha visitat les depend\u00e8ncies, el dijous 9 de maig, i ha pogut assistir a un judici amb jurat popular.\u00a0<\/span><\/p>\n<p><span style=\"font-weight: 400;\">La visita ha estat molt interessant. Ens han explicat la varietat de tasques que es necessiten dins un jutjat i el protocol i les responsabilitats de cadasc\u00fa: magistrats, fiscals, mossos d&#8217;esquadra, seguretat, administratius, arxivers&#8230; Tots ells han compartit de manera generosa les seves experi\u00e8ncies amb nosaltres i els hi estem molt agra\u00efts.<\/span><\/p>\n<p><a href=\"https:\/\/agora.xtec.cat\/iessantaeugenia\/wp-content\/uploads\/usu1801\/2024\/05\/x-activitats-batxillerat-02.jpg\"><img loading=\"lazy\" decoding=\"async\" class=\"alignnone wp-image-10977\" src=\"https:\/\/agora.xtec.cat\/iessantaeugenia\/wp-content\/uploads\/usu1801\/2024\/05\/x-activitats-batxillerat-02-1024x576.jpg\" alt=\"\" width=\"711\" height=\"400\" srcset=\"https:\/\/agora.xtec.cat\/iessantaeugenia\/wp-content\/uploads\/usu1801\/2024\/05\/x-activitats-batxillerat-02-1024x576.jpg 1024w, https:\/\/agora.xtec.cat\/iessantaeugenia\/wp-content\/uploads\/usu1801\/2024\/05\/x-activitats-batxillerat-02-300x169.jpg 300w, https:\/\/agora.xtec.cat\/iessantaeugenia\/wp-content\/uploads\/usu1801\/2024\/05\/x-activitats-batxillerat-02-768x432.jpg 768w, https:\/\/agora.xtec.cat\/iessantaeugenia\/wp-content\/uploads\/usu1801\/2024\/05\/x-activitats-batxillerat-02-1536x864.jpg 1536w, https:\/\/agora.xtec.cat\/iessantaeugenia\/wp-content\/uploads\/usu1801\/2024\/05\/x-activitats-batxillerat-02.jpg 1600w\" sizes=\"auto, (max-width: 711px) 100vw, 711px\" \/><\/a><\/p>\n<p><strong>Taller de fotoperiodisme &#8211; activitat <em>Nadie es ilegal<\/em><\/strong><\/p>\n<p><span style=\"font-weight: 400;\">El 16 de maig, la mat\u00e8ria de problem\u00e0tiques socials i tamb\u00e9 la mat\u00e8ria de Ciutadania, pol\u00edtica i dret de 1r de batxillerat han realitzat una xerrada amb la Mireia Comas, una fotoperiodista que ens ha aproximat a una realitat molt propera per\u00f2 que a vegades sembla llunyana: la de les persones sense papers. Tamb\u00e9 ens han visitat i ens han explicat les seves viv\u00e8ncies, de manera molt generosa, dos nois que han viscut en aquesta situaci\u00f3.\u00a0<\/span><\/p>\n<p><span style=\"font-weight: 400;\">Els hi estem molt agra\u00efts per compartir i reflexionar conjuntament. Ens han ajudat a ser conscients d&#8217;una realitat molt dura i ens han fet prendre consci\u00e8ncia que \u00e9s necessari que hi hagi mitjans i mesures de suport per a millorar les seves vides.<\/span><\/p>\n<p><a href=\"https:\/\/agora.xtec.cat\/iessantaeugenia\/wp-content\/uploads\/usu1801\/2024\/05\/x-activitats-batxillerat-01.jpg\"><img loading=\"lazy\" decoding=\"async\" class=\"alignnone wp-image-10978\" src=\"https:\/\/agora.xtec.cat\/iessantaeugenia\/wp-content\/uploads\/usu1801\/2024\/05\/x-activitats-batxillerat-01-1024x576.jpg\" alt=\"\" width=\"711\" height=\"400\" srcset=\"https:\/\/agora.xtec.cat\/iessantaeugenia\/wp-content\/uploads\/usu1801\/2024\/05\/x-activitats-batxillerat-01-1024x576.jpg 1024w, https:\/\/agora.xtec.cat\/iessantaeugenia\/wp-content\/uploads\/usu1801\/2024\/05\/x-activitats-batxillerat-01-300x169.jpg 300w, https:\/\/agora.xtec.cat\/iessantaeugenia\/wp-content\/uploads\/usu1801\/2024\/05\/x-activitats-batxillerat-01-768x432.jpg 768w, https:\/\/agora.xtec.cat\/iessantaeugenia\/wp-content\/uploads\/usu1801\/2024\/05\/x-activitats-batxillerat-01-1536x864.jpg 1536w, https:\/\/agora.xtec.cat\/iessantaeugenia\/wp-content\/uploads\/usu1801\/2024\/05\/x-activitats-batxillerat-01.jpg 1600w\" sizes=\"auto, (max-width: 711px) 100vw, 711px\" \/><\/a><\/p>\n","protected":false},"excerpt":{"rendered":"<p>Darrerament, l\u2019alumnat de 1r de batxillerat ha fet diverses activitats curriculars dins i fora de les instal\u00b7lacions del nostre centre. S\u00f3n les seg\u00fcents:<br \/>\nSortida als jutjats de Girona &#8211; Audi\u00e8ncia provincial<br \/>\nL&#8217;alumnat de l&#8217;assignatura de Ciutadania, pol\u00edtica i dret de 1r de batxillerat ha visitat les depend\u00e8ncies,&hellip;  <a href=\"https:\/\/agora.xtec.cat\/iessantaeugenia\/general\/activitats-de-primer-de-batxillerat\/\" title=\"Read Activitats de primer de batxillerat\">Llegeix m\u00e9s\u00bb<\/a><\/p>\n","protected":false},"author":1,"featured_media":10977,"comment_status":"closed","ping_status":"closed","sticky":false,"template":"","format":"standard","meta":{"_bbp_topic_count":0,"_bbp_reply_count":0,"_bbp_total_topic_count":0,"_bbp_total_reply_count":0,"_bbp_voice_count":0,"_bbp_anonymous_reply_count":0,"_bbp_topic_count_hidden":0,"_bbp_reply_count_hidden":0,"_bbp_forum_subforum_count":0,"footnotes":""},"categories":[8,1,29],"tags":[],"class_list":["post-10974","post","type-post","status-publish","format-standard","has-post-thumbnail","hentry","category-batxillerat","category-general","category-portada"],"post_mailing_queue_ids":[],"_links":{"self":[{"href":"https:\/\/agora.xtec.cat\/iessantaeugenia\/wp-json\/wp\/v2\/posts\/10974","targetHints":{"allow":["GET"]}}],"collection":[{"href":"https:\/\/agora.xtec.cat\/iessantaeugenia\/wp-json\/wp\/v2\/posts"}],"about":[{"href":"https:\/\/agora.xtec.cat\/iessantaeugenia\/wp-json\/wp\/v2\/types\/post"}],"author":[{"embeddable":true,"href":"https:\/\/agora.xtec.cat\/iessantaeugenia\/wp-json\/wp\/v2\/users\/1"}],"replies":[{"embeddable":true,"href":"https:\/\/agora.xtec.cat\/iessantaeugenia\/wp-json\/wp\/v2\/comments?post=10974"}],"version-history":[{"count":5,"href":"https:\/\/agora.xtec.cat\/iessantaeugenia\/wp-json\/wp\/v2\/posts\/10974\/revisions"}],"predecessor-version":[{"id":10981,"href":"https:\/\/agora.xtec.cat\/iessantaeugenia\/wp-json\/wp\/v2\/posts\/10974\/revisions\/10981"}],"wp:featuredmedia":[{"embeddable":true,"href":"https:\/\/agora.xtec.cat\/iessantaeugenia\/wp-json\/wp\/v2\/media\/10977"}],"wp:attachment":[{"href":"https:\/\/agora.xtec.cat\/iessantaeugenia\/wp-json\/wp\/v2\/media?parent=10974"}],"wp:term":[{"taxonomy":"category","embeddable":true,"href":"https:\/\/agora.xtec.cat\/iessantaeugenia\/wp-json\/wp\/v2\/categories?post=10974"},{"taxonomy":"post_tag","embeddable":true,"href":"https:\/\/agora.xtec.cat\/iessantaeugenia\/wp-json\/wp\/v2\/tags?post=10974"}],"curies":[{"name":"wp","href":"https:\/\/api.w.org\/{rel}","templated":true}]}}