{"id":10953,"date":"2024-05-22T16:51:54","date_gmt":"2024-05-22T14:51:54","guid":{"rendered":"https:\/\/agora.xtec.cat\/iessantaeugenia\/?p=10953"},"modified":"2024-05-22T16:51:54","modified_gmt":"2024-05-22T14:51:54","slug":"taller-sobre-equitat-menstrual","status":"publish","type":"post","link":"https:\/\/agora.xtec.cat\/iessantaeugenia\/portada\/taller-sobre-equitat-menstrual\/","title":{"rendered":"Taller sobre equitat menstrual"},"content":{"rendered":"<p>El passat dijous dia 16 de maig els alumnes de 3r d\u2019ESO van assistir a una xerrada sobre la menstruaci\u00f3, xerrada inclosa en el Pla d\u2019Equitat Menstrual del Departament de Salut.<br \/>\nEl taller es fonamenta en:<\/p>\n<p>\uf0b7 Els drets humans de les dones i les persones que menstruen, a fi de garantir l\u2019equitat menstrual, l\u2019accessibilitat i la salut, per a totes les dones i persones que menstruen.<\/p>\n<p>\uf0b7 Educaci\u00f3 menstrual per aconseguir un canvi de comportament i actitud en la percepci\u00f3 social de la menstruaci\u00f3 de tota la societat.<\/p>\n<p>\uf0b7 Comprom\u00eds amb el medi ambient i la sostenibilitat, que suposa promoure l\u2019\u00fas de productes reutilitzables i segurs.<\/p>\n<p>Meritxell Cortals, infermera del programa Salut i escola d\u2019ABS i infermera de refer\u00e8ncia del nostre institut, va explicar als alumnes el cicle menstrual de les dones i els canvis hormonals de la pubertat. Aquesta xerrada va servir per trencar mites sobre la menstruaci\u00f3 i per informar i conscienciar als alumnes sobre la necessitat d\u2019utilitzar productes reutilitzables i menys contaminants com ara la copa menstrual, les calces menstruals o les compreses de tela.<br \/>\nL\u2019activitat es va iniciar amb la visualitzaci\u00f3 d\u2019unes fotos; els alumnes havien de dir si era un producte menstrual o no. Seguidament, els van ensenyar diferents productes femenins reutilitzables , sobre els quals havien de dir els avantatges o inconvenients que tenen. Despr\u00e9s ens van passar diferents productes menstruals perqu\u00e8 veiessin com eren i poguessin aprendre\u2019n la seva utilitat.<\/p>\n<p>L\u2019equitat menstrual t\u00e9 el suport d\u2019Educaci\u00f3, Sanitat i Igualtat i Feminisme.<\/p>\n<p>La finalitat d\u2019aquest taller ha estat oferir informaci\u00f3 sobre la menstruaci\u00f3 a noies i nois, de fet entre els nens prop d\u2019un 13% arriben a aquesta edat sense tenir cap coneixement al respecte, fet que fa necess\u00e0ries les xerrades.<\/p>\n<p>L\u2019alumnat de 1r i 3r d\u2019ESO han valorat molt positivament el taller, ja que ara coneixen molt m\u00e9s el m\u00f3n de la menstruaci\u00f3 i han pogut aprendre for\u00e7a coses que desconeixien totalment.<\/p>\n<p><a href=\"https:\/\/agora.xtec.cat\/iessantaeugenia\/wp-content\/uploads\/usu1801\/2024\/05\/4-4.jpg\"><img loading=\"lazy\" decoding=\"async\" class=\"alignnone size-large wp-image-10955\" src=\"https:\/\/agora.xtec.cat\/iessantaeugenia\/wp-content\/uploads\/usu1801\/2024\/05\/4-4-1024x576.jpg\" alt=\"\" width=\"1024\" height=\"576\" srcset=\"https:\/\/agora.xtec.cat\/iessantaeugenia\/wp-content\/uploads\/usu1801\/2024\/05\/4-4-1024x576.jpg 1024w, https:\/\/agora.xtec.cat\/iessantaeugenia\/wp-content\/uploads\/usu1801\/2024\/05\/4-4-300x169.jpg 300w, https:\/\/agora.xtec.cat\/iessantaeugenia\/wp-content\/uploads\/usu1801\/2024\/05\/4-4-768x432.jpg 768w, https:\/\/agora.xtec.cat\/iessantaeugenia\/wp-content\/uploads\/usu1801\/2024\/05\/4-4.jpg 1280w\" sizes=\"auto, (max-width: 1024px) 100vw, 1024px\" \/><\/a><\/p>\n<p><a href=\"https:\/\/agora.xtec.cat\/iessantaeugenia\/wp-content\/uploads\/usu1801\/2024\/05\/2-6.jpg\"><img loading=\"lazy\" decoding=\"async\" class=\"alignnone  wp-image-10957\" src=\"https:\/\/agora.xtec.cat\/iessantaeugenia\/wp-content\/uploads\/usu1801\/2024\/05\/2-6-1024x770.jpg\" alt=\"\" width=\"451\" height=\"339\" srcset=\"https:\/\/agora.xtec.cat\/iessantaeugenia\/wp-content\/uploads\/usu1801\/2024\/05\/2-6-1024x770.jpg 1024w, https:\/\/agora.xtec.cat\/iessantaeugenia\/wp-content\/uploads\/usu1801\/2024\/05\/2-6-300x226.jpg 300w, https:\/\/agora.xtec.cat\/iessantaeugenia\/wp-content\/uploads\/usu1801\/2024\/05\/2-6-768x578.jpg 768w, https:\/\/agora.xtec.cat\/iessantaeugenia\/wp-content\/uploads\/usu1801\/2024\/05\/2-6-200x150.jpg 200w, https:\/\/agora.xtec.cat\/iessantaeugenia\/wp-content\/uploads\/usu1801\/2024\/05\/2-6.jpg 1280w\" sizes=\"auto, (max-width: 451px) 100vw, 451px\" \/><\/a><a href=\"https:\/\/agora.xtec.cat\/iessantaeugenia\/wp-content\/uploads\/usu1801\/2024\/05\/3-7.jpg\"><img loading=\"lazy\" decoding=\"async\" class=\" wp-image-10956 alignleft\" src=\"https:\/\/agora.xtec.cat\/iessantaeugenia\/wp-content\/uploads\/usu1801\/2024\/05\/3-7-1024x770.jpg\" alt=\"\" width=\"256\" height=\"193\" srcset=\"https:\/\/agora.xtec.cat\/iessantaeugenia\/wp-content\/uploads\/usu1801\/2024\/05\/3-7-1024x770.jpg 1024w, https:\/\/agora.xtec.cat\/iessantaeugenia\/wp-content\/uploads\/usu1801\/2024\/05\/3-7-300x226.jpg 300w, https:\/\/agora.xtec.cat\/iessantaeugenia\/wp-content\/uploads\/usu1801\/2024\/05\/3-7-768x578.jpg 768w, https:\/\/agora.xtec.cat\/iessantaeugenia\/wp-content\/uploads\/usu1801\/2024\/05\/3-7-200x150.jpg 200w, https:\/\/agora.xtec.cat\/iessantaeugenia\/wp-content\/uploads\/usu1801\/2024\/05\/3-7.jpg 1280w\" sizes=\"auto, (max-width: 256px) 100vw, 256px\" \/><\/a><\/p>\n","protected":false},"excerpt":{"rendered":"<p>El passat dijous dia 16 de maig els alumnes de 3r d\u2019ESO van assistir a una xerrada sobre la menstruaci\u00f3, xerrada inclosa en el Pla d\u2019Equitat Menstrual del Departament de Salut.<br \/>\nEl taller es fonamenta en:<br \/>\n\uf0b7 Els drets humans de les dones i les persones que&hellip;  <a href=\"https:\/\/agora.xtec.cat\/iessantaeugenia\/portada\/taller-sobre-equitat-menstrual\/\" title=\"Read Taller sobre equitat menstrual\">Llegeix m\u00e9s\u00bb<\/a><\/p>\n","protected":false},"author":1,"featured_media":10954,"comment_status":"closed","ping_status":"closed","sticky":false,"template":"","format":"standard","meta":{"_bbp_topic_count":0,"_bbp_reply_count":0,"_bbp_total_topic_count":0,"_bbp_total_reply_count":0,"_bbp_voice_count":0,"_bbp_anonymous_reply_count":0,"_bbp_topic_count_hidden":0,"_bbp_reply_count_hidden":0,"_bbp_forum_subforum_count":0,"footnotes":""},"categories":[114,120,29],"tags":[],"class_list":["post-10953","post","type-post","status-publish","format-standard","has-post-thumbnail","hentry","category-3eso","category-eso","category-portada"],"post_mailing_queue_ids":[],"_links":{"self":[{"href":"https:\/\/agora.xtec.cat\/iessantaeugenia\/wp-json\/wp\/v2\/posts\/10953","targetHints":{"allow":["GET"]}}],"collection":[{"href":"https:\/\/agora.xtec.cat\/iessantaeugenia\/wp-json\/wp\/v2\/posts"}],"about":[{"href":"https:\/\/agora.xtec.cat\/iessantaeugenia\/wp-json\/wp\/v2\/types\/post"}],"author":[{"embeddable":true,"href":"https:\/\/agora.xtec.cat\/iessantaeugenia\/wp-json\/wp\/v2\/users\/1"}],"replies":[{"embeddable":true,"href":"https:\/\/agora.xtec.cat\/iessantaeugenia\/wp-json\/wp\/v2\/comments?post=10953"}],"version-history":[{"count":1,"href":"https:\/\/agora.xtec.cat\/iessantaeugenia\/wp-json\/wp\/v2\/posts\/10953\/revisions"}],"predecessor-version":[{"id":10958,"href":"https:\/\/agora.xtec.cat\/iessantaeugenia\/wp-json\/wp\/v2\/posts\/10953\/revisions\/10958"}],"wp:featuredmedia":[{"embeddable":true,"href":"https:\/\/agora.xtec.cat\/iessantaeugenia\/wp-json\/wp\/v2\/media\/10954"}],"wp:attachment":[{"href":"https:\/\/agora.xtec.cat\/iessantaeugenia\/wp-json\/wp\/v2\/media?parent=10953"}],"wp:term":[{"taxonomy":"category","embeddable":true,"href":"https:\/\/agora.xtec.cat\/iessantaeugenia\/wp-json\/wp\/v2\/categories?post=10953"},{"taxonomy":"post_tag","embeddable":true,"href":"https:\/\/agora.xtec.cat\/iessantaeugenia\/wp-json\/wp\/v2\/tags?post=10953"}],"curies":[{"name":"wp","href":"https:\/\/api.w.org\/{rel}","templated":true}]}}