{"id":10871,"date":"2024-05-06T17:37:57","date_gmt":"2024-05-06T15:37:57","guid":{"rendered":"https:\/\/agora.xtec.cat\/iessantaeugenia\/?p=10871"},"modified":"2024-05-07T21:55:46","modified_gmt":"2024-05-07T19:55:46","slug":"el-ppt-construccio-apren-a-eliminar-barreres-arquitectoniques","status":"publish","type":"post","link":"https:\/\/agora.xtec.cat\/iessantaeugenia\/general\/el-ppt-construccio-apren-a-eliminar-barreres-arquitectoniques\/","title":{"rendered":"El PTT Construcci\u00f3 apr\u00e8n a eliminar barreres arquitect\u00f2niques"},"content":{"rendered":"<p><span style=\"font-weight: 400;\">El Projecte Integrat d\u2019aquest curs ha tingut un vessant social i reivindicatiu cap a un col\u00b7lectiu vulnerable com \u00e9s el de les persones que es troben amb mobilitat redu\u00efda.<\/span><\/p>\n<p><span style=\"font-weight: 400;\">L\u2019alumnat del PTT construcci\u00f3 va con\u00e8ixer de primera m\u00e0 aquesta realitat a partir d\u2019un testimoni de l&#8217;Institut Guttmann que va explicar com un accident de moto li va canviar la vida. Posteriorment, a partir d\u2019un intercanvi pedag\u00f2gic amb el PFI-PTT d\u2019auxiliar en centres sanitaris l\u2019alumnat va fer un itinerari per la ciutat de Girona amb cadira de rodes per vivenciar i sentir les dificultats que t\u00e9 una persona quan es despla\u00e7a per diferents serveis.\u00a0<\/span><\/p>\n<p><span style=\"font-weight: 400;\">Finalment, es va treballar l\u2019eliminaci\u00f3 d\u2019una de les barreres m\u00e9s importants que dificulta la mobilitat com s\u00f3n els esglaons de les voreres. Ho van treballar al seu espai simulat del taller on cadasc\u00fa va fer una rampa complint la normativa de 8% d\u2019inclinaci\u00f3. Aquest treball tamb\u00e9 es va refor\u00e7ar amb les compet\u00e8ncies matem\u00e0tiques aplicant la regla de tres i el sistema m\u00e8tric.<\/span><\/p>\n<p><span style=\"font-weight: 400;\">El projecte final i real es va acabar portant a terme a Can Po Vell on hi havia un petit esgla\u00f3 que impedia una entrada adequada a persones amb mobilitat redu\u00efda. Despr\u00e9s d\u2019aquesta rampa constru\u00efda podem dir que s\u2019ha aconseguit eliminar una barrera arquitect\u00f2nica a les nostres instal\u00b7lacions!<\/span><\/p>\n<p><a href=\"https:\/\/agora.xtec.cat\/iessantaeugenia\/wp-content\/uploads\/usu1801\/2024\/05\/ppt-construccio-girona-03.jpg\"><img loading=\"lazy\" decoding=\"async\" class=\"alignnone wp-image-10873\" src=\"https:\/\/agora.xtec.cat\/iessantaeugenia\/wp-content\/uploads\/usu1801\/2024\/05\/ppt-construccio-girona-03-1024x1024.jpg\" alt=\"\" width=\"400\" height=\"400\" srcset=\"https:\/\/agora.xtec.cat\/iessantaeugenia\/wp-content\/uploads\/usu1801\/2024\/05\/ppt-construccio-girona-03-1024x1024.jpg 1024w, https:\/\/agora.xtec.cat\/iessantaeugenia\/wp-content\/uploads\/usu1801\/2024\/05\/ppt-construccio-girona-03-300x300.jpg 300w, https:\/\/agora.xtec.cat\/iessantaeugenia\/wp-content\/uploads\/usu1801\/2024\/05\/ppt-construccio-girona-03-150x150.jpg 150w, https:\/\/agora.xtec.cat\/iessantaeugenia\/wp-content\/uploads\/usu1801\/2024\/05\/ppt-construccio-girona-03-768x768.jpg 768w, https:\/\/agora.xtec.cat\/iessantaeugenia\/wp-content\/uploads\/usu1801\/2024\/05\/ppt-construccio-girona-03.jpg 1080w\" sizes=\"auto, (max-width: 400px) 100vw, 400px\" \/>\u00a0<\/a> <a href=\"https:\/\/agora.xtec.cat\/iessantaeugenia\/wp-content\/uploads\/usu1801\/2024\/05\/ppt-construccio-girona-02.jpg\"><img loading=\"lazy\" decoding=\"async\" class=\"alignnone wp-image-10874\" src=\"https:\/\/agora.xtec.cat\/iessantaeugenia\/wp-content\/uploads\/usu1801\/2024\/05\/ppt-construccio-girona-02-1024x1024.jpg\" alt=\"\" width=\"400\" height=\"400\" srcset=\"https:\/\/agora.xtec.cat\/iessantaeugenia\/wp-content\/uploads\/usu1801\/2024\/05\/ppt-construccio-girona-02-1024x1024.jpg 1024w, https:\/\/agora.xtec.cat\/iessantaeugenia\/wp-content\/uploads\/usu1801\/2024\/05\/ppt-construccio-girona-02-300x300.jpg 300w, https:\/\/agora.xtec.cat\/iessantaeugenia\/wp-content\/uploads\/usu1801\/2024\/05\/ppt-construccio-girona-02-150x150.jpg 150w, https:\/\/agora.xtec.cat\/iessantaeugenia\/wp-content\/uploads\/usu1801\/2024\/05\/ppt-construccio-girona-02-768x768.jpg 768w, https:\/\/agora.xtec.cat\/iessantaeugenia\/wp-content\/uploads\/usu1801\/2024\/05\/ppt-construccio-girona-02.jpg 1080w\" sizes=\"auto, (max-width: 400px) 100vw, 400px\" \/>\u00a0 <\/a><\/p>\n","protected":false},"excerpt":{"rendered":"<p>El Projecte Integrat d\u2019aquest curs ha tingut un vessant social i reivindicatiu cap a un col\u00b7lectiu vulnerable com \u00e9s el de les persones que es troben amb mobilitat redu\u00efda.<br \/>\nL\u2019alumnat del PTT construcci\u00f3 va con\u00e8ixer de primera m\u00e0 aquesta realitat a partir d\u2019un testimoni de l&#8217;Institut&hellip;  <a href=\"https:\/\/agora.xtec.cat\/iessantaeugenia\/general\/el-ppt-construccio-apren-a-eliminar-barreres-arquitectoniques\/\" title=\"Read El PTT Construcci\u00f3 apr\u00e8n a eliminar barreres arquitect\u00f2niques\">Llegeix m\u00e9s\u00bb<\/a><\/p>\n","protected":false},"author":1,"featured_media":10878,"comment_status":"closed","ping_status":"closed","sticky":false,"template":"","format":"standard","meta":{"_bbp_topic_count":0,"_bbp_reply_count":0,"_bbp_total_topic_count":0,"_bbp_total_reply_count":0,"_bbp_voice_count":0,"_bbp_anonymous_reply_count":0,"_bbp_topic_count_hidden":0,"_bbp_reply_count_hidden":0,"_bbp_forum_subforum_count":0,"footnotes":""},"categories":[1,29,856],"tags":[],"class_list":["post-10871","post","type-post","status-publish","format-standard","has-post-thumbnail","hentry","category-general","category-portada","category-ptt"],"post_mailing_queue_ids":[],"_links":{"self":[{"href":"https:\/\/agora.xtec.cat\/iessantaeugenia\/wp-json\/wp\/v2\/posts\/10871","targetHints":{"allow":["GET"]}}],"collection":[{"href":"https:\/\/agora.xtec.cat\/iessantaeugenia\/wp-json\/wp\/v2\/posts"}],"about":[{"href":"https:\/\/agora.xtec.cat\/iessantaeugenia\/wp-json\/wp\/v2\/types\/post"}],"author":[{"embeddable":true,"href":"https:\/\/agora.xtec.cat\/iessantaeugenia\/wp-json\/wp\/v2\/users\/1"}],"replies":[{"embeddable":true,"href":"https:\/\/agora.xtec.cat\/iessantaeugenia\/wp-json\/wp\/v2\/comments?post=10871"}],"version-history":[{"count":4,"href":"https:\/\/agora.xtec.cat\/iessantaeugenia\/wp-json\/wp\/v2\/posts\/10871\/revisions"}],"predecessor-version":[{"id":10880,"href":"https:\/\/agora.xtec.cat\/iessantaeugenia\/wp-json\/wp\/v2\/posts\/10871\/revisions\/10880"}],"wp:featuredmedia":[{"embeddable":true,"href":"https:\/\/agora.xtec.cat\/iessantaeugenia\/wp-json\/wp\/v2\/media\/10878"}],"wp:attachment":[{"href":"https:\/\/agora.xtec.cat\/iessantaeugenia\/wp-json\/wp\/v2\/media?parent=10871"}],"wp:term":[{"taxonomy":"category","embeddable":true,"href":"https:\/\/agora.xtec.cat\/iessantaeugenia\/wp-json\/wp\/v2\/categories?post=10871"},{"taxonomy":"post_tag","embeddable":true,"href":"https:\/\/agora.xtec.cat\/iessantaeugenia\/wp-json\/wp\/v2\/tags?post=10871"}],"curies":[{"name":"wp","href":"https:\/\/api.w.org\/{rel}","templated":true}]}}