{"id":10835,"date":"2024-04-29T17:26:27","date_gmt":"2024-04-29T15:26:27","guid":{"rendered":"https:\/\/agora.xtec.cat\/iessantaeugenia\/?p=10835"},"modified":"2024-04-29T17:45:28","modified_gmt":"2024-04-29T15:45:28","slug":"sortides-de-2n-de-batxillerat-dhistoria-i-historia-de-lart","status":"publish","type":"post","link":"https:\/\/agora.xtec.cat\/iessantaeugenia\/general\/sortides-de-2n-de-batxillerat-dhistoria-i-historia-de-lart\/","title":{"rendered":"Sortides de segon de Batxillerat d\u2019Hist\u00f2ria i Hist\u00f2ria de l\u2019Art"},"content":{"rendered":"<p><span style=\"font-weight: 400;\">L\u2019alumnat de segon de Batxillerat aquest mes d&#8217;abril va concloure la darrera part de les sortides de l\u2019\u00e0mbit de Socials.<\/span><\/p>\n<p><span style=\"font-weight: 400;\">La primera sortida s\u2019havia fet al desembre al Museu Nacional d\u2019Art de Catalunya (MNAC) amb l\u2019objectiu d\u2019apropar a l\u2019alumnat a les peces d\u2019art de l\u2019\u00e8poca medieval fent el recorregut de la selectivitat.<\/span><\/p>\n<p><span style=\"font-weight: 400;\">Els i les alumnes varen poder gaudir de les pintures de Sant Climent de Ta\u00fcll o de la majestat Batll\u00f3, entre d\u2019altres. Una experi\u00e8ncia inoblidable!<\/span><\/p>\n<p><span style=\"font-weight: 400;\">Aquest divendres 19, els mateixos alumnes han tornat a Barcelona per fer un recorregut pel Barri G\u00f2tic. Han comen\u00e7at a Santa Maria del Mar i han acabat a la pla\u00e7a Sant Jaume. Al llarg del recorregut han anat fent diverses fotografies per participar en el \u201cConcurs de Fotografia amb Patrimoni\u201d de Sant Jordi.\u00a0<\/span><\/p>\n<p><span style=\"font-weight: 400;\">Seguidament, han acabat la jornada al Museu d\u2019Hist\u00f2ria de Catalunya, on s\u2019ha fet la visita seguint l\u2019itinerari de la selectivitat. L\u2019alumnat s\u2019ha posat a prova fent exercicis de la selectivitat amb les diverses tipologies de fonts de les diferents etapes hist\u00f2riques.\u00a0<\/span><\/p>\n<p><span style=\"font-weight: 400;\">Les dues sortides han estat molt ben aprofitades i s\u2019ha felicitat als i les alumnes pel seu saber fer i saber estar.<\/span><\/p>\n<p><span style=\"font-weight: 400;\">Els desitgem molta sort a la selectivitat!!!<\/span><\/p>\n<p><a href=\"https:\/\/agora.xtec.cat\/iessantaeugenia\/wp-content\/uploads\/usu1801\/2024\/04\/sortida-2n-bat-05.jpg\"><img loading=\"lazy\" decoding=\"async\" class=\"alignnone wp-image-10838\" src=\"https:\/\/agora.xtec.cat\/iessantaeugenia\/wp-content\/uploads\/usu1801\/2024\/04\/sortida-2n-bat-05-1024x1024.jpg\" alt=\"\" width=\"400\" height=\"400\" srcset=\"https:\/\/agora.xtec.cat\/iessantaeugenia\/wp-content\/uploads\/usu1801\/2024\/04\/sortida-2n-bat-05-1024x1024.jpg 1024w, https:\/\/agora.xtec.cat\/iessantaeugenia\/wp-content\/uploads\/usu1801\/2024\/04\/sortida-2n-bat-05-300x300.jpg 300w, https:\/\/agora.xtec.cat\/iessantaeugenia\/wp-content\/uploads\/usu1801\/2024\/04\/sortida-2n-bat-05-150x150.jpg 150w, https:\/\/agora.xtec.cat\/iessantaeugenia\/wp-content\/uploads\/usu1801\/2024\/04\/sortida-2n-bat-05-768x768.jpg 768w, https:\/\/agora.xtec.cat\/iessantaeugenia\/wp-content\/uploads\/usu1801\/2024\/04\/sortida-2n-bat-05.jpg 1080w\" sizes=\"auto, (max-width: 400px) 100vw, 400px\" \/><\/a><\/p>\n<p><a href=\"https:\/\/agora.xtec.cat\/iessantaeugenia\/wp-content\/uploads\/usu1801\/2024\/04\/sortida-2n-bat-02.jpg\"><img loading=\"lazy\" decoding=\"async\" class=\"alignnone wp-image-10836\" src=\"https:\/\/agora.xtec.cat\/iessantaeugenia\/wp-content\/uploads\/usu1801\/2024\/04\/sortida-2n-bat-02-1024x1024.jpg\" alt=\"\" width=\"400\" height=\"400\" srcset=\"https:\/\/agora.xtec.cat\/iessantaeugenia\/wp-content\/uploads\/usu1801\/2024\/04\/sortida-2n-bat-02-1024x1024.jpg 1024w, https:\/\/agora.xtec.cat\/iessantaeugenia\/wp-content\/uploads\/usu1801\/2024\/04\/sortida-2n-bat-02-300x300.jpg 300w, https:\/\/agora.xtec.cat\/iessantaeugenia\/wp-content\/uploads\/usu1801\/2024\/04\/sortida-2n-bat-02-150x150.jpg 150w, https:\/\/agora.xtec.cat\/iessantaeugenia\/wp-content\/uploads\/usu1801\/2024\/04\/sortida-2n-bat-02-768x768.jpg 768w, https:\/\/agora.xtec.cat\/iessantaeugenia\/wp-content\/uploads\/usu1801\/2024\/04\/sortida-2n-bat-02.jpg 1080w\" sizes=\"auto, (max-width: 400px) 100vw, 400px\" \/><\/a><\/p>\n","protected":false},"excerpt":{"rendered":"<p>L\u2019alumnat de segon de Batxillerat aquest mes d&#8217;abril va concloure la darrera part de les sortides de l\u2019\u00e0mbit de Socials.<br \/>\nLa primera sortida s\u2019havia fet al desembre al Museu Nacional d\u2019Art de Catalunya (MNAC) amb l\u2019objectiu d\u2019apropar a l\u2019alumnat a les peces d\u2019art de l\u2019\u00e8poca medieval&hellip;  <a href=\"https:\/\/agora.xtec.cat\/iessantaeugenia\/general\/sortides-de-2n-de-batxillerat-dhistoria-i-historia-de-lart\/\" title=\"Read Sortides de segon de Batxillerat d\u2019Hist\u00f2ria i Hist\u00f2ria de l\u2019Art\">Llegeix m\u00e9s\u00bb<\/a><\/p>\n","protected":false},"author":1,"featured_media":10839,"comment_status":"closed","ping_status":"closed","sticky":false,"template":"","format":"standard","meta":{"_bbp_topic_count":0,"_bbp_reply_count":0,"_bbp_total_topic_count":0,"_bbp_total_reply_count":0,"_bbp_voice_count":0,"_bbp_anonymous_reply_count":0,"_bbp_topic_count_hidden":0,"_bbp_reply_count_hidden":0,"_bbp_forum_subforum_count":0,"footnotes":""},"categories":[117,1,29],"tags":[],"class_list":["post-10835","post","type-post","status-publish","format-standard","has-post-thumbnail","hentry","category-batx-humanitats-i-ciencies","category-general","category-portada"],"post_mailing_queue_ids":[],"_links":{"self":[{"href":"https:\/\/agora.xtec.cat\/iessantaeugenia\/wp-json\/wp\/v2\/posts\/10835","targetHints":{"allow":["GET"]}}],"collection":[{"href":"https:\/\/agora.xtec.cat\/iessantaeugenia\/wp-json\/wp\/v2\/posts"}],"about":[{"href":"https:\/\/agora.xtec.cat\/iessantaeugenia\/wp-json\/wp\/v2\/types\/post"}],"author":[{"embeddable":true,"href":"https:\/\/agora.xtec.cat\/iessantaeugenia\/wp-json\/wp\/v2\/users\/1"}],"replies":[{"embeddable":true,"href":"https:\/\/agora.xtec.cat\/iessantaeugenia\/wp-json\/wp\/v2\/comments?post=10835"}],"version-history":[{"count":6,"href":"https:\/\/agora.xtec.cat\/iessantaeugenia\/wp-json\/wp\/v2\/posts\/10835\/revisions"}],"predecessor-version":[{"id":10845,"href":"https:\/\/agora.xtec.cat\/iessantaeugenia\/wp-json\/wp\/v2\/posts\/10835\/revisions\/10845"}],"wp:featuredmedia":[{"embeddable":true,"href":"https:\/\/agora.xtec.cat\/iessantaeugenia\/wp-json\/wp\/v2\/media\/10839"}],"wp:attachment":[{"href":"https:\/\/agora.xtec.cat\/iessantaeugenia\/wp-json\/wp\/v2\/media?parent=10835"}],"wp:term":[{"taxonomy":"category","embeddable":true,"href":"https:\/\/agora.xtec.cat\/iessantaeugenia\/wp-json\/wp\/v2\/categories?post=10835"},{"taxonomy":"post_tag","embeddable":true,"href":"https:\/\/agora.xtec.cat\/iessantaeugenia\/wp-json\/wp\/v2\/tags?post=10835"}],"curies":[{"name":"wp","href":"https:\/\/api.w.org\/{rel}","templated":true}]}}