{"id":10815,"date":"2024-04-26T10:30:58","date_gmt":"2024-04-26T08:30:58","guid":{"rendered":"https:\/\/agora.xtec.cat\/iessantaeugenia\/?p=10815"},"modified":"2024-04-25T10:37:53","modified_gmt":"2024-04-25T08:37:53","slug":"comarketing-2024-captiva-una-sala-marfa-plena-de-gom-a-gom","status":"publish","type":"post","link":"https:\/\/agora.xtec.cat\/iessantaeugenia\/general\/comarketing-2024-captiva-una-sala-marfa-plena-de-gom-a-gom\/","title":{"rendered":"Comarketing 2024 captiva una Sala Marf\u00e0 plena de gom a gom"},"content":{"rendered":"<p><span style=\"font-weight: 400;\">El passat 17 d\u2019abril a les 15:30 h de la tarda, va tenir lloc a la Sala Marf\u00e0 la VIII Jornada de Comarketing preparat per l\u2019alumnat de 2n del Cicle Superior de Gesti\u00f3 de Vendes i Espais Comercials de l\u2019Institut Santa Eug\u00e8nia.<\/span><\/p>\n<p><span style=\"font-weight: 400;\">L\u2019acte va comen\u00e7ar amb la primera ponent, la Gl\u00f2ria Salom\u00f3 fundadora de l\u2019empresa Llagurt, qui ens va explicar tota la seva traject\u00f2ria professional, des que va anar a Chicago i va descobrir tot el m\u00f3n del iogurt fins a arribar a obrir les actuals franqu\u00edcies que hi ha arreu de Catalunya.<\/span><\/p>\n<p><span style=\"font-weight: 400;\">Seguidament, M\u00edguel Ib\u00e1\u00f1ez especialista en neurom\u00e0rqueting, va explicar part de la seva vida professional i ens va donar a con\u00e8ixer tot el m\u00f3n de les emocions aplicades al m\u00e0rqueting i a l\u2019acte de compra.<\/span><\/p>\n<p><span style=\"font-weight: 400;\">Finalitzada la segona pon\u00e8ncia, va haver-hi un moment de distensi\u00f3, ja que els convidats van poder participar a trav\u00e9s del seu propi m\u00f2bil a un joc interactiu (Quizizz), que va ser preparat anteriorment per l\u2019alumnat, on els tres primers guanyadors van tenir la sort de guanyar unes camisetes personalitzades amb el logo de l\u2019institut. Des d\u2019aqu\u00ed volem donar l\u2019enhorabona a tots els convidats per haver participat!<\/span><\/p>\n<p><span style=\"font-weight: 400;\">Com a tercer i \u00faltim ponent vam comptar amb la pres\u00e8ncia d\u2019un jove emprenedor de tan sols 20 anys: Ismael Kiloul, ell ens va explicar que va tenir l\u2019oportunitat d\u2019anar creixent i a dia d\u2019avui compta amb una gran multinacional.<\/span><\/p>\n<p><span style=\"font-weight: 400;\">Finalment, tots els assistents van tenir l\u2019oportunitat de gaudir d\u2019un petit berenar situat a l\u2019exterior de la sala i d\u2019un photocall on podien compartir les seves fotos a trav\u00e9s de les xarxes socials.<\/span><\/p>\n<p><span style=\"font-weight: 400;\">Volem donar especialment les gr\u00e0cies a la Sala Marf\u00e0 per prestar-nos l\u2019espai, als tres ponents per proporcionar-nos els seus punts de vista, i a tots els assistents per haver-hi acudit. Molt\u00edssimes gr\u00e0cies!<\/span><\/p>\n<p><a href=\"https:\/\/agora.xtec.cat\/iessantaeugenia\/wp-content\/uploads\/usu1801\/2024\/04\/comarketing2024-girona-05.jpg\"><img loading=\"lazy\" decoding=\"async\" class=\"alignnone wp-image-10816\" src=\"https:\/\/agora.xtec.cat\/iessantaeugenia\/wp-content\/uploads\/usu1801\/2024\/04\/comarketing2024-girona-05-1024x1024.jpg\" alt=\"\" width=\"400\" height=\"400\" srcset=\"https:\/\/agora.xtec.cat\/iessantaeugenia\/wp-content\/uploads\/usu1801\/2024\/04\/comarketing2024-girona-05-1024x1024.jpg 1024w, https:\/\/agora.xtec.cat\/iessantaeugenia\/wp-content\/uploads\/usu1801\/2024\/04\/comarketing2024-girona-05-300x300.jpg 300w, https:\/\/agora.xtec.cat\/iessantaeugenia\/wp-content\/uploads\/usu1801\/2024\/04\/comarketing2024-girona-05-150x150.jpg 150w, https:\/\/agora.xtec.cat\/iessantaeugenia\/wp-content\/uploads\/usu1801\/2024\/04\/comarketing2024-girona-05-768x768.jpg 768w, https:\/\/agora.xtec.cat\/iessantaeugenia\/wp-content\/uploads\/usu1801\/2024\/04\/comarketing2024-girona-05.jpg 1080w\" sizes=\"auto, (max-width: 400px) 100vw, 400px\" \/><\/a> <a href=\"https:\/\/agora.xtec.cat\/iessantaeugenia\/wp-content\/uploads\/usu1801\/2024\/04\/comarketing2024-girona-03.jpg\"><img loading=\"lazy\" decoding=\"async\" class=\"alignnone wp-image-10817\" src=\"https:\/\/agora.xtec.cat\/iessantaeugenia\/wp-content\/uploads\/usu1801\/2024\/04\/comarketing2024-girona-03-1024x1024.jpg\" alt=\"\" width=\"400\" height=\"400\" srcset=\"https:\/\/agora.xtec.cat\/iessantaeugenia\/wp-content\/uploads\/usu1801\/2024\/04\/comarketing2024-girona-03-1024x1024.jpg 1024w, https:\/\/agora.xtec.cat\/iessantaeugenia\/wp-content\/uploads\/usu1801\/2024\/04\/comarketing2024-girona-03-300x300.jpg 300w, https:\/\/agora.xtec.cat\/iessantaeugenia\/wp-content\/uploads\/usu1801\/2024\/04\/comarketing2024-girona-03-150x150.jpg 150w, https:\/\/agora.xtec.cat\/iessantaeugenia\/wp-content\/uploads\/usu1801\/2024\/04\/comarketing2024-girona-03-768x768.jpg 768w, https:\/\/agora.xtec.cat\/iessantaeugenia\/wp-content\/uploads\/usu1801\/2024\/04\/comarketing2024-girona-03.jpg 1080w\" sizes=\"auto, (max-width: 400px) 100vw, 400px\" \/> <\/a><\/p>\n<p>&nbsp;<\/p>\n<p>&nbsp;<\/p>\n","protected":false},"excerpt":{"rendered":"<p>El passat 17 d\u2019abril a les 15:30 h de la tarda, va tenir lloc a la Sala Marf\u00e0 la VIII Jornada de Comarketing preparat per l\u2019alumnat de 2n del Cicle Superior de Gesti\u00f3 de Vendes i Espais Comercials de l\u2019Institut Santa Eug\u00e8nia.<br \/>\nL\u2019acte va comen\u00e7ar amb&hellip;  <a href=\"https:\/\/agora.xtec.cat\/iessantaeugenia\/general\/comarketing-2024-captiva-una-sala-marfa-plena-de-gom-a-gom\/\" title=\"Read Comarketing 2024 captiva una Sala Marf\u00e0 plena de gom a gom\">Llegeix m\u00e9s\u00bb<\/a><\/p>\n","protected":false},"author":1,"featured_media":10818,"comment_status":"closed","ping_status":"closed","sticky":false,"template":"","format":"standard","meta":{"_bbp_topic_count":0,"_bbp_reply_count":0,"_bbp_total_topic_count":0,"_bbp_total_reply_count":0,"_bbp_voice_count":0,"_bbp_anonymous_reply_count":0,"_bbp_topic_count_hidden":0,"_bbp_reply_count_hidden":0,"_bbp_forum_subforum_count":0,"footnotes":""},"categories":[30,1,29],"tags":[],"class_list":["post-10815","post","type-post","status-publish","format-standard","has-post-thumbnail","hentry","category-cicles-formatius","category-general","category-portada"],"post_mailing_queue_ids":[],"_links":{"self":[{"href":"https:\/\/agora.xtec.cat\/iessantaeugenia\/wp-json\/wp\/v2\/posts\/10815","targetHints":{"allow":["GET"]}}],"collection":[{"href":"https:\/\/agora.xtec.cat\/iessantaeugenia\/wp-json\/wp\/v2\/posts"}],"about":[{"href":"https:\/\/agora.xtec.cat\/iessantaeugenia\/wp-json\/wp\/v2\/types\/post"}],"author":[{"embeddable":true,"href":"https:\/\/agora.xtec.cat\/iessantaeugenia\/wp-json\/wp\/v2\/users\/1"}],"replies":[{"embeddable":true,"href":"https:\/\/agora.xtec.cat\/iessantaeugenia\/wp-json\/wp\/v2\/comments?post=10815"}],"version-history":[{"count":2,"href":"https:\/\/agora.xtec.cat\/iessantaeugenia\/wp-json\/wp\/v2\/posts\/10815\/revisions"}],"predecessor-version":[{"id":10820,"href":"https:\/\/agora.xtec.cat\/iessantaeugenia\/wp-json\/wp\/v2\/posts\/10815\/revisions\/10820"}],"wp:featuredmedia":[{"embeddable":true,"href":"https:\/\/agora.xtec.cat\/iessantaeugenia\/wp-json\/wp\/v2\/media\/10818"}],"wp:attachment":[{"href":"https:\/\/agora.xtec.cat\/iessantaeugenia\/wp-json\/wp\/v2\/media?parent=10815"}],"wp:term":[{"taxonomy":"category","embeddable":true,"href":"https:\/\/agora.xtec.cat\/iessantaeugenia\/wp-json\/wp\/v2\/categories?post=10815"},{"taxonomy":"post_tag","embeddable":true,"href":"https:\/\/agora.xtec.cat\/iessantaeugenia\/wp-json\/wp\/v2\/tags?post=10815"}],"curies":[{"name":"wp","href":"https:\/\/api.w.org\/{rel}","templated":true}]}}