{"id":10808,"date":"2024-04-25T17:05:40","date_gmt":"2024-04-25T15:05:40","guid":{"rendered":"https:\/\/agora.xtec.cat\/iessantaeugenia\/?p=10808"},"modified":"2024-04-24T23:29:54","modified_gmt":"2024-04-24T21:29:54","slug":"formacio-linguistica-un-nou-repte-per-al-professorat-dfp","status":"publish","type":"post","link":"https:\/\/agora.xtec.cat\/iessantaeugenia\/general\/formacio-linguistica-un-nou-repte-per-al-professorat-dfp\/","title":{"rendered":"Formaci\u00f3 ling\u00fc\u00edstica: un nou repte per al professorat d&#8217;FP"},"content":{"rendered":"<p><span style=\"font-weight: 400;\">Durant aquest curs, un grup de sis docents de diverses branques dels Cicles Formatius (Obres, Gesti\u00f3 de Vendes i Activitats Comercials) ha tingut l&#8217;oportunitat de participar en una estada formativa a l&#8217;estranger, una experi\u00e8ncia enriquidora que va ampliar les seves perspectives professionals i personals. Aquesta pr\u00e0ctica representa una inversi\u00f3 en el creixement dels docents i, per extensi\u00f3, en la millora de l&#8217;educaci\u00f3 que ofereixen.<\/span><\/p>\n<p><span style=\"font-weight: 400;\">Durant la seva estada a l&#8217;estranger -a Finl\u00e0ndia, Irlanda i It\u00e0lia-, els docents han tingut l&#8217;oportunitat de submergir-se en noves cultures, assistint a classes d\u2019angl\u00e8s i intercanviant idees i bones praxis amb altres professionals de l&#8217;educaci\u00f3. Aquesta experi\u00e8ncia s\u2019ha pogut realitzar dins el marc del projecte PILE (Programa d\u2019Impuls de Lleng\u00fces Estrangeres), finan\u00e7at pels fons del Mecanisme de Recuperaci\u00f3 i Resili\u00e8ncia i el fons REACT-EU i ha perm\u00e8s als nostres docents adquirir nous coneixements i habilitats que podran aplicar en les aules, beneficiant directament els alumnes.<\/span><\/p>\n<p><a href=\"https:\/\/agora.xtec.cat\/iessantaeugenia\/wp-content\/uploads\/usu1801\/2024\/04\/pla-impuls-01.jpg\"><img loading=\"lazy\" decoding=\"async\" class=\"alignnone wp-image-10809\" src=\"https:\/\/agora.xtec.cat\/iessantaeugenia\/wp-content\/uploads\/usu1801\/2024\/04\/pla-impuls-01-1024x1024.jpg\" alt=\"\" width=\"400\" height=\"400\" srcset=\"https:\/\/agora.xtec.cat\/iessantaeugenia\/wp-content\/uploads\/usu1801\/2024\/04\/pla-impuls-01-1024x1024.jpg 1024w, https:\/\/agora.xtec.cat\/iessantaeugenia\/wp-content\/uploads\/usu1801\/2024\/04\/pla-impuls-01-300x300.jpg 300w, https:\/\/agora.xtec.cat\/iessantaeugenia\/wp-content\/uploads\/usu1801\/2024\/04\/pla-impuls-01-150x150.jpg 150w, https:\/\/agora.xtec.cat\/iessantaeugenia\/wp-content\/uploads\/usu1801\/2024\/04\/pla-impuls-01-768x768.jpg 768w, https:\/\/agora.xtec.cat\/iessantaeugenia\/wp-content\/uploads\/usu1801\/2024\/04\/pla-impuls-01.jpg 1080w\" sizes=\"auto, (max-width: 400px) 100vw, 400px\" \/><\/a> <a href=\"https:\/\/agora.xtec.cat\/iessantaeugenia\/wp-content\/uploads\/usu1801\/2024\/04\/pla-impuls-02.jpg\"><img loading=\"lazy\" decoding=\"async\" class=\"alignnone wp-image-10810\" src=\"https:\/\/agora.xtec.cat\/iessantaeugenia\/wp-content\/uploads\/usu1801\/2024\/04\/pla-impuls-02-1024x1024.jpg\" alt=\"\" width=\"400\" height=\"400\" srcset=\"https:\/\/agora.xtec.cat\/iessantaeugenia\/wp-content\/uploads\/usu1801\/2024\/04\/pla-impuls-02-1024x1024.jpg 1024w, https:\/\/agora.xtec.cat\/iessantaeugenia\/wp-content\/uploads\/usu1801\/2024\/04\/pla-impuls-02-300x300.jpg 300w, https:\/\/agora.xtec.cat\/iessantaeugenia\/wp-content\/uploads\/usu1801\/2024\/04\/pla-impuls-02-150x150.jpg 150w, https:\/\/agora.xtec.cat\/iessantaeugenia\/wp-content\/uploads\/usu1801\/2024\/04\/pla-impuls-02-768x768.jpg 768w, https:\/\/agora.xtec.cat\/iessantaeugenia\/wp-content\/uploads\/usu1801\/2024\/04\/pla-impuls-02.jpg 1080w\" sizes=\"auto, (max-width: 400px) 100vw, 400px\" \/><\/a><\/p>\n<p><a href=\"https:\/\/agora.xtec.cat\/iessantaeugenia\/wp-content\/uploads\/usu1801\/2023\/09\/2.png\"><img loading=\"lazy\" decoding=\"async\" class=\"alignnone wp-image-9959\" src=\"https:\/\/agora.xtec.cat\/iessantaeugenia\/wp-content\/uploads\/usu1801\/2023\/09\/2-1024x724.png\" alt=\"\" width=\"500\" height=\"354\" srcset=\"https:\/\/agora.xtec.cat\/iessantaeugenia\/wp-content\/uploads\/usu1801\/2023\/09\/2-1024x724.png 1024w, https:\/\/agora.xtec.cat\/iessantaeugenia\/wp-content\/uploads\/usu1801\/2023\/09\/2-300x212.png 300w, https:\/\/agora.xtec.cat\/iessantaeugenia\/wp-content\/uploads\/usu1801\/2023\/09\/2-768x543.png 768w, https:\/\/agora.xtec.cat\/iessantaeugenia\/wp-content\/uploads\/usu1801\/2023\/09\/2-1536x1086.png 1536w, https:\/\/agora.xtec.cat\/iessantaeugenia\/wp-content\/uploads\/usu1801\/2023\/09\/2-2048x1448.png 2048w\" sizes=\"auto, (max-width: 500px) 100vw, 500px\" \/><\/a><\/p>\n","protected":false},"excerpt":{"rendered":"<p>Durant aquest curs, un grup de sis docents de diverses branques dels Cicles Formatius (Obres, Gesti\u00f3 de Vendes i Activitats Comercials) ha tingut l&#8217;oportunitat de participar en una estada formativa a l&#8217;estranger, una experi\u00e8ncia enriquidora que va ampliar les seves perspectives professionals i personals. Aquesta&hellip;  <a href=\"https:\/\/agora.xtec.cat\/iessantaeugenia\/general\/formacio-linguistica-un-nou-repte-per-al-professorat-dfp\/\" title=\"Read Formaci\u00f3 ling\u00fc\u00edstica: un nou repte per al professorat d&#8217;FP\">Llegeix m\u00e9s\u00bb<\/a><\/p>\n","protected":false},"author":1,"featured_media":10809,"comment_status":"closed","ping_status":"closed","sticky":false,"template":"","format":"standard","meta":{"_bbp_topic_count":0,"_bbp_reply_count":0,"_bbp_total_topic_count":0,"_bbp_total_reply_count":0,"_bbp_voice_count":0,"_bbp_anonymous_reply_count":0,"_bbp_topic_count_hidden":0,"_bbp_reply_count_hidden":0,"_bbp_forum_subforum_count":0,"footnotes":""},"categories":[30,1,29],"tags":[],"class_list":["post-10808","post","type-post","status-publish","format-standard","has-post-thumbnail","hentry","category-cicles-formatius","category-general","category-portada"],"post_mailing_queue_ids":[],"_links":{"self":[{"href":"https:\/\/agora.xtec.cat\/iessantaeugenia\/wp-json\/wp\/v2\/posts\/10808","targetHints":{"allow":["GET"]}}],"collection":[{"href":"https:\/\/agora.xtec.cat\/iessantaeugenia\/wp-json\/wp\/v2\/posts"}],"about":[{"href":"https:\/\/agora.xtec.cat\/iessantaeugenia\/wp-json\/wp\/v2\/types\/post"}],"author":[{"embeddable":true,"href":"https:\/\/agora.xtec.cat\/iessantaeugenia\/wp-json\/wp\/v2\/users\/1"}],"replies":[{"embeddable":true,"href":"https:\/\/agora.xtec.cat\/iessantaeugenia\/wp-json\/wp\/v2\/comments?post=10808"}],"version-history":[{"count":4,"href":"https:\/\/agora.xtec.cat\/iessantaeugenia\/wp-json\/wp\/v2\/posts\/10808\/revisions"}],"predecessor-version":[{"id":10814,"href":"https:\/\/agora.xtec.cat\/iessantaeugenia\/wp-json\/wp\/v2\/posts\/10808\/revisions\/10814"}],"wp:featuredmedia":[{"embeddable":true,"href":"https:\/\/agora.xtec.cat\/iessantaeugenia\/wp-json\/wp\/v2\/media\/10809"}],"wp:attachment":[{"href":"https:\/\/agora.xtec.cat\/iessantaeugenia\/wp-json\/wp\/v2\/media?parent=10808"}],"wp:term":[{"taxonomy":"category","embeddable":true,"href":"https:\/\/agora.xtec.cat\/iessantaeugenia\/wp-json\/wp\/v2\/categories?post=10808"},{"taxonomy":"post_tag","embeddable":true,"href":"https:\/\/agora.xtec.cat\/iessantaeugenia\/wp-json\/wp\/v2\/tags?post=10808"}],"curies":[{"name":"wp","href":"https:\/\/api.w.org\/{rel}","templated":true}]}}