{"id":10802,"date":"2024-04-24T17:37:31","date_gmt":"2024-04-24T15:37:31","guid":{"rendered":"https:\/\/agora.xtec.cat\/iessantaeugenia\/?p=10802"},"modified":"2024-04-24T17:40:44","modified_gmt":"2024-04-24T15:40:44","slug":"2n-de-batxillerat-homenatja-merce-rodoreda","status":"publish","type":"post","link":"https:\/\/agora.xtec.cat\/iessantaeugenia\/batxillerat\/2n-de-batxillerat-homenatja-merce-rodoreda\/","title":{"rendered":"Segon de Batxillerat homenatja Merc\u00e8 Rodoreda"},"content":{"rendered":"<p>L\u2019alumnat de 2n de Batxillerat, a les acaballes de batxillerat, han homenatjat Merc\u00e8 Rodoreda a Romany\u00e0 de la Selva.<\/p>\n<p>Els han acompanyat les professores Maite Mir\u00f3, Susan Ros, Anna Sarsanedas i Dolors Vilamitjana. Han repassat l\u2019obra de l\u2019escriptora, els t\u00edtols emblem\u00e0tics i tamb\u00e9 han observat els grans monuments de pedra: El Menhir de la Murtra i el Dolmen de Romany\u00e0.<\/p>\n<p>El moment m\u00e9s emotiu ha estat la lectura de textos davant la tomba\u00a0de Merc\u00e8 Rodoreda.<\/p>\n<p>Despr\u00e9s de la foto obligada al dolmen\u00a0d\u2019en Daina, l\u2019alumnat ha pogut gaudir de tres hores de\u00a0lleure a Platja d&#8217;Aro.<\/p>\n<p>Un dia inoblidable!<\/p>\n<p>Dolors Vilamitjana<\/p>\n<p><iframe loading=\"lazy\" title=\"Ofrena floral a Merc\u00e8 Rodoreda\" width=\"500\" height=\"281\" src=\"https:\/\/www.youtube.com\/embed\/RtWvnaM7IYc?feature=oembed\" frameborder=\"0\" allow=\"accelerometer; autoplay; clipboard-write; encrypted-media; gyroscope; picture-in-picture; web-share\" referrerpolicy=\"strict-origin-when-cross-origin\" allowfullscreen><\/iframe><\/p>\n<p><a href=\"https:\/\/agora.xtec.cat\/iessantaeugenia\/wp-content\/uploads\/usu1801\/2024\/04\/11.png\"><img loading=\"lazy\" decoding=\"async\" class=\"alignnone size-full wp-image-10805\" src=\"https:\/\/agora.xtec.cat\/iessantaeugenia\/wp-content\/uploads\/usu1801\/2024\/04\/11.png\" alt=\"\" width=\"871\" height=\"694\" srcset=\"https:\/\/agora.xtec.cat\/iessantaeugenia\/wp-content\/uploads\/usu1801\/2024\/04\/11.png 871w, https:\/\/agora.xtec.cat\/iessantaeugenia\/wp-content\/uploads\/usu1801\/2024\/04\/11-300x239.png 300w, https:\/\/agora.xtec.cat\/iessantaeugenia\/wp-content\/uploads\/usu1801\/2024\/04\/11-768x612.png 768w\" sizes=\"auto, (max-width: 871px) 100vw, 871px\" \/><\/a><\/p>\n","protected":false},"excerpt":{"rendered":"<p>L\u2019alumnat de 2n de Batxillerat, a les acaballes de batxillerat, han homenatjat Merc\u00e8 Rodoreda a Romany\u00e0 de la Selva.<br \/>\nEls han acompanyat les professores Maite Mir\u00f3, Susan Ros, Anna Sarsanedas i Dolors Vilamitjana. Han repassat l\u2019obra de l\u2019escriptora, els t\u00edtols emblem\u00e0tics i tamb\u00e9 han observat els&hellip;  <a href=\"https:\/\/agora.xtec.cat\/iessantaeugenia\/batxillerat\/2n-de-batxillerat-homenatja-merce-rodoreda\/\" title=\"Read Segon de Batxillerat homenatja Merc\u00e8 Rodoreda\">Llegeix m\u00e9s\u00bb<\/a><\/p>\n","protected":false},"author":1,"featured_media":10804,"comment_status":"closed","ping_status":"closed","sticky":false,"template":"","format":"standard","meta":{"_bbp_topic_count":0,"_bbp_reply_count":0,"_bbp_total_topic_count":0,"_bbp_total_reply_count":0,"_bbp_voice_count":0,"_bbp_anonymous_reply_count":0,"_bbp_topic_count_hidden":0,"_bbp_reply_count_hidden":0,"_bbp_forum_subforum_count":0,"footnotes":""},"categories":[8,29],"tags":[],"class_list":["post-10802","post","type-post","status-publish","format-standard","has-post-thumbnail","hentry","category-batxillerat","category-portada"],"post_mailing_queue_ids":[],"_links":{"self":[{"href":"https:\/\/agora.xtec.cat\/iessantaeugenia\/wp-json\/wp\/v2\/posts\/10802","targetHints":{"allow":["GET"]}}],"collection":[{"href":"https:\/\/agora.xtec.cat\/iessantaeugenia\/wp-json\/wp\/v2\/posts"}],"about":[{"href":"https:\/\/agora.xtec.cat\/iessantaeugenia\/wp-json\/wp\/v2\/types\/post"}],"author":[{"embeddable":true,"href":"https:\/\/agora.xtec.cat\/iessantaeugenia\/wp-json\/wp\/v2\/users\/1"}],"replies":[{"embeddable":true,"href":"https:\/\/agora.xtec.cat\/iessantaeugenia\/wp-json\/wp\/v2\/comments?post=10802"}],"version-history":[{"count":2,"href":"https:\/\/agora.xtec.cat\/iessantaeugenia\/wp-json\/wp\/v2\/posts\/10802\/revisions"}],"predecessor-version":[{"id":10807,"href":"https:\/\/agora.xtec.cat\/iessantaeugenia\/wp-json\/wp\/v2\/posts\/10802\/revisions\/10807"}],"wp:featuredmedia":[{"embeddable":true,"href":"https:\/\/agora.xtec.cat\/iessantaeugenia\/wp-json\/wp\/v2\/media\/10804"}],"wp:attachment":[{"href":"https:\/\/agora.xtec.cat\/iessantaeugenia\/wp-json\/wp\/v2\/media?parent=10802"}],"wp:term":[{"taxonomy":"category","embeddable":true,"href":"https:\/\/agora.xtec.cat\/iessantaeugenia\/wp-json\/wp\/v2\/categories?post=10802"},{"taxonomy":"post_tag","embeddable":true,"href":"https:\/\/agora.xtec.cat\/iessantaeugenia\/wp-json\/wp\/v2\/tags?post=10802"}],"curies":[{"name":"wp","href":"https:\/\/api.w.org\/{rel}","templated":true}]}}