{"id":10683,"date":"2024-03-28T18:00:31","date_gmt":"2024-03-28T17:00:31","guid":{"rendered":"https:\/\/agora.xtec.cat\/iessantaeugenia\/?p=10683"},"modified":"2024-04-10T12:45:07","modified_gmt":"2024-04-10T10:45:07","slug":"jornada-de-portes-obertes-de-cicles-formatius-i-batxillerat","status":"publish","type":"post","link":"https:\/\/agora.xtec.cat\/iessantaeugenia\/general\/jornada-de-portes-obertes-de-cicles-formatius-i-batxillerat\/","title":{"rendered":"Jornada de Portes Obertes dels Cicles Formatius i Batxillerat"},"content":{"rendered":"<p><span style=\"font-weight: 400;\">El dimarts 16 d\u2019abril tindr\u00e0 lloc la Jornada de Portes Obertes dels nostres Cicles Formatius i Batxillerat a partir de les 19 h de la tarda.<\/span><\/p>\n<p><span style=\"font-weight: 400;\">Totes aquelles fam\u00edlies i estudiants interessats en l\u2019oferta formativa que oferim a l\u2019Institut Santa Eug\u00e8nia esteu convidats a aquesta trobada on us explicarem el nostre Projecte Educatiu de centre, aix\u00ed com les especificitats de cada cicle formatiu i del batxillerat.<\/span><\/p>\n<p><span style=\"font-weight: 400;\">L\u2019esdeveniment comen\u00e7ar\u00e0 amb una rebuda per part del director i del cap d\u2019estudis on s\u2019explicar\u00e0 els trets generals de l\u2019educaci\u00f3 postobligat\u00f2ria. Posteriorment, cada persona podr\u00e0 accedir a la xerrada del cicle formatiu o batxillerat que li sembli m\u00e9s interessant, la qual ser\u00e0 impartida pel seu propi equip docent. Aix\u00ed mateix, es mostraran les aules i tallers on es duran a terme aquests estudis.\u00a0<\/span><\/p>\n<p><span style=\"font-weight: 400;\">Per assistir a l\u2019acte no cal inscripci\u00f3 pr\u00e8via, tan sols s\u2019ha de venir a la direcci\u00f3 de l\u2019institut c\/Enric Marqu\u00e8s Vilalta, 3 de Girona en la data i hora indicades anteriorment. <\/span><\/p>\n<p>Fent <a href=\"https:\/\/docs.google.com\/document\/d\/1SYKnA_D2CsrNyBiGRpmobLo1_P7Zq4QO\/edit?usp=sharing&amp;ouid=112088197383943414889&amp;rtpof=true&amp;sd=true\">clic aqu\u00ed<\/a> podreu llegir la carta d&#8217;invitaci\u00f3 enviada pel nostre centre i accedir <a href=\"https:\/\/sites.google.com\/isantaeugenia.cat\/isantaeugenia-catalegs\/inici\">telem\u00e0ticament<\/a> a la jornada en cas que no s&#8217;hi pugui assistir presencialment.<\/p>\n<p><span style=\"font-weight: 400;\">Us hi esperem!<\/span><\/p>\n<p><a href=\"https:\/\/agora.xtec.cat\/iessantaeugenia\/wp-content\/uploads\/usu1801\/2024\/03\/FP-BAT_JPO_2024_cartell_1080X1080_igpost-2.jpg\"><img loading=\"lazy\" decoding=\"async\" class=\"alignnone wp-image-10684\" src=\"https:\/\/agora.xtec.cat\/iessantaeugenia\/wp-content\/uploads\/usu1801\/2024\/03\/FP-BAT_JPO_2024_cartell_1080X1080_igpost-2-1024x1024.jpg\" alt=\"\" width=\"500\" height=\"500\" srcset=\"https:\/\/agora.xtec.cat\/iessantaeugenia\/wp-content\/uploads\/usu1801\/2024\/03\/FP-BAT_JPO_2024_cartell_1080X1080_igpost-2-1024x1024.jpg 1024w, https:\/\/agora.xtec.cat\/iessantaeugenia\/wp-content\/uploads\/usu1801\/2024\/03\/FP-BAT_JPO_2024_cartell_1080X1080_igpost-2-300x300.jpg 300w, https:\/\/agora.xtec.cat\/iessantaeugenia\/wp-content\/uploads\/usu1801\/2024\/03\/FP-BAT_JPO_2024_cartell_1080X1080_igpost-2-150x150.jpg 150w, https:\/\/agora.xtec.cat\/iessantaeugenia\/wp-content\/uploads\/usu1801\/2024\/03\/FP-BAT_JPO_2024_cartell_1080X1080_igpost-2-768x768.jpg 768w, https:\/\/agora.xtec.cat\/iessantaeugenia\/wp-content\/uploads\/usu1801\/2024\/03\/FP-BAT_JPO_2024_cartell_1080X1080_igpost-2.jpg 1080w\" sizes=\"auto, (max-width: 500px) 100vw, 500px\" \/><\/a><\/p>\n","protected":false},"excerpt":{"rendered":"<p>El dimarts 16 d\u2019abril tindr\u00e0 lloc la Jornada de Portes Obertes dels nostres Cicles Formatius i Batxillerat a partir de les 19 h de la tarda.<br \/>\nTotes aquelles fam\u00edlies i estudiants interessats en l\u2019oferta formativa que oferim a l\u2019Institut Santa Eug\u00e8nia esteu convidats a aquesta trobada&hellip;  <a href=\"https:\/\/agora.xtec.cat\/iessantaeugenia\/general\/jornada-de-portes-obertes-de-cicles-formatius-i-batxillerat\/\" title=\"Read Jornada de Portes Obertes dels Cicles Formatius i Batxillerat\">Llegeix m\u00e9s\u00bb<\/a><\/p>\n","protected":false},"author":1,"featured_media":10668,"comment_status":"closed","ping_status":"closed","sticky":false,"template":"","format":"standard","meta":{"_bbp_topic_count":0,"_bbp_reply_count":0,"_bbp_total_topic_count":0,"_bbp_total_reply_count":0,"_bbp_voice_count":0,"_bbp_anonymous_reply_count":0,"_bbp_topic_count_hidden":0,"_bbp_reply_count_hidden":0,"_bbp_forum_subforum_count":0,"footnotes":""},"categories":[8,30,1,29],"tags":[],"class_list":["post-10683","post","type-post","status-publish","format-standard","has-post-thumbnail","hentry","category-batxillerat","category-cicles-formatius","category-general","category-portada"],"post_mailing_queue_ids":[],"_links":{"self":[{"href":"https:\/\/agora.xtec.cat\/iessantaeugenia\/wp-json\/wp\/v2\/posts\/10683","targetHints":{"allow":["GET"]}}],"collection":[{"href":"https:\/\/agora.xtec.cat\/iessantaeugenia\/wp-json\/wp\/v2\/posts"}],"about":[{"href":"https:\/\/agora.xtec.cat\/iessantaeugenia\/wp-json\/wp\/v2\/types\/post"}],"author":[{"embeddable":true,"href":"https:\/\/agora.xtec.cat\/iessantaeugenia\/wp-json\/wp\/v2\/users\/1"}],"replies":[{"embeddable":true,"href":"https:\/\/agora.xtec.cat\/iessantaeugenia\/wp-json\/wp\/v2\/comments?post=10683"}],"version-history":[{"count":6,"href":"https:\/\/agora.xtec.cat\/iessantaeugenia\/wp-json\/wp\/v2\/posts\/10683\/revisions"}],"predecessor-version":[{"id":10711,"href":"https:\/\/agora.xtec.cat\/iessantaeugenia\/wp-json\/wp\/v2\/posts\/10683\/revisions\/10711"}],"wp:featuredmedia":[{"embeddable":true,"href":"https:\/\/agora.xtec.cat\/iessantaeugenia\/wp-json\/wp\/v2\/media\/10668"}],"wp:attachment":[{"href":"https:\/\/agora.xtec.cat\/iessantaeugenia\/wp-json\/wp\/v2\/media?parent=10683"}],"wp:term":[{"taxonomy":"category","embeddable":true,"href":"https:\/\/agora.xtec.cat\/iessantaeugenia\/wp-json\/wp\/v2\/categories?post=10683"},{"taxonomy":"post_tag","embeddable":true,"href":"https:\/\/agora.xtec.cat\/iessantaeugenia\/wp-json\/wp\/v2\/tags?post=10683"}],"curies":[{"name":"wp","href":"https:\/\/api.w.org\/{rel}","templated":true}]}}