{"id":10599,"date":"2024-03-19T13:23:56","date_gmt":"2024-03-19T12:23:56","guid":{"rendered":"https:\/\/agora.xtec.cat\/iessantaeugenia\/?p=10599"},"modified":"2024-03-19T13:25:24","modified_gmt":"2024-03-19T12:25:24","slug":"acollim-quatre-professors-per-planificar-un-projecte-erasmus","status":"publish","type":"post","link":"https:\/\/agora.xtec.cat\/iessantaeugenia\/portada\/acollim-quatre-professors-per-planificar-un-projecte-erasmus\/","title":{"rendered":"Acollim quatre professors per planificar un projecte Erasmus"},"content":{"rendered":"<p><span style=\"font-weight: 400;\">Recentment han estat <\/span><span style=\"font-weight: 400;\">a l&#8217;Institut Santa Eug\u00e8nia quatre professors convidats, dos de B\u00e8lgica i dos de Fran\u00e7a. Han vingut amb la intenci\u00f3 de planificar un projecte Erasmus que es diu &#8220;PS2ET&#8221; i han estat aqu\u00ed durant tres dies.\u00a0<\/span><\/p>\n<p><span style=\"font-weight: 400;\">El projecte es fa a la part de cicles formatius del nostre institut, en concret amb els el\u00e8ctrics de grau mitj\u00e0 de primer any, i continuar\u00e0 l&#8217;any vinent amb els mateixos alumnes quan estiguin al segon curs del seu cicle. Aix\u00ed mateix, el curs vinent hi haur\u00e0 mobilitats d&#8217;alumnes relacionades amb aquest projecte en concret.<\/span><\/p>\n<p><a href=\"https:\/\/agora.xtec.cat\/iessantaeugenia\/wp-content\/uploads\/usu1801\/2024\/03\/x-erasmus-institut-girona-04.jpg\"><img loading=\"lazy\" decoding=\"async\" class=\"alignnone wp-image-10603\" src=\"https:\/\/agora.xtec.cat\/iessantaeugenia\/wp-content\/uploads\/usu1801\/2024\/03\/x-erasmus-institut-girona-04-1024x576.jpg\" alt=\"\" width=\"600\" height=\"338\" srcset=\"https:\/\/agora.xtec.cat\/iessantaeugenia\/wp-content\/uploads\/usu1801\/2024\/03\/x-erasmus-institut-girona-04-1024x576.jpg 1024w, https:\/\/agora.xtec.cat\/iessantaeugenia\/wp-content\/uploads\/usu1801\/2024\/03\/x-erasmus-institut-girona-04-300x169.jpg 300w, https:\/\/agora.xtec.cat\/iessantaeugenia\/wp-content\/uploads\/usu1801\/2024\/03\/x-erasmus-institut-girona-04-768x432.jpg 768w, https:\/\/agora.xtec.cat\/iessantaeugenia\/wp-content\/uploads\/usu1801\/2024\/03\/x-erasmus-institut-girona-04-1536x864.jpg 1536w, https:\/\/agora.xtec.cat\/iessantaeugenia\/wp-content\/uploads\/usu1801\/2024\/03\/x-erasmus-institut-girona-04.jpg 1600w\" sizes=\"auto, (max-width: 600px) 100vw, 600px\" \/><\/a><\/p>\n<p><a href=\"https:\/\/agora.xtec.cat\/iessantaeugenia\/wp-content\/uploads\/usu1801\/2024\/03\/x-erasmus-institut-girona-01.jpg\"><img loading=\"lazy\" decoding=\"async\" class=\"alignnone wp-image-10600\" src=\"https:\/\/agora.xtec.cat\/iessantaeugenia\/wp-content\/uploads\/usu1801\/2024\/03\/x-erasmus-institut-girona-01-1024x576.jpg\" alt=\"\" width=\"600\" height=\"338\" srcset=\"https:\/\/agora.xtec.cat\/iessantaeugenia\/wp-content\/uploads\/usu1801\/2024\/03\/x-erasmus-institut-girona-01-1024x576.jpg 1024w, https:\/\/agora.xtec.cat\/iessantaeugenia\/wp-content\/uploads\/usu1801\/2024\/03\/x-erasmus-institut-girona-01-300x169.jpg 300w, https:\/\/agora.xtec.cat\/iessantaeugenia\/wp-content\/uploads\/usu1801\/2024\/03\/x-erasmus-institut-girona-01-768x432.jpg 768w, https:\/\/agora.xtec.cat\/iessantaeugenia\/wp-content\/uploads\/usu1801\/2024\/03\/x-erasmus-institut-girona-01-1536x864.jpg 1536w, https:\/\/agora.xtec.cat\/iessantaeugenia\/wp-content\/uploads\/usu1801\/2024\/03\/x-erasmus-institut-girona-01.jpg 1600w\" sizes=\"auto, (max-width: 600px) 100vw, 600px\" \/><\/a><\/p>\n","protected":false},"excerpt":{"rendered":"<p>Recentment han estat a l&#8217;Institut Santa Eug\u00e8nia quatre professors convidats, dos de B\u00e8lgica i dos de Fran\u00e7a. Han vingut amb la intenci\u00f3 de planificar un projecte Erasmus que es diu &#8220;PS2ET&#8221; i han estat aqu\u00ed durant tres dies.\u00a0<br \/>\nEl projecte es fa a la part de&hellip;  <a href=\"https:\/\/agora.xtec.cat\/iessantaeugenia\/portada\/acollim-quatre-professors-per-planificar-un-projecte-erasmus\/\" title=\"Read Acollim quatre professors per planificar un projecte Erasmus\">Llegeix m\u00e9s\u00bb<\/a><\/p>\n","protected":false},"author":1,"featured_media":10602,"comment_status":"closed","ping_status":"closed","sticky":false,"template":"","format":"standard","meta":{"_bbp_topic_count":0,"_bbp_reply_count":0,"_bbp_total_topic_count":0,"_bbp_total_reply_count":0,"_bbp_voice_count":0,"_bbp_anonymous_reply_count":0,"_bbp_topic_count_hidden":0,"_bbp_reply_count_hidden":0,"_bbp_forum_subforum_count":0,"footnotes":""},"categories":[30,29],"tags":[],"class_list":["post-10599","post","type-post","status-publish","format-standard","has-post-thumbnail","hentry","category-cicles-formatius","category-portada"],"post_mailing_queue_ids":[],"_links":{"self":[{"href":"https:\/\/agora.xtec.cat\/iessantaeugenia\/wp-json\/wp\/v2\/posts\/10599","targetHints":{"allow":["GET"]}}],"collection":[{"href":"https:\/\/agora.xtec.cat\/iessantaeugenia\/wp-json\/wp\/v2\/posts"}],"about":[{"href":"https:\/\/agora.xtec.cat\/iessantaeugenia\/wp-json\/wp\/v2\/types\/post"}],"author":[{"embeddable":true,"href":"https:\/\/agora.xtec.cat\/iessantaeugenia\/wp-json\/wp\/v2\/users\/1"}],"replies":[{"embeddable":true,"href":"https:\/\/agora.xtec.cat\/iessantaeugenia\/wp-json\/wp\/v2\/comments?post=10599"}],"version-history":[{"count":3,"href":"https:\/\/agora.xtec.cat\/iessantaeugenia\/wp-json\/wp\/v2\/posts\/10599\/revisions"}],"predecessor-version":[{"id":10606,"href":"https:\/\/agora.xtec.cat\/iessantaeugenia\/wp-json\/wp\/v2\/posts\/10599\/revisions\/10606"}],"wp:featuredmedia":[{"embeddable":true,"href":"https:\/\/agora.xtec.cat\/iessantaeugenia\/wp-json\/wp\/v2\/media\/10602"}],"wp:attachment":[{"href":"https:\/\/agora.xtec.cat\/iessantaeugenia\/wp-json\/wp\/v2\/media?parent=10599"}],"wp:term":[{"taxonomy":"category","embeddable":true,"href":"https:\/\/agora.xtec.cat\/iessantaeugenia\/wp-json\/wp\/v2\/categories?post=10599"},{"taxonomy":"post_tag","embeddable":true,"href":"https:\/\/agora.xtec.cat\/iessantaeugenia\/wp-json\/wp\/v2\/tags?post=10599"}],"curies":[{"name":"wp","href":"https:\/\/api.w.org\/{rel}","templated":true}]}}