{"id":10437,"date":"2024-02-29T22:29:58","date_gmt":"2024-02-29T21:29:58","guid":{"rendered":"https:\/\/agora.xtec.cat\/iessantaeugenia\/?p=10437"},"modified":"2024-02-29T22:36:19","modified_gmt":"2024-02-29T21:36:19","slug":"tv-girona-fa-difusio-del-projecte-oficis-antics-al-seu-programa-fil-directe","status":"publish","type":"post","link":"https:\/\/agora.xtec.cat\/iessantaeugenia\/portada\/tv-girona-fa-difusio-del-projecte-oficis-antics-al-seu-programa-fil-directe\/","title":{"rendered":"TV Girona fa difusi\u00f3 del projecte Oficis Antics al seu programa Fil Directe"},"content":{"rendered":"<p>L\u2019alumnat de l\u2019Institut Santa Eug\u00e8nia de Girona ha posat en relleu el fet que els costums van canviant i que, cada dia, la nova tecnologia inunda el nostre dia a dia, deixant a l&#8217;oblit professions i oficis que, fa uns anys, van ser essencials, com ara el campaner, el rellotger, l\u2019esmolet, l\u2019enllustrador, el carboner, l\u2019escura-xemeneies, el cisteller&#8230; i tants d\u2019altres.<\/p>\n<p>S\u00f3n conscients que molts oficis han estat substitu\u00efts per una m\u00e0quina. \u00c9s per aix\u00f2 que, seguint el projecte <strong>IMPULS PER AL CATAL\u00c0, que aquest curs posa en valor els OFICIS ANTICS <\/strong>i que duu a terme el Departament de Catal\u00e0 del nostre centre, s\u2019han proposat de recordar aquells oficis que estan en vies d\u2019extinci\u00f3, per\u00f2 que encara sobreviuen.<\/p>\n<p>Han volgut recordar i reivindicar tots aquells oficis que un dia van ser tan importants i que avui dia ja no hi s\u00f3n, o en queden pocs, fent <strong>reportatges i entrevistes fora de l\u2019aula, auques, lapbooks, contes&#8230;<\/strong><\/p>\n<p>Tan b\u00e9 ho han fet que <strong>TV GIRONA<\/strong> ha vingut a fer-ne un reportatge per al seu programa <strong>FIL DIRECTE. Aprofitem l\u2019ocasi\u00f3 per agrair-los el fet de venir a fer-ne difusi\u00f3 a les seves xarxes.<\/strong><\/p>\n<p>Certament, els oficis antics determinen el p\u00f2sit cultural d\u2019un poble o d\u2019una cultura.<\/p>\n<p><strong>Reivindicar aquests oficis antics \u00e9s el que el Departament de Catal\u00e0 ha volgut posar en relleu amb aquest projecte.<\/strong><\/p>\n<p>V\u00eddeo de TV Girona:<br \/>\n<iframe loading=\"lazy\" title=\"TV de Girona promociona el projecte del centre Oficis antics\" width=\"500\" height=\"281\" src=\"https:\/\/www.youtube.com\/embed\/zgW2iLVJX4c?feature=oembed\" frameborder=\"0\" allow=\"accelerometer; autoplay; clipboard-write; encrypted-media; gyroscope; picture-in-picture; web-share\" referrerpolicy=\"strict-origin-when-cross-origin\" allowfullscreen><\/iframe><\/p>\n<p>V\u00eddeo de l&#8217;Ins Santa Eug\u00e8nia:<br \/>\n<iframe loading=\"lazy\" title=\"TV de Girona visita el nostre centre!\" width=\"500\" height=\"281\" src=\"https:\/\/www.youtube.com\/embed\/xNubOvNc_bQ?feature=oembed\" frameborder=\"0\" allow=\"accelerometer; autoplay; clipboard-write; encrypted-media; gyroscope; picture-in-picture; web-share\" referrerpolicy=\"strict-origin-when-cross-origin\" allowfullscreen><\/iframe><\/p>\n<p><a href=\"https:\/\/agora.xtec.cat\/iessantaeugenia\/wp-content\/uploads\/usu1801\/2024\/02\/x-entrevista-institut-catala-santa-eugenia-02.jpg\"><img loading=\"lazy\" decoding=\"async\" class=\"alignnone size-large wp-image-10438\" src=\"https:\/\/agora.xtec.cat\/iessantaeugenia\/wp-content\/uploads\/usu1801\/2024\/02\/x-entrevista-institut-catala-santa-eugenia-02-1024x576.jpg\" alt=\"\" width=\"1024\" height=\"576\" srcset=\"https:\/\/agora.xtec.cat\/iessantaeugenia\/wp-content\/uploads\/usu1801\/2024\/02\/x-entrevista-institut-catala-santa-eugenia-02-1024x576.jpg 1024w, https:\/\/agora.xtec.cat\/iessantaeugenia\/wp-content\/uploads\/usu1801\/2024\/02\/x-entrevista-institut-catala-santa-eugenia-02-300x169.jpg 300w, https:\/\/agora.xtec.cat\/iessantaeugenia\/wp-content\/uploads\/usu1801\/2024\/02\/x-entrevista-institut-catala-santa-eugenia-02-768x432.jpg 768w, https:\/\/agora.xtec.cat\/iessantaeugenia\/wp-content\/uploads\/usu1801\/2024\/02\/x-entrevista-institut-catala-santa-eugenia-02-1536x864.jpg 1536w, https:\/\/agora.xtec.cat\/iessantaeugenia\/wp-content\/uploads\/usu1801\/2024\/02\/x-entrevista-institut-catala-santa-eugenia-02.jpg 1600w\" sizes=\"auto, (max-width: 1024px) 100vw, 1024px\" \/><\/a><\/p>\n","protected":false},"excerpt":{"rendered":"<p>L\u2019alumnat de l\u2019Institut Santa Eug\u00e8nia de Girona ha posat en relleu el fet que els costums van canviant i que, cada dia, la nova tecnologia inunda el nostre dia a dia, deixant a l&#8217;oblit professions i oficis que, fa uns anys, van ser essencials, com&hellip;  <a href=\"https:\/\/agora.xtec.cat\/iessantaeugenia\/portada\/tv-girona-fa-difusio-del-projecte-oficis-antics-al-seu-programa-fil-directe\/\" title=\"Read TV Girona fa difusi\u00f3 del projecte Oficis Antics al seu programa Fil Directe\">Llegeix m\u00e9s\u00bb<\/a><\/p>\n","protected":false},"author":1,"featured_media":10438,"comment_status":"closed","ping_status":"closed","sticky":false,"template":"","format":"standard","meta":{"_bbp_topic_count":0,"_bbp_reply_count":0,"_bbp_total_topic_count":0,"_bbp_total_reply_count":0,"_bbp_voice_count":0,"_bbp_anonymous_reply_count":0,"_bbp_topic_count_hidden":0,"_bbp_reply_count_hidden":0,"_bbp_forum_subforum_count":0,"footnotes":""},"categories":[120,29],"tags":[],"class_list":["post-10437","post","type-post","status-publish","format-standard","has-post-thumbnail","hentry","category-eso","category-portada"],"post_mailing_queue_ids":[],"_links":{"self":[{"href":"https:\/\/agora.xtec.cat\/iessantaeugenia\/wp-json\/wp\/v2\/posts\/10437","targetHints":{"allow":["GET"]}}],"collection":[{"href":"https:\/\/agora.xtec.cat\/iessantaeugenia\/wp-json\/wp\/v2\/posts"}],"about":[{"href":"https:\/\/agora.xtec.cat\/iessantaeugenia\/wp-json\/wp\/v2\/types\/post"}],"author":[{"embeddable":true,"href":"https:\/\/agora.xtec.cat\/iessantaeugenia\/wp-json\/wp\/v2\/users\/1"}],"replies":[{"embeddable":true,"href":"https:\/\/agora.xtec.cat\/iessantaeugenia\/wp-json\/wp\/v2\/comments?post=10437"}],"version-history":[{"count":3,"href":"https:\/\/agora.xtec.cat\/iessantaeugenia\/wp-json\/wp\/v2\/posts\/10437\/revisions"}],"predecessor-version":[{"id":10441,"href":"https:\/\/agora.xtec.cat\/iessantaeugenia\/wp-json\/wp\/v2\/posts\/10437\/revisions\/10441"}],"wp:featuredmedia":[{"embeddable":true,"href":"https:\/\/agora.xtec.cat\/iessantaeugenia\/wp-json\/wp\/v2\/media\/10438"}],"wp:attachment":[{"href":"https:\/\/agora.xtec.cat\/iessantaeugenia\/wp-json\/wp\/v2\/media?parent=10437"}],"wp:term":[{"taxonomy":"category","embeddable":true,"href":"https:\/\/agora.xtec.cat\/iessantaeugenia\/wp-json\/wp\/v2\/categories?post=10437"},{"taxonomy":"post_tag","embeddable":true,"href":"https:\/\/agora.xtec.cat\/iessantaeugenia\/wp-json\/wp\/v2\/tags?post=10437"}],"curies":[{"name":"wp","href":"https:\/\/api.w.org\/{rel}","templated":true}]}}