{"id":10415,"date":"2024-02-26T16:13:22","date_gmt":"2024-02-26T15:13:22","guid":{"rendered":"https:\/\/agora.xtec.cat\/iessantaeugenia\/?p=10415"},"modified":"2024-02-26T16:13:22","modified_gmt":"2024-02-26T15:13:22","slug":"debat-sobre-esport-i-genere-a-2n-deso","status":"publish","type":"post","link":"https:\/\/agora.xtec.cat\/iessantaeugenia\/general\/debat-sobre-esport-i-genere-a-2n-deso\/","title":{"rendered":"Debat sobre esport i g\u00e8nere a 2n d&#8217;ESO"},"content":{"rendered":"<p>L\u2019alumnat de 2n d\u2019ESO va participar recentment a una de les trobades de debat sobre esport i g\u00e8nere que organitza el Consell Esportiu del Giron\u00e8s en col\u00b7laboraci\u00f3 amb diferents centres educatius de secund\u00e0ria de Girona, entre ells l&#8217;institut Santa Eug\u00e8nia, i que s&#8217;emmarquen dins la <a href=\"https:\/\/web.girona.cat\/jornadaesportfemeni\">Jornada de l&#8217;Esport Femen\u00ed de Girona.<\/a><\/p>\n<p>A la trobada, que es va desenvolupar al nostre centre, la coordinadora de la jornada i ponent, Olga Praderas va plantejar als nois i noies q\u00fcestions diverses relacionades amb l\u2019esport, com per exemple com el practiquen, com s\u2019hi identifiquen i com el valoren, i se\u2019ls convida a reflexionar sobre la influ\u00e8ncia dels estereotips i de l\u2019imaginari social del seu entorn.<\/p>\n<p>Durant la sessi\u00f3 tamb\u00e9 es va recalcar la import\u00e0ncia de fer activitat f\u00edsica i de mantenir-se actius per adquirir h\u00e0bits saludables i valors integrats amb la pr\u00e0ctica esportiva, com ara l\u2019esfor\u00e7, la const\u00e0ncia i la superaci\u00f3 personal.<\/p>\n<p><a href=\"https:\/\/agora.xtec.cat\/iessantaeugenia\/wp-content\/uploads\/usu1801\/2024\/02\/1-2.jpg\"><img loading=\"lazy\" decoding=\"async\" class=\"alignnone size-large wp-image-10416\" src=\"https:\/\/agora.xtec.cat\/iessantaeugenia\/wp-content\/uploads\/usu1801\/2024\/02\/1-2-1024x768.jpg\" alt=\"\" width=\"1024\" height=\"768\" srcset=\"https:\/\/agora.xtec.cat\/iessantaeugenia\/wp-content\/uploads\/usu1801\/2024\/02\/1-2-1024x768.jpg 1024w, https:\/\/agora.xtec.cat\/iessantaeugenia\/wp-content\/uploads\/usu1801\/2024\/02\/1-2-300x225.jpg 300w, https:\/\/agora.xtec.cat\/iessantaeugenia\/wp-content\/uploads\/usu1801\/2024\/02\/1-2-768x576.jpg 768w, https:\/\/agora.xtec.cat\/iessantaeugenia\/wp-content\/uploads\/usu1801\/2024\/02\/1-2-1536x1152.jpg 1536w, https:\/\/agora.xtec.cat\/iessantaeugenia\/wp-content\/uploads\/usu1801\/2024\/02\/1-2-200x150.jpg 200w, https:\/\/agora.xtec.cat\/iessantaeugenia\/wp-content\/uploads\/usu1801\/2024\/02\/1-2.jpg 1600w\" sizes=\"auto, (max-width: 1024px) 100vw, 1024px\" \/><\/a> <a href=\"https:\/\/agora.xtec.cat\/iessantaeugenia\/wp-content\/uploads\/usu1801\/2024\/02\/2-2.jpg\"><img loading=\"lazy\" decoding=\"async\" class=\"alignnone size-large wp-image-10417\" src=\"https:\/\/agora.xtec.cat\/iessantaeugenia\/wp-content\/uploads\/usu1801\/2024\/02\/2-2-1024x768.jpg\" alt=\"\" width=\"1024\" height=\"768\" srcset=\"https:\/\/agora.xtec.cat\/iessantaeugenia\/wp-content\/uploads\/usu1801\/2024\/02\/2-2-1024x768.jpg 1024w, https:\/\/agora.xtec.cat\/iessantaeugenia\/wp-content\/uploads\/usu1801\/2024\/02\/2-2-300x225.jpg 300w, https:\/\/agora.xtec.cat\/iessantaeugenia\/wp-content\/uploads\/usu1801\/2024\/02\/2-2-768x576.jpg 768w, https:\/\/agora.xtec.cat\/iessantaeugenia\/wp-content\/uploads\/usu1801\/2024\/02\/2-2-1536x1152.jpg 1536w, https:\/\/agora.xtec.cat\/iessantaeugenia\/wp-content\/uploads\/usu1801\/2024\/02\/2-2-200x150.jpg 200w, https:\/\/agora.xtec.cat\/iessantaeugenia\/wp-content\/uploads\/usu1801\/2024\/02\/2-2.jpg 1600w\" sizes=\"auto, (max-width: 1024px) 100vw, 1024px\" \/><\/a> <a href=\"https:\/\/agora.xtec.cat\/iessantaeugenia\/wp-content\/uploads\/usu1801\/2024\/02\/Jornada-Esport-Femeni-2024-visors_900x374px.jpg\"><img loading=\"lazy\" decoding=\"async\" class=\"alignnone  wp-image-10418\" src=\"https:\/\/agora.xtec.cat\/iessantaeugenia\/wp-content\/uploads\/usu1801\/2024\/02\/Jornada-Esport-Femeni-2024-visors_900x374px.jpg\" alt=\"\" width=\"979\" height=\"407\" srcset=\"https:\/\/agora.xtec.cat\/iessantaeugenia\/wp-content\/uploads\/usu1801\/2024\/02\/Jornada-Esport-Femeni-2024-visors_900x374px.jpg 900w, https:\/\/agora.xtec.cat\/iessantaeugenia\/wp-content\/uploads\/usu1801\/2024\/02\/Jornada-Esport-Femeni-2024-visors_900x374px-300x125.jpg 300w, https:\/\/agora.xtec.cat\/iessantaeugenia\/wp-content\/uploads\/usu1801\/2024\/02\/Jornada-Esport-Femeni-2024-visors_900x374px-768x319.jpg 768w\" sizes=\"auto, (max-width: 979px) 100vw, 979px\" \/><\/a><\/p>\n","protected":false},"excerpt":{"rendered":"<p>L\u2019alumnat de 2n d\u2019ESO va participar recentment a una de les trobades de debat sobre esport i g\u00e8nere que organitza el Consell Esportiu del Giron\u00e8s en col\u00b7laboraci\u00f3 amb diferents centres educatius de secund\u00e0ria de Girona, entre ells l&#8217;institut Santa Eug\u00e8nia, i que s&#8217;emmarquen dins la&hellip;  <a href=\"https:\/\/agora.xtec.cat\/iessantaeugenia\/general\/debat-sobre-esport-i-genere-a-2n-deso\/\" title=\"Read Debat sobre esport i g\u00e8nere a 2n d&#8217;ESO\">Llegeix m\u00e9s\u00bb<\/a><\/p>\n","protected":false},"author":1,"featured_media":10416,"comment_status":"closed","ping_status":"closed","sticky":false,"template":"","format":"standard","meta":{"_bbp_topic_count":0,"_bbp_reply_count":0,"_bbp_total_topic_count":0,"_bbp_total_reply_count":0,"_bbp_voice_count":0,"_bbp_anonymous_reply_count":0,"_bbp_topic_count_hidden":0,"_bbp_reply_count_hidden":0,"_bbp_forum_subforum_count":0,"footnotes":""},"categories":[113,120,1,29],"tags":[],"class_list":["post-10415","post","type-post","status-publish","format-standard","has-post-thumbnail","hentry","category-2eso","category-eso","category-general","category-portada"],"post_mailing_queue_ids":[],"_links":{"self":[{"href":"https:\/\/agora.xtec.cat\/iessantaeugenia\/wp-json\/wp\/v2\/posts\/10415","targetHints":{"allow":["GET"]}}],"collection":[{"href":"https:\/\/agora.xtec.cat\/iessantaeugenia\/wp-json\/wp\/v2\/posts"}],"about":[{"href":"https:\/\/agora.xtec.cat\/iessantaeugenia\/wp-json\/wp\/v2\/types\/post"}],"author":[{"embeddable":true,"href":"https:\/\/agora.xtec.cat\/iessantaeugenia\/wp-json\/wp\/v2\/users\/1"}],"replies":[{"embeddable":true,"href":"https:\/\/agora.xtec.cat\/iessantaeugenia\/wp-json\/wp\/v2\/comments?post=10415"}],"version-history":[{"count":1,"href":"https:\/\/agora.xtec.cat\/iessantaeugenia\/wp-json\/wp\/v2\/posts\/10415\/revisions"}],"predecessor-version":[{"id":10419,"href":"https:\/\/agora.xtec.cat\/iessantaeugenia\/wp-json\/wp\/v2\/posts\/10415\/revisions\/10419"}],"wp:featuredmedia":[{"embeddable":true,"href":"https:\/\/agora.xtec.cat\/iessantaeugenia\/wp-json\/wp\/v2\/media\/10416"}],"wp:attachment":[{"href":"https:\/\/agora.xtec.cat\/iessantaeugenia\/wp-json\/wp\/v2\/media?parent=10415"}],"wp:term":[{"taxonomy":"category","embeddable":true,"href":"https:\/\/agora.xtec.cat\/iessantaeugenia\/wp-json\/wp\/v2\/categories?post=10415"},{"taxonomy":"post_tag","embeddable":true,"href":"https:\/\/agora.xtec.cat\/iessantaeugenia\/wp-json\/wp\/v2\/tags?post=10415"}],"curies":[{"name":"wp","href":"https:\/\/api.w.org\/{rel}","templated":true}]}}