{"id":10403,"date":"2024-02-21T12:32:49","date_gmt":"2024-02-21T11:32:49","guid":{"rendered":"https:\/\/agora.xtec.cat\/iessantaeugenia\/?p=10403"},"modified":"2024-02-21T12:34:15","modified_gmt":"2024-02-21T11:34:15","slug":"jornada-de-portes-obertes-deso","status":"publish","type":"post","link":"https:\/\/agora.xtec.cat\/iessantaeugenia\/general\/jornada-de-portes-obertes-deso\/","title":{"rendered":"Jornada de Portes Obertes d&#8217;ESO"},"content":{"rendered":"<p>El dimecres<span style=\"color: #339966;\"> <strong>6 de mar\u00e7 tindr\u00e0 lloc la Jornada de Portes Obertes d&#8217;ESO a partir de les 19h de la tarda<\/strong><\/span>.<\/p>\n<p>Totes aquelles fam\u00edlies i estudiants interessats en l&#8217;oferta formativa que oferim a l&#8217;Institut Santa Eug\u00e8nia esteu convidats a aquesta trobada on us explicarem el nostre Projecte Educatiu per l\u2019ESO i podreu constatar els valors que apliquem:<\/p>\n<ul>\n<li>Creiem en una formaci\u00f3 integral centrada en el potencial de cada noi\/a.<\/li>\n<li>Ens recolzem en el marc d\u2019uns valors compartits: respecte, toler\u00e0ncia, generositat, curiositat, creativitat, innovaci\u00f3, esfor\u00e7, disciplina, qualitat, confian\u00e7a, cohesi\u00f3 social, treball en equip, llibertat.<\/li>\n<li>Comptem amb la confian\u00e7a de les fam\u00edlies.<\/li>\n<li>El nostre professorat \u00e9s expert i est\u00e0 comprom\u00e8s amb el projecte.<\/li>\n<li>Disposem d\u2019un ampli ventall de recursos.<\/li>\n<li>Podreu con\u00e8ixer els diversos reconeixements que, al llarg dels anys, l\u2019Institut Santa Eug\u00e8nia i qui hi ha estudiat ha rebut.<\/li>\n<\/ul>\n<p>Ens resum, us transmetrem que la nostra voluntat \u00e9s que els nois i noies prenguin consci\u00e8ncia del m\u00f3n que ens envolta i puguin contribuir a millorar-lo. Som una comunitat educativa cohesionada i acollidora, compromesa en educar per contribuir a millorar el futur.<\/p>\n<p>No us ho perdeu!<\/p>\n<p>No cal inscripci\u00f3 pr\u00e8via.<span style=\"color: #339966;\"><strong> Ens trobareu al C\/Enric Marqu\u00e8s Vilalta, 3 de Girona.<\/strong><\/span><\/p>\n<p><a href=\"https:\/\/agora.xtec.cat\/iessantaeugenia\/wp-content\/uploads\/usu1801\/2024\/02\/ESO_JPO_2024_banner.png\"><img loading=\"lazy\" decoding=\"async\" class=\"alignnone size-large wp-image-10394\" src=\"https:\/\/agora.xtec.cat\/iessantaeugenia\/wp-content\/uploads\/usu1801\/2024\/02\/ESO_JPO_2024_banner-1024x712.png\" alt=\"\" width=\"1024\" height=\"712\" srcset=\"https:\/\/agora.xtec.cat\/iessantaeugenia\/wp-content\/uploads\/usu1801\/2024\/02\/ESO_JPO_2024_banner-1024x712.png 1024w, https:\/\/agora.xtec.cat\/iessantaeugenia\/wp-content\/uploads\/usu1801\/2024\/02\/ESO_JPO_2024_banner-300x209.png 300w, https:\/\/agora.xtec.cat\/iessantaeugenia\/wp-content\/uploads\/usu1801\/2024\/02\/ESO_JPO_2024_banner-768x534.png 768w, https:\/\/agora.xtec.cat\/iessantaeugenia\/wp-content\/uploads\/usu1801\/2024\/02\/ESO_JPO_2024_banner.png 1123w\" sizes=\"auto, (max-width: 1024px) 100vw, 1024px\" \/><\/a><\/p>\n","protected":false},"excerpt":{"rendered":"<p>El dimecres 6 de mar\u00e7 tindr\u00e0 lloc la Jornada de Portes Obertes d&#8217;ESO a partir de les 19h de la tarda.<br \/>\nTotes aquelles fam\u00edlies i estudiants interessats en l&#8217;oferta formativa que oferim a l&#8217;Institut Santa Eug\u00e8nia esteu convidats a aquesta trobada on us explicarem el nostre&hellip;  <a href=\"https:\/\/agora.xtec.cat\/iessantaeugenia\/general\/jornada-de-portes-obertes-deso\/\" title=\"Read Jornada de Portes Obertes d&#8217;ESO\">Llegeix m\u00e9s\u00bb<\/a><\/p>\n","protected":false},"author":1,"featured_media":10394,"comment_status":"closed","ping_status":"closed","sticky":false,"template":"","format":"standard","meta":{"_bbp_topic_count":0,"_bbp_reply_count":0,"_bbp_total_topic_count":0,"_bbp_total_reply_count":0,"_bbp_voice_count":0,"_bbp_anonymous_reply_count":0,"_bbp_topic_count_hidden":0,"_bbp_reply_count_hidden":0,"_bbp_forum_subforum_count":0,"footnotes":""},"categories":[120,1,29],"tags":[],"class_list":["post-10403","post","type-post","status-publish","format-standard","has-post-thumbnail","hentry","category-eso","category-general","category-portada"],"post_mailing_queue_ids":[],"_links":{"self":[{"href":"https:\/\/agora.xtec.cat\/iessantaeugenia\/wp-json\/wp\/v2\/posts\/10403","targetHints":{"allow":["GET"]}}],"collection":[{"href":"https:\/\/agora.xtec.cat\/iessantaeugenia\/wp-json\/wp\/v2\/posts"}],"about":[{"href":"https:\/\/agora.xtec.cat\/iessantaeugenia\/wp-json\/wp\/v2\/types\/post"}],"author":[{"embeddable":true,"href":"https:\/\/agora.xtec.cat\/iessantaeugenia\/wp-json\/wp\/v2\/users\/1"}],"replies":[{"embeddable":true,"href":"https:\/\/agora.xtec.cat\/iessantaeugenia\/wp-json\/wp\/v2\/comments?post=10403"}],"version-history":[{"count":2,"href":"https:\/\/agora.xtec.cat\/iessantaeugenia\/wp-json\/wp\/v2\/posts\/10403\/revisions"}],"predecessor-version":[{"id":10405,"href":"https:\/\/agora.xtec.cat\/iessantaeugenia\/wp-json\/wp\/v2\/posts\/10403\/revisions\/10405"}],"wp:featuredmedia":[{"embeddable":true,"href":"https:\/\/agora.xtec.cat\/iessantaeugenia\/wp-json\/wp\/v2\/media\/10394"}],"wp:attachment":[{"href":"https:\/\/agora.xtec.cat\/iessantaeugenia\/wp-json\/wp\/v2\/media?parent=10403"}],"wp:term":[{"taxonomy":"category","embeddable":true,"href":"https:\/\/agora.xtec.cat\/iessantaeugenia\/wp-json\/wp\/v2\/categories?post=10403"},{"taxonomy":"post_tag","embeddable":true,"href":"https:\/\/agora.xtec.cat\/iessantaeugenia\/wp-json\/wp\/v2\/tags?post=10403"}],"curies":[{"name":"wp","href":"https:\/\/api.w.org\/{rel}","templated":true}]}}