{"id":10390,"date":"2024-02-25T11:00:13","date_gmt":"2024-02-25T10:00:13","guid":{"rendered":"https:\/\/agora.xtec.cat\/iessantaeugenia\/?p=10390"},"modified":"2024-02-26T15:59:47","modified_gmt":"2024-02-26T14:59:47","slug":"mobilitat-erasmus-a-berlin-en-el-marc-del-projecte-ecofriends","status":"publish","type":"post","link":"https:\/\/agora.xtec.cat\/iessantaeugenia\/general\/mobilitat-erasmus-a-berlin-en-el-marc-del-projecte-ecofriends\/","title":{"rendered":"Mobilitat Erasmus+ a Berlin en el marc del projecte EcoFriends"},"content":{"rendered":"<p><a href=\"https:\/\/agora.xtec.cat\/iessantaeugenia\/wp-content\/uploads\/usu1801\/2024\/02\/erasmus.png\"><img loading=\"lazy\" decoding=\"async\" class=\"alignnone wp-image-10374\" src=\"https:\/\/agora.xtec.cat\/iessantaeugenia\/wp-content\/uploads\/usu1801\/2024\/02\/erasmus.png\" alt=\"\" width=\"301\" height=\"86\" srcset=\"https:\/\/agora.xtec.cat\/iessantaeugenia\/wp-content\/uploads\/usu1801\/2024\/02\/erasmus.png 420w, https:\/\/agora.xtec.cat\/iessantaeugenia\/wp-content\/uploads\/usu1801\/2024\/02\/erasmus-300x86.png 300w\" sizes=\"auto, (max-width: 301px) 100vw, 301px\" \/><\/a><\/p>\n<p><span style=\"color: #000000; font-family: Calibri, sans-serif;\">Enguany, sota l&#8217;acreditaci\u00f3 Erasmus+, a l&#8217;Institut Santa Eug\u00e8nia tenim planificades dues mobilitats, ambdues rec\u00edproques. Aix\u00f2 vol dir que els nostres alumnes viatjaran a dos pa\u00efsos diferents, Alemanya i Pol\u00f2nia i, posteriorment, acollirem alumnes de les escoles d&#8217;aquests dos pa\u00efsos.<\/span><\/p>\n<p><span style=\"color: #000000; font-family: Calibri, sans-serif;\">Els primers en marxar son 12 alumnes de 1r de Batxillerat. Aquest mateix 25 de febrer s&#8217;han despla\u00e7at a Berlin, on hi romandran 6 dies en cases de fam\u00edlies dels alumnes alemanys. El partner, en aquest cas, \u00e9s l&#8217;escola Carlo-Schmid. Posteriorment, els seus alumnes faran una estada a Girona del 7 al 12 d&#8217;abril.\u00a0<\/span><\/p>\n<p><span style=\"color: #000000; font-family: Calibri, sans-serif;\">La segona experi\u00e8ncia ser\u00e0 un intercanvi amb l&#8217;escola Liceum <span id=\"m_4869664398747189501m_-4582409281087186541gmail-docs-internal-guid-2757a6aa-7fff-b2bb-4cc8-b31c1a99bacf\">Og\u00f3lnokszta\u0142c\u0105ce, ubicada a Siedlce, una ciutat polonesa. De fet, <\/span><\/span><span style=\"color: #000000; font-family: Calibri, sans-serif;\"><span id=\"m_4869664398747189501m_-4582409281087186541gmail-docs-internal-guid-2757a6aa-7fff-b2bb-4cc8-b31c1a99bacf\">treballem conjuntament amb els dos centres educatius en <\/span>un projecte eTwinning, l&#8217;EcoFriends, que es va iniciar el mes de setembre i la previsi\u00f3 \u00e9s acabar-lo el mes de maig d&#8217;aquest mateix any. El tema principal del projecte EcoFriends \u00e9s la sostenibilitat, una prioritat molt connectada amb els valors del nostre institut. Gr\u00e0cies a aquestes mobilitats, alhora que treballem activament en el projecte , ens permetrant compartir diferents experi\u00e8ncies culturals.<\/span><\/p>\n<p><span style=\"color: #000000; font-family: Calibri, sans-serif;\">Ens fa molta il\u00b7lusi\u00f3 tenir aquesta experi\u00e8ncia, i l&#8217;anirem compartint amb tots vosaltres. <\/span><span style=\"color: #000000; font-family: Calibri, sans-serif;\">Podeu veure les actualitzacions a:\u00a0<\/span><a href=\"https:\/\/www.instagram.com\/erasmus_ise\/\" target=\"_blank\" rel=\"noopener\" data-saferedirecturl=\"https:\/\/www.google.com\/url?q=https:\/\/www.instagram.com\/erasmus_ise\/&amp;source=gmail&amp;ust=1708552111236000&amp;usg=AOvVaw0SgfyzOjCdAeR2leWUcy09\">https:\/\/www.instagram.com\/<wbr \/>erasmus_ise\/<\/a><\/p>\n<p><a href=\"https:\/\/agora.xtec.cat\/iessantaeugenia\/wp-content\/uploads\/usu1801\/2024\/02\/logo-ecofriends.png\"><img loading=\"lazy\" decoding=\"async\" class=\"alignnone size-full wp-image-10392\" src=\"https:\/\/agora.xtec.cat\/iessantaeugenia\/wp-content\/uploads\/usu1801\/2024\/02\/logo-ecofriends.png\" alt=\"\" width=\"480\" height=\"479\" srcset=\"https:\/\/agora.xtec.cat\/iessantaeugenia\/wp-content\/uploads\/usu1801\/2024\/02\/logo-ecofriends.png 480w, https:\/\/agora.xtec.cat\/iessantaeugenia\/wp-content\/uploads\/usu1801\/2024\/02\/logo-ecofriends-300x300.png 300w, https:\/\/agora.xtec.cat\/iessantaeugenia\/wp-content\/uploads\/usu1801\/2024\/02\/logo-ecofriends-150x150.png 150w\" sizes=\"auto, (max-width: 480px) 100vw, 480px\" \/><\/a><\/p>\n<p>&nbsp;<\/p>\n","protected":false},"excerpt":{"rendered":"<p><a href=\"https:\/\/agora.xtec.cat\/iessantaeugenia\/wp-content\/uploads\/usu1801\/2024\/02\/erasmus.png\"><\/a><br \/>\nEnguany, sota l&#8217;acreditaci\u00f3 Erasmus+, a l&#8217;Institut Santa Eug\u00e8nia tenim planificades dues mobilitats, ambdues rec\u00edproques. Aix\u00f2 vol dir que els nostres alumnes viatjaran a dos pa\u00efsos diferents, Alemanya i Pol\u00f2nia i, posteriorment, acollirem alumnes de les escoles d&#8217;aquests dos pa\u00efsos.<br \/>\nEls primers en marxar son 12&hellip;  <a href=\"https:\/\/agora.xtec.cat\/iessantaeugenia\/general\/mobilitat-erasmus-a-berlin-en-el-marc-del-projecte-ecofriends\/\" title=\"Read Mobilitat Erasmus+ a Berlin en el marc del projecte EcoFriends\">Llegeix m\u00e9s\u00bb<\/a><\/p>\n","protected":false},"author":1,"featured_media":10392,"comment_status":"closed","ping_status":"closed","sticky":false,"template":"","format":"standard","meta":{"_bbp_topic_count":0,"_bbp_reply_count":0,"_bbp_total_topic_count":0,"_bbp_total_reply_count":0,"_bbp_voice_count":0,"_bbp_anonymous_reply_count":0,"_bbp_topic_count_hidden":0,"_bbp_reply_count_hidden":0,"_bbp_forum_subforum_count":0,"footnotes":""},"categories":[8,116,117,1,29],"tags":[],"class_list":["post-10390","post","type-post","status-publish","format-standard","has-post-thumbnail","hentry","category-batxillerat","category-batx-tecnologic","category-batx-humanitats-i-ciencies","category-general","category-portada"],"post_mailing_queue_ids":[],"_links":{"self":[{"href":"https:\/\/agora.xtec.cat\/iessantaeugenia\/wp-json\/wp\/v2\/posts\/10390","targetHints":{"allow":["GET"]}}],"collection":[{"href":"https:\/\/agora.xtec.cat\/iessantaeugenia\/wp-json\/wp\/v2\/posts"}],"about":[{"href":"https:\/\/agora.xtec.cat\/iessantaeugenia\/wp-json\/wp\/v2\/types\/post"}],"author":[{"embeddable":true,"href":"https:\/\/agora.xtec.cat\/iessantaeugenia\/wp-json\/wp\/v2\/users\/1"}],"replies":[{"embeddable":true,"href":"https:\/\/agora.xtec.cat\/iessantaeugenia\/wp-json\/wp\/v2\/comments?post=10390"}],"version-history":[{"count":2,"href":"https:\/\/agora.xtec.cat\/iessantaeugenia\/wp-json\/wp\/v2\/posts\/10390\/revisions"}],"predecessor-version":[{"id":10393,"href":"https:\/\/agora.xtec.cat\/iessantaeugenia\/wp-json\/wp\/v2\/posts\/10390\/revisions\/10393"}],"wp:featuredmedia":[{"embeddable":true,"href":"https:\/\/agora.xtec.cat\/iessantaeugenia\/wp-json\/wp\/v2\/media\/10392"}],"wp:attachment":[{"href":"https:\/\/agora.xtec.cat\/iessantaeugenia\/wp-json\/wp\/v2\/media?parent=10390"}],"wp:term":[{"taxonomy":"category","embeddable":true,"href":"https:\/\/agora.xtec.cat\/iessantaeugenia\/wp-json\/wp\/v2\/categories?post=10390"},{"taxonomy":"post_tag","embeddable":true,"href":"https:\/\/agora.xtec.cat\/iessantaeugenia\/wp-json\/wp\/v2\/tags?post=10390"}],"curies":[{"name":"wp","href":"https:\/\/api.w.org\/{rel}","templated":true}]}}