{"id":10226,"date":"2023-12-14T17:08:20","date_gmt":"2023-12-14T16:08:20","guid":{"rendered":"https:\/\/agora.xtec.cat\/iessantaeugenia\/?p=10226"},"modified":"2023-12-14T17:38:42","modified_gmt":"2023-12-14T16:38:42","slug":"en-paraules-de-dolors-vilamitjana","status":"publish","type":"post","link":"https:\/\/agora.xtec.cat\/iessantaeugenia\/general\/en-paraules-de-dolors-vilamitjana\/","title":{"rendered":"En paraules de la Dolors Vilamitjana"},"content":{"rendered":"<p>A l&#8217;Institut Santa Eug\u00e8nia, com en tants d&#8217;altres del nostre territori, tenim la sort de poder gaudir de les diferents cultures i tradicions que formen part de la vida dels nostres alumnes i fam\u00edlies. S\u00f3n totes elles tan diverses com enriquidores per a la nostra comunitat educativa.<\/p>\n<p>Estirant el fil i la intenci\u00f3 de les darreres paraules, i tenint present la proximitat del Nadal, us compartim la felicitaci\u00f3 que ens ha fet arribar la professora Dolors Vilamitjana.<\/p>\n<p>&nbsp;<\/p>\n<div dir=\"auto\" style=\"text-align: center;\"><strong><em>TEMPS DE PAU<\/em><\/strong><\/div>\n<div dir=\"auto\"><\/div>\n<div dir=\"auto\" style=\"text-align: center;\"><em>Enmig de l&#8217;hivern, el Nadal il\u00b7lumina,<\/em><\/div>\n<div dir=\"auto\" style=\"text-align: center;\"><em>un temps d&#8217;esperan\u00e7a i de comuni\u00f3,<\/em><\/div>\n<div dir=\"auto\" style=\"text-align: center;\"><em>les cases s&#8217;omplen de llums i can\u00e7ons,<\/em><\/div>\n<div dir=\"auto\" style=\"text-align: center;\"><em>i l&#8217;aire \u00e9s ple de m\u00e0gia i tradici\u00f3.<\/em><\/div>\n<div dir=\"auto\"><\/div>\n<div dir=\"auto\" style=\"text-align: center;\"><em>Els carrers s&#8217;engalanen amb decoraci\u00f3,<\/em><\/div>\n<div dir=\"auto\" style=\"text-align: center;\"><em>els arbres brillen amb tota la seva gl\u00f2ria,<\/em><\/div>\n<div dir=\"auto\" style=\"text-align: center;\"><em>els nens somriuen desbordants de joia,<\/em><\/div>\n<div dir=\"auto\" style=\"text-align: center;\"><em>i les fam\u00edlies s&#8217;uneixen amb emoci\u00f3.<\/em><\/div>\n<div dir=\"auto\"><\/div>\n<div dir=\"auto\" style=\"text-align: center;\"><em>Al voltant de la taula, compartim el pa,<\/em><\/div>\n<div dir=\"auto\" style=\"text-align: center;\"><em>amb torrons, neules i dol\u00e7os per agradar,<\/em><\/div>\n<div dir=\"auto\" style=\"text-align: center;\"><em>brindem per l&#8217;amor i la felicitat.<\/em><\/div>\n<div dir=\"auto\"><\/div>\n<div dir=\"auto\" style=\"text-align: center;\"><em>El Nadal ens recorda el poder de donar,<\/em><\/div>\n<div dir=\"auto\" style=\"text-align: center;\"><em>d&#8217;estendre una m\u00e0 als que m\u00e9s ho necessiten,<\/em><\/div>\n<div dir=\"auto\" style=\"text-align: center;\"><em>i fer d&#8217;aquest m\u00f3n un lloc millor per habitar.<\/em><\/div>\n<div dir=\"auto\"><\/div>\n<div dir=\"auto\" style=\"text-align: center;\"><em>Que aquesta \u00e8poca ens porti pau i harmonia,<\/em><\/div>\n<div dir=\"auto\" style=\"text-align: center;\"><em>i ens recordi que l&#8217;amor \u00e9s la clau,<\/em><\/div>\n<div dir=\"auto\" style=\"text-align: center;\"><em>bon Nadal per a tota la fam\u00edlia,<\/em><\/div>\n<div dir=\"auto\" style=\"text-align: center;\"><em>que la m\u00e0gia ens acompanyi cada dia.<\/em><\/div>\n<p>&nbsp;<\/p>\n<p>&nbsp;<\/p>\n","protected":false},"excerpt":{"rendered":"<p>A l&#8217;Institut Santa Eug\u00e8nia, com en tants d&#8217;altres del nostre territori, tenim la sort de poder gaudir de les diferents cultures i tradicions que formen part de la vida dels nostres alumnes i fam\u00edlies. S\u00f3n totes elles tan diverses com enriquidores per a la nostra&hellip;  <a href=\"https:\/\/agora.xtec.cat\/iessantaeugenia\/general\/en-paraules-de-dolors-vilamitjana\/\" title=\"Read En paraules de la Dolors Vilamitjana\">Llegeix m\u00e9s\u00bb<\/a><\/p>\n","protected":false},"author":1,"featured_media":10228,"comment_status":"closed","ping_status":"closed","sticky":false,"template":"","format":"standard","meta":{"_bbp_topic_count":0,"_bbp_reply_count":0,"_bbp_total_topic_count":0,"_bbp_total_reply_count":0,"_bbp_voice_count":0,"_bbp_anonymous_reply_count":0,"_bbp_topic_count_hidden":0,"_bbp_reply_count_hidden":0,"_bbp_forum_subforum_count":0,"footnotes":""},"categories":[1,29],"tags":[],"class_list":["post-10226","post","type-post","status-publish","format-standard","has-post-thumbnail","hentry","category-general","category-portada"],"post_mailing_queue_ids":[],"_links":{"self":[{"href":"https:\/\/agora.xtec.cat\/iessantaeugenia\/wp-json\/wp\/v2\/posts\/10226","targetHints":{"allow":["GET"]}}],"collection":[{"href":"https:\/\/agora.xtec.cat\/iessantaeugenia\/wp-json\/wp\/v2\/posts"}],"about":[{"href":"https:\/\/agora.xtec.cat\/iessantaeugenia\/wp-json\/wp\/v2\/types\/post"}],"author":[{"embeddable":true,"href":"https:\/\/agora.xtec.cat\/iessantaeugenia\/wp-json\/wp\/v2\/users\/1"}],"replies":[{"embeddable":true,"href":"https:\/\/agora.xtec.cat\/iessantaeugenia\/wp-json\/wp\/v2\/comments?post=10226"}],"version-history":[{"count":4,"href":"https:\/\/agora.xtec.cat\/iessantaeugenia\/wp-json\/wp\/v2\/posts\/10226\/revisions"}],"predecessor-version":[{"id":10232,"href":"https:\/\/agora.xtec.cat\/iessantaeugenia\/wp-json\/wp\/v2\/posts\/10226\/revisions\/10232"}],"wp:featuredmedia":[{"embeddable":true,"href":"https:\/\/agora.xtec.cat\/iessantaeugenia\/wp-json\/wp\/v2\/media\/10228"}],"wp:attachment":[{"href":"https:\/\/agora.xtec.cat\/iessantaeugenia\/wp-json\/wp\/v2\/media?parent=10226"}],"wp:term":[{"taxonomy":"category","embeddable":true,"href":"https:\/\/agora.xtec.cat\/iessantaeugenia\/wp-json\/wp\/v2\/categories?post=10226"},{"taxonomy":"post_tag","embeddable":true,"href":"https:\/\/agora.xtec.cat\/iessantaeugenia\/wp-json\/wp\/v2\/tags?post=10226"}],"curies":[{"name":"wp","href":"https:\/\/api.w.org\/{rel}","templated":true}]}}