{"id":10211,"date":"2023-12-14T12:22:28","date_gmt":"2023-12-14T11:22:28","guid":{"rendered":"https:\/\/agora.xtec.cat\/iessantaeugenia\/?p=10211"},"modified":"2023-12-14T12:25:19","modified_gmt":"2023-12-14T11:25:19","slug":"sobre-el-temini-dinscripcio-al-programa-erasmus-fp","status":"publish","type":"post","link":"https:\/\/agora.xtec.cat\/iessantaeugenia\/general\/sobre-el-temini-dinscripcio-al-programa-erasmus-fp\/","title":{"rendered":"S&#8217;obre el temini d&#8217;inscripci\u00f3 al programa Erasmus+ FP"},"content":{"rendered":"<p>S&#8217;obre el termini per inscriure&#8217;s al proc\u00e9s de selecci\u00f3 d&#8217;alumnes de cicles formatius interessats en rebre una beca per realitzar pr\u00e0ctiques a l&#8217;estranger amb el programa Erasmus+..<\/p>\n<p>El per\u00edode per fer la inscripci\u00f3 \u00e9s del 15 al 22 de desembre, i s&#8217;ha de fer mitjan\u00e7ant aquest <a href=\"https:\/\/docs.google.com\/forms\/d\/1l-qLjK2fv2R1PZ06AMDm3gXeMGz1NIKuxqm6-0aMu_Q\/prefill\" target=\"_blank\" rel=\"noopener\">enlla\u00e7<\/a>.<\/p>\n<p><a href=\"https:\/\/agora.xtec.cat\/iessantaeugenia\/wp-content\/uploads\/usu1801\/2022\/02\/GRAFIC_ERASMUS_2501X1407.png\"><img loading=\"lazy\" decoding=\"async\" class=\"alignnone wp-image-2944\" src=\"https:\/\/agora.xtec.cat\/iessantaeugenia\/wp-content\/uploads\/usu1801\/2022\/02\/GRAFIC_ERASMUS_2501X1407-300x169.png\" alt=\"\" width=\"320\" height=\"180\" srcset=\"https:\/\/agora.xtec.cat\/iessantaeugenia\/wp-content\/uploads\/usu1801\/2022\/02\/GRAFIC_ERASMUS_2501X1407-300x169.png 300w, https:\/\/agora.xtec.cat\/iessantaeugenia\/wp-content\/uploads\/usu1801\/2022\/02\/GRAFIC_ERASMUS_2501X1407-1024x576.png 1024w, https:\/\/agora.xtec.cat\/iessantaeugenia\/wp-content\/uploads\/usu1801\/2022\/02\/GRAFIC_ERASMUS_2501X1407-768x432.png 768w, https:\/\/agora.xtec.cat\/iessantaeugenia\/wp-content\/uploads\/usu1801\/2022\/02\/GRAFIC_ERASMUS_2501X1407-1536x864.png 1536w, https:\/\/agora.xtec.cat\/iessantaeugenia\/wp-content\/uploads\/usu1801\/2022\/02\/GRAFIC_ERASMUS_2501X1407-2048x1152.png 2048w\" sizes=\"auto, (max-width: 320px) 100vw, 320px\" \/><\/a><\/p>\n","protected":false},"excerpt":{"rendered":"<p>S&#8217;obre el termini per inscriure&#8217;s al proc\u00e9s de selecci\u00f3 d&#8217;alumnes de cicles formatius interessats en rebre una beca per realitzar pr\u00e0ctiques a l&#8217;estranger amb el programa Erasmus+..<br \/>\nEl per\u00edode per fer la inscripci\u00f3 \u00e9s del 15 al 22 de desembre, i s&#8217;ha de fer mitjan\u00e7ant aquest&hellip;  <a href=\"https:\/\/agora.xtec.cat\/iessantaeugenia\/general\/sobre-el-temini-dinscripcio-al-programa-erasmus-fp\/\" title=\"Read S&#8217;obre el temini d&#8217;inscripci\u00f3 al programa Erasmus+ FP\">Llegeix m\u00e9s\u00bb<\/a><\/p>\n","protected":false},"author":1,"featured_media":4936,"comment_status":"closed","ping_status":"closed","sticky":false,"template":"","format":"standard","meta":{"_bbp_topic_count":0,"_bbp_reply_count":0,"_bbp_total_topic_count":0,"_bbp_total_reply_count":0,"_bbp_voice_count":0,"_bbp_anonymous_reply_count":0,"_bbp_topic_count_hidden":0,"_bbp_reply_count_hidden":0,"_bbp_forum_subforum_count":0,"footnotes":""},"categories":[30,1,29],"tags":[170],"class_list":["post-10211","post","type-post","status-publish","format-standard","has-post-thumbnail","hentry","category-cicles-formatius","category-general","category-portada","tag-erasmus"],"post_mailing_queue_ids":[],"_links":{"self":[{"href":"https:\/\/agora.xtec.cat\/iessantaeugenia\/wp-json\/wp\/v2\/posts\/10211","targetHints":{"allow":["GET"]}}],"collection":[{"href":"https:\/\/agora.xtec.cat\/iessantaeugenia\/wp-json\/wp\/v2\/posts"}],"about":[{"href":"https:\/\/agora.xtec.cat\/iessantaeugenia\/wp-json\/wp\/v2\/types\/post"}],"author":[{"embeddable":true,"href":"https:\/\/agora.xtec.cat\/iessantaeugenia\/wp-json\/wp\/v2\/users\/1"}],"replies":[{"embeddable":true,"href":"https:\/\/agora.xtec.cat\/iessantaeugenia\/wp-json\/wp\/v2\/comments?post=10211"}],"version-history":[{"count":2,"href":"https:\/\/agora.xtec.cat\/iessantaeugenia\/wp-json\/wp\/v2\/posts\/10211\/revisions"}],"predecessor-version":[{"id":10213,"href":"https:\/\/agora.xtec.cat\/iessantaeugenia\/wp-json\/wp\/v2\/posts\/10211\/revisions\/10213"}],"wp:featuredmedia":[{"embeddable":true,"href":"https:\/\/agora.xtec.cat\/iessantaeugenia\/wp-json\/wp\/v2\/media\/4936"}],"wp:attachment":[{"href":"https:\/\/agora.xtec.cat\/iessantaeugenia\/wp-json\/wp\/v2\/media?parent=10211"}],"wp:term":[{"taxonomy":"category","embeddable":true,"href":"https:\/\/agora.xtec.cat\/iessantaeugenia\/wp-json\/wp\/v2\/categories?post=10211"},{"taxonomy":"post_tag","embeddable":true,"href":"https:\/\/agora.xtec.cat\/iessantaeugenia\/wp-json\/wp\/v2\/tags?post=10211"}],"curies":[{"name":"wp","href":"https:\/\/api.w.org\/{rel}","templated":true}]}}